{"id":437374,"date":"2026-07-02T04:10:56","date_gmt":"2026-07-02T04:10:56","guid":{"rendered":"https:\/\/www.europesays.com\/pt\/437374\/"},"modified":"2026-07-02T04:10:56","modified_gmt":"2026-07-02T04:10:56","slug":"claudio-ramos-questiona-leandro-sobre-pedro-jorge-e-leva-resposta-imediata-ficaste-chateado-big-brother-verao-2026-ultimas-noticias-videos-e-diretos","status":"publish","type":"post","link":"https:\/\/www.europesays.com\/pt\/437374\/","title":{"rendered":"Cl\u00e1udio Ramos questiona Leandro sobre Pedro Jorge e leva resposta imediata: \u00abFicaste chateado?\u00bb &#8211; Big Brother Ver\u00e3o 2026: \u00daltimas Not\u00edcias, V\u00eddeos e Diretos"},"content":{"rendered":"<p data-end=\"626\" data-start=\"377\">A manh\u00e3 no Dois \u00e0s 10 ficou marcada por um momento de confronto direto entre Cl\u00e1udio Ramos e Leandro, que regressou em est\u00fadio depois de conquistar o 3.\u00ba lugar no Desafio Final.<\/p>\n<p data-end=\"917\" data-start=\"628\">Sem rodeios, Cl\u00e1udio Ramos questionou o cantor sobre a sua rea\u00e7\u00e3o \u00e0 vit\u00f3ria de Pedro Jorge, atirando: \u201cFicaste chateado que tenha sido o Pedro a ganhar?\u201d. A pergunta abriu espa\u00e7o para uma conversa mais emotiva sobre o percurso dentro da casa e as rela\u00e7\u00f5es constru\u00eddas ao longo do programa.<\/p>\n<p data-end=\"1157\" data-start=\"919\">Leandro acabou por falar de forma mais profunda sobre o conflito que marcou a rela\u00e7\u00e3o entre ambos concorrentes. \u201cO que \u00e9 que \u00e9 t\u00e3o grave entre ti e o Pedro Jorge?\u201d, questionou ainda o apresentador, levando o cantor a esclarecer o passado.<\/p>\n<p data-end=\"1365\" data-start=\"1159\">\u201cPedi-lhe desculpa pelo que lhe fiz sentir na primeira edi\u00e7\u00e3o\u2026 at\u00e9 hoje o Pedro n\u00e3o me pediu desculpa por nada\u201d, respondeu Leandro, sublinhando que o distanciamento entre os dois tem ra\u00edzes antigas no jogo.<\/p>\n<p data-end=\"1628\" data-start=\"1367\">O ex-concorrente explicou ainda que, na primeira edi\u00e7\u00e3o em que participou, viveu o conflito de forma mais intensa: \u201cFiquei amuado, ressentido\u2026 agora estou leve, n\u00e3o tenho pesar dentro de mim. Ambos err\u00e1mos e eu admiti os meus erros. Aprendi com os meus erros e avan\u00e7o.\u201d<\/p>\n<p data-end=\"1836\" data-is-last-node=\"\" data-is-only-node=\"\" data-start=\"1630\"><strong>Veja o momento completo:<\/strong><\/p>\n<p><strong>Veja a entrevista completa:\u00a0<\/strong><\/p>\n","protected":false},"excerpt":{"rendered":"A manh\u00e3 no Dois \u00e0s 10 ficou marcada por um momento de confronto direto entre Cl\u00e1udio Ramos e&hellip;\n","protected":false},"author":2,"featured_media":437375,"comment_status":"","ping_status":"","sticky":false,"template":"","format":"standard","meta":{"footnotes":"","_share_on_mastodon":"0"},"categories":[142],"tags":[331,48,333,328,335,336,114,115,334,332,330,12397,338,13,32,33,151,162,227],"class_list":["post-437374","post","type-post","status-publish","format-standard","has-post-thumbnail","category-tv","tag-big","tag-big-brother","tag-comentadores","tag-concorrentes","tag-confrontos","tag-discussoes","tag-entertainment","tag-entretenimento","tag-exclusivos","tag-expulso","tag-gala","tag-leandro","tag-maria-botelho-moniz","tag-noticias","tag-portugal","tag-pt","tag-tv","tag-tvi","tag-videos"],"share_on_mastodon":{"url":"https:\/\/pubeurope.com\/@pt\/116848432565247300","error":""},"_links":{"self":[{"href":"https:\/\/www.europesays.com\/pt\/wp-json\/wp\/v2\/posts\/437374","targetHints":{"allow":["GET"]}}],"collection":[{"href":"https:\/\/www.europesays.com\/pt\/wp-json\/wp\/v2\/posts"}],"about":[{"href":"https:\/\/www.europesays.com\/pt\/wp-json\/wp\/v2\/types\/post"}],"author":[{"embeddable":true,"href":"https:\/\/www.europesays.com\/pt\/wp-json\/wp\/v2\/users\/2"}],"replies":[{"embeddable":true,"href":"https:\/\/www.europesays.com\/pt\/wp-json\/wp\/v2\/comments?post=437374"}],"version-history":[{"count":0,"href":"https:\/\/www.europesays.com\/pt\/wp-json\/wp\/v2\/posts\/437374\/revisions"}],"wp:featuredmedia":[{"embeddable":true,"href":"https:\/\/www.europesays.com\/pt\/wp-json\/wp\/v2\/media\/437375"}],"wp:attachment":[{"href":"https:\/\/www.europesays.com\/pt\/wp-json\/wp\/v2\/media?parent=437374"}],"wp:term":[{"taxonomy":"category","embeddable":true,"href":"https:\/\/www.europesays.com\/pt\/wp-json\/wp\/v2\/categories?post=437374"},{"taxonomy":"post_tag","embeddable":true,"href":"https:\/\/www.europesays.com\/pt\/wp-json\/wp\/v2\/tags?post=437374"}],"curies":[{"name":"wp","href":"https:\/\/api.w.org\/{rel}","templated":true}]}}