{"id":437406,"date":"2026-07-02T05:53:22","date_gmt":"2026-07-02T05:53:22","guid":{"rendered":"https:\/\/www.europesays.com\/pt\/437406\/"},"modified":"2026-07-02T05:53:22","modified_gmt":"2026-07-02T05:53:22","slug":"polemica-no-universo-big-brother-igor-rodriguez-pondera-processo-contra-nuno-brito","status":"publish","type":"post","link":"https:\/\/www.europesays.com\/pt\/437406\/","title":{"rendered":"Pol\u00e9mica no universo &#8220;Big Brother&#8221;: Igor Rodriguez pondera processo contra Nuno Brito"},"content":{"rendered":"<p>Sem nunca mencionar o nome de <a href=\"https:\/\/selfie.iol.pt\/famosos\/big-brother-2025\/sem-meias-palavras-marcia-soares-reage-a-criticas-de-nuno-brito-o-estado-esta-grave\/20251120\/691f2f1dd34e3caad84b7f69\" rel=\"noopener noreferrer nofollow\" target=\"_blank\">Nuno Brito<\/a>, Igor Rodriguez contou, esta quarta-feira, dia 30, que est\u00e1 a ponderar mover um processo contra o ex-concorrente do &#8220;<a href=\"https:\/\/tvi.iol.pt\/bigbrother\/\" rel=\"noopener noreferrer nofollow\" target=\"_blank\">Big Brother<\/a> 2025&#8243;. Na origem desta revela\u00e7\u00e3o, est\u00e3o partilhas feitas pelo rival, no Instagram, que envolvem o madeirense.<\/p>\n<p>&#8220;Nos \u00faltimos dias, tenho sido alvo de publica\u00e7\u00f5es e montagens nas redes sociais que considero atentat\u00f3rias da minha honra, imagem e dignidade. Encontro-me a reunir todos os elementos necess\u00e1rios e a avaliar o recurso aos meios legais adequados para a defesa dos meus direitos&#8221;, afirmou Igor Rodriguez.<\/p>\n<p>A partir de agora, o ex-participante do reality show da <a href=\"https:\/\/tvi.iol.pt\/\" rel=\"noopener noreferrer nofollow\" target=\"_blank\">TVI<\/a> optar\u00e1 pelo sil\u00eancio: &#8220;Por respeito ao processo e \u00e0s entidades competentes, n\u00e3o farei mais coment\u00e1rios sobre este assunto neste momento. Agrade\u00e7o a compreens\u00e3o e o respeito de todos. Um beijinho.&#8221;<\/p>\n<p>Veja, agora, nas galerias que prepar\u00e1mos para si, as melhores imagens de Igor Rodriguez e <a href=\"https:\/\/selfie.iol.pt\/famosos\/casa-dos-segredos\/antes-de-entrar-em-secret-story-liliana-recebeu-mensagens-de-nuno-brito\/20251101\/69067962d34e3caad84acc9a\" rel=\"noopener noreferrer nofollow\" target=\"_blank\">Nuno Brito<\/a>.<\/p>\n<p style=\"text-align:center\"><img loading=\"lazy\" decoding=\"async\" alt=\"\" height=\"500\" src=\"https:\/\/www.europesays.com\/pt\/wp-content\/uploads\/2026\/07\/6a4530b6d34e28842c85d058.webp\" width=\"281\"\/><\/p>\n<p>\u00a0<\/p>\n","protected":false},"excerpt":{"rendered":"Sem nunca mencionar o nome de Nuno Brito, Igor Rodriguez contou, esta quarta-feira, dia 30, que est\u00e1 a&hellip;\n","protected":false},"author":2,"featured_media":437407,"comment_status":"","ping_status":"","sticky":false,"template":"","format":"standard","meta":{"footnotes":"","_share_on_mastodon":"0"},"categories":[142],"tags":[6308,6812,48,6810,114,115,6309,30302,980,11015,1015,619,6915,32,33,1014,1012,151,162],"class_list":["post-437406","post","type-post","status-publish","format-standard","has-post-thumbnail","category-tv","tag-bb","tag-bb2025","tag-big-brother","tag-big-brother-2025","tag-entertainment","tag-entretenimento","tag-ex-concorrente","tag-ex-concorrentes","tag-famosos","tag-igor-rodriguez","tag-instagram","tag-nacional","tag-nuno-brito","tag-portugal","tag-pt","tag-reality-show","tag-selfie","tag-tv","tag-tvi"],"share_on_mastodon":{"url":"https:\/\/pubeurope.com\/@pt\/116848834242867414","error":""},"_links":{"self":[{"href":"https:\/\/www.europesays.com\/pt\/wp-json\/wp\/v2\/posts\/437406","targetHints":{"allow":["GET"]}}],"collection":[{"href":"https:\/\/www.europesays.com\/pt\/wp-json\/wp\/v2\/posts"}],"about":[{"href":"https:\/\/www.europesays.com\/pt\/wp-json\/wp\/v2\/types\/post"}],"author":[{"embeddable":true,"href":"https:\/\/www.europesays.com\/pt\/wp-json\/wp\/v2\/users\/2"}],"replies":[{"embeddable":true,"href":"https:\/\/www.europesays.com\/pt\/wp-json\/wp\/v2\/comments?post=437406"}],"version-history":[{"count":0,"href":"https:\/\/www.europesays.com\/pt\/wp-json\/wp\/v2\/posts\/437406\/revisions"}],"wp:featuredmedia":[{"embeddable":true,"href":"https:\/\/www.europesays.com\/pt\/wp-json\/wp\/v2\/media\/437407"}],"wp:attachment":[{"href":"https:\/\/www.europesays.com\/pt\/wp-json\/wp\/v2\/media?parent=437406"}],"wp:term":[{"taxonomy":"category","embeddable":true,"href":"https:\/\/www.europesays.com\/pt\/wp-json\/wp\/v2\/categories?post=437406"},{"taxonomy":"post_tag","embeddable":true,"href":"https:\/\/www.europesays.com\/pt\/wp-json\/wp\/v2\/tags?post=437406"}],"curies":[{"name":"wp","href":"https:\/\/api.w.org\/{rel}","templated":true}]}}