{"id":437577,"date":"2026-07-02T09:36:36","date_gmt":"2026-07-02T09:36:36","guid":{"rendered":"https:\/\/www.europesays.com\/pt\/437577\/"},"modified":"2026-07-02T09:36:36","modified_gmt":"2026-07-02T09:36:36","slug":"claudio-ramos-confronta-leandro-apos-recusar-abraco-de-pedro-jorge-o-que-e-tao-grave-entre-ti-e-ele-dois-as-10","status":"publish","type":"post","link":"https:\/\/www.europesays.com\/pt\/437577\/","title":{"rendered":"Cl\u00e1udio Ramos confronta Leandro ap\u00f3s recusar abra\u00e7o de Pedro Jorge: \u00abO que \u00e9 t\u00e3o grave entre ti e ele?\u00bb &#8211; Dois \u00e0s 10"},"content":{"rendered":"<p>                             Leandro esteve esta quarta-feira, 1 de julho, no programa Dois \u00e0s 10, da TVI, onde falou sobre a rela\u00e7\u00e3o tensa que mant\u00e9m com Pedro Jorge, vencedor do Secret Story \u2013 Desafio Final.<\/p>\n<p data-end=\"281\" data-start=\"98\">Durante a conversa com Cl\u00e1udio Ramos, o ex-concorrente foi confrontado com o momento da gala final em que recusou abra\u00e7ar Pedro Jorge. O apresentador quis perceber a origem do afastamento e questionou: <strong data-end=\"524\" data-start=\"485\">\u00abO que \u00e9 t\u00e3o grave entre ti e ele?\u00bb<\/strong>.<\/p>\n<p data-end=\"655\" data-start=\"527\">Leandro explicou que o problema n\u00e3o est\u00e1 propriamente na gravidade dos acontecimentos, mas na falta de entendimento entre ambos. \u00abA gravidade passa depois pelo assumir do erro. Eu pedi desculpa ao Pedro Jorge pelo que possa ter feito sentir ap\u00f3s o meu comportamento da primeira edi\u00e7\u00e3o e por n\u00e3o o ter parabenizado pela vit\u00f3ria. O chamar de falso disse que era a minha opini\u00e3o sobre ele, mas se o magoou tamb\u00e9m pedi desculpa. At\u00e9 hoje, ele n\u00e3o pediu desculpa por nada e acha que tem raz\u00e3o em tudo\u00bb, afirmou.<\/p>\n<p data-end=\"1114\" data-start=\"1036\">Ainda assim, garantiu que n\u00e3o existe qualquer inten\u00e7\u00e3o de alimentar conflitos. \u00abVoc\u00ea pergunta-me o que \u00e9 t\u00e3o grave, n\u00e3o \u00e9 por gravidade. Eu e o Pedro n\u00e3o conseguimos ser amigos, mas conseguimos conviver e isso foi visto no programa. N\u00e3o vamos \u00e9 ser amigos e est\u00e1 tudo certo, a vida segue\u00bb, referiu.<\/p>\n<p data-end=\"1416\" data-start=\"1337\">Leandro terminou deixando uma mensagem positiva ao vencedor do Desafio Final. \u00abDesejo as maiores felicidades para ele, para a fam\u00edlia, mas n\u00e3o vamos ser amigos, porque houve quebra de rela\u00e7\u00e3o na nossa rela\u00e7\u00e3o e a amizade deteriorou-se\u00bb, concluiu.<\/p>\n","protected":false},"excerpt":{"rendered":"Leandro esteve esta quarta-feira, 1 de julho, no programa Dois \u00e0s 10, da TVI, onde falou sobre a&hellip;\n","protected":false},"author":2,"featured_media":437578,"comment_status":"","ping_status":"","sticky":false,"template":"","format":"standard","meta":{"footnotes":"","_share_on_mastodon":"0"},"categories":[85],"tags":[329,166,15383,3412,3406,3409,801,3410,3411,3407,3408,114,115,12397,3413,338,21416,32,33,1315],"class_list":["post-437577","post","type-post","status-publish","format-standard","has-post-thumbnail","category-entretenimento","tag-claudio-ramos","tag-cristina-ferreira","tag-desafio-final","tag-dois-10","tag-dois-a-s-10-dois-a-s-10","tag-dois-a-s-dez","tag-dois-as-10","tag-dois-as-dez","tag-dois-dez","tag-doisas10","tag-doisasdez","tag-entertainment","tag-entretenimento","tag-leandro","tag-manha-tvi","tag-maria-botelho-moniz","tag-pedro-jorge","tag-portugal","tag-pt","tag-secret-story"],"share_on_mastodon":{"url":"https:\/\/pubeurope.com\/@pt\/116849710548455061","error":""},"_links":{"self":[{"href":"https:\/\/www.europesays.com\/pt\/wp-json\/wp\/v2\/posts\/437577","targetHints":{"allow":["GET"]}}],"collection":[{"href":"https:\/\/www.europesays.com\/pt\/wp-json\/wp\/v2\/posts"}],"about":[{"href":"https:\/\/www.europesays.com\/pt\/wp-json\/wp\/v2\/types\/post"}],"author":[{"embeddable":true,"href":"https:\/\/www.europesays.com\/pt\/wp-json\/wp\/v2\/users\/2"}],"replies":[{"embeddable":true,"href":"https:\/\/www.europesays.com\/pt\/wp-json\/wp\/v2\/comments?post=437577"}],"version-history":[{"count":0,"href":"https:\/\/www.europesays.com\/pt\/wp-json\/wp\/v2\/posts\/437577\/revisions"}],"wp:featuredmedia":[{"embeddable":true,"href":"https:\/\/www.europesays.com\/pt\/wp-json\/wp\/v2\/media\/437578"}],"wp:attachment":[{"href":"https:\/\/www.europesays.com\/pt\/wp-json\/wp\/v2\/media?parent=437577"}],"wp:term":[{"taxonomy":"category","embeddable":true,"href":"https:\/\/www.europesays.com\/pt\/wp-json\/wp\/v2\/categories?post=437577"},{"taxonomy":"post_tag","embeddable":true,"href":"https:\/\/www.europesays.com\/pt\/wp-json\/wp\/v2\/tags?post=437577"}],"curies":[{"name":"wp","href":"https:\/\/api.w.org\/{rel}","templated":true}]}}