{"id":437589,"date":"2026-07-02T09:46:54","date_gmt":"2026-07-02T09:46:54","guid":{"rendered":"https:\/\/www.europesays.com\/pt\/437589\/"},"modified":"2026-07-02T09:46:54","modified_gmt":"2026-07-02T09:46:54","slug":"a-unica-razao-que-deixa-steve-harris-feliz-com-iron-maiden-entrando-no-rock-hall","status":"publish","type":"post","link":"https:\/\/www.europesays.com\/pt\/437589\/","title":{"rendered":"A \u00fanica raz\u00e3o que deixa Steve Harris feliz com Iron Maiden entrando no Rock Hall"},"content":{"rendered":"\n<p class=\"wp-block-paragraph\">Desde 2005, o <strong><a href=\"https:\/\/igormiranda.com.br\/tag\/iron-maiden\/\" target=\"_blank\" rel=\"noreferrer noopener nofollow\">Iron Maiden<\/a><\/strong> est\u00e1 eleg\u00edvel para integrar o <strong>Rock and Roll Hall of Fame<\/strong>. Indicado anteriormente em 2021 e 2023, o grupo conquistou a entrada na institui\u00e7\u00e3o somente neste ano, em sua terceira nomea\u00e7\u00e3o, ap\u00f3s uma s\u00e9rie de apelos p\u00fablicos dos f\u00e3s e de nomes como <strong>Alice Cooper<\/strong>, <strong>Paul Stanley<\/strong> e <strong>Tom Morello<\/strong>.<\/p>\n<p class=\"wp-block-paragraph\">Apesar de tal cen\u00e1rio, <strong>Bruce Dickinson<\/strong> garantiu em mais de uma ocasi\u00e3o que n\u00e3o se importava em fazer parte da organiza\u00e7\u00e3o. Por sua vez, <strong><a href=\"https:\/\/igormiranda.com.br\/tag\/steve-harris\/\" target=\"_blank\" rel=\"noreferrer noopener nofollow\">Steve Harris<\/a><\/strong> tamb\u00e9m destacou n\u00e3o ligar para a honraria.\u00a0<\/p>\n<p>&#8211; Advertisement &#8211;<\/p>\n<p class=\"wp-block-paragraph\">\u00c0<a href=\"https:\/\/www.loudersound.com\/news\/steve-harris-iron-maiden-rock-hall-of-fame-opinion\" target=\"_blank\" rel=\"noreferrer noopener nofollow\"> Metal Hammer<\/a> em 2023, o baixista explicou que a banda \u201cnunca fez m\u00fasica para entrar em algum Hall of Fame\u201d. Al\u00e9m disso, pontuou que \u201cse fosse algo decidido pelo voto dos f\u00e3s, at\u00e9 faria sentido, mas do jeito que funciona, n\u00e3o importa quantos f\u00e3s votem, isso conta apenas como um \u00fanico voto, ent\u00e3o n\u00e3o representa muita coisa\u201d.<\/p>\n<p class=\"wp-block-paragraph\">Atualmente, o m\u00fasico at\u00e9 mant\u00e9m a mesma opini\u00e3o, mas confessou sentir certa felicidade em integrar a institui\u00e7\u00e3o depois de tanto tempo. Durante nova entrevista ao mesmo ve\u00edculo, transcrita pelo site <a href=\"https:\/\/guitar.com\/news\/music-news\/iron-maiden-steve-harris-rock-hall-induction\/\" target=\"_blank\" rel=\"noreferrer noopener nofollow\">Guitar.com<\/a>, o l\u00edder explicou o motivo.<\/p>\n<p class=\"wp-block-paragraph\">Ao mencionar o t\u00f3pico, Harris trouxe o fato de que especificamente Bruce \u201ctem opini\u00f5es bem fortes\u201d sobre o Rock and Roll Hall of Fame. Tal ponto de vista, por\u00e9m, n\u00e3o vale necessariamente para todos os membros.\u00a0<\/p>\n<p class=\"wp-block-paragraph\">\u201cHouve apenas coment\u00e1rios espor\u00e1dicos de alguns integrantes da banda sobre [entrarmos para o Hall of Fame]. O Bruce tem opini\u00f5es bem fortes sobre isso, e esse \u00e9 o ponto de vista dele. [O fato de ter demorado] nunca me incomodou, porque pr\u00eamios n\u00e3o s\u00e3o a raz\u00e3o pela qual fazemos isso.\u201d\u00a0<\/p>\n<p class=\"wp-block-paragraph\">Apesar da falta de inc\u00f4modo quanto \u00e0 demora, o baixista revelou o al\u00edvio porque, agora, \u201cos americanos v\u00e3o parar de insistir nesse assunto\u201d. Ele concluiu:<\/p>\n<p class=\"wp-block-paragraph\">\u201cMas, de um jeito estranho, fico feliz que tenha acontecido, porque agora os americanos v\u00e3o parar de insistir nesse assunto. Para mim, se oferecem alguma coisa, voc\u00ea diz: \u2018muito obrigado\u2019. Mas perdi o sono por receber ou deixar de receber essa homenagem? N\u00e3o.\u201d<\/p>\n<p> Iron Maiden e a cerim\u00f4nia do Rock and Roll Hall of Fame <\/p>\n<p class=\"wp-block-paragraph\">O Iron Maiden n\u00e3o comparecer\u00e1 \u00e0 cerim\u00f4nia de entrada no Rock and Roll Hall of Fame, marcada para o dia 14 de novembro, no Peacock Theater, em Los Angeles, nos Estados Unidos. Segundo Rod Smallwood, empres\u00e1rio da banda, o motivo n\u00e3o envolve as cr\u00edticas dos m\u00fasicos \u00e0 honraria: a data do evento coincidir\u00e1 com a passagem da turn\u00ea \u201cRun for Your Lives\u201d pela Austr\u00e1lia, o que impedir\u00e1 que compare\u00e7am.<\/p>\n<p class=\"wp-block-paragraph\">Al\u00e9m de Steve Harris, Bruce Dickinson, Janick Gers, Dave Murray e Adrian Smith, ex-membros tamb\u00e9m ganhar\u00e3o a homenagem. \u00c9 o caso do baterista aposentado Nicko McBrain, do saudoso cantor Paul Di\u2019Anno, do falecido baterista Clive Burr e dos vocalistas Dennis Wilcock e Blaze Bayley.<\/p>\n<p class=\"wp-block-paragraph\">Ao menos, j\u00e1 sabe-se que Bayley considera ir \u00e0 cerim\u00f4nia. Em entrevista ao\u00a0<a href=\"https:\/\/www.youtube.com\/@sportzwireradio6579\" target=\"_blank\" rel=\"noreferrer noopener nofollow\">podcast Denim and Leather<\/a>, o artista, parte da forma\u00e7\u00e3o entre 1994 e 1999, revelou que est\u00e1 organizando a agenda para tentar viabilizar a ideia, por\u00e9m ainda n\u00e3o tem certeza se conseguir\u00e1.\u00a0<\/p>\n<p class=\"wp-block-paragraph\">Conforme transcri\u00e7\u00e3o do\u00a0<a href=\"https:\/\/blabbermouth.net\/news\/blaze-bayley-is-trying-to-work-it-out-so-he-can-attend-iron-maidens-rock-and-roll-hall-of-fame-induction-ceremony\" target=\"_blank\" rel=\"noreferrer noopener nofollow\">Blabbermouth<\/a>, ele disse:<\/p>\n<p class=\"wp-block-paragraph\">\u201cO Maiden j\u00e1 tinha uma turn\u00ea agendada [para o per\u00edodo em que acontecer\u00e1 a cerim\u00f4nia do Rock and Roll Hall of Fame]. No momento, tenho alguns dias livres [em novembro]. Ent\u00e3o estou tentando organizar tudo para estar l\u00e1 na cerim\u00f4nia. Mas ainda n\u00e3o sei.\u201d<\/p>\n<p class=\"wp-block-paragraph\"><strong>Clique<\/strong> para seguir IgorMiranda.com.br no: <a href=\"https:\/\/instagram.com\/igormirandasite\" target=\"_blank\" rel=\"noreferrer noopener nofollow\">Instagram<\/a> | <a href=\"https:\/\/bsky.app\/profile\/igormirandasite.bsky.social\" target=\"_blank\" rel=\"noreferrer noopener nofollow\">Bluesky<\/a> | <a href=\"https:\/\/twitter.com\/igormirandasite\" target=\"_blank\" rel=\"noreferrer noopener nofollow\">Twitter<\/a> | <a href=\"https:\/\/tiktok.com\/@igormirandasite\" target=\"_blank\" rel=\"noreferrer noopener nofollow\">TikTok<\/a> | <a href=\"https:\/\/facebook.com\/igormirandasite\" target=\"_blank\" rel=\"noreferrer noopener nofollow\">Facebook<\/a> | <a href=\"https:\/\/www.youtube.com\/igormirandasite\" target=\"_blank\" rel=\"noreferrer noopener nofollow\">YouTube<\/a> | <a href=\"https:\/\/www.threads.net\/@igormirandasite\" target=\"_blank\" rel=\"noreferrer noopener nofollow\">Threads<\/a>.<\/p>\n<p> <script async src=\"https:\/\/platform.twitter.com\/widgets.js\" charset=\"utf-8\"><\/script><script async src=\"\/\/www.instagram.com\/embed.js\"><\/script><script async src=\"\/\/www.tiktok.com\/embed.js\"><\/script><\/p>\n","protected":false},"excerpt":{"rendered":"Desde 2005, o Iron Maiden est\u00e1 eleg\u00edvel para integrar o Rock and Roll Hall of Fame. Indicado anteriormente&hellip;\n","protected":false},"author":2,"featured_media":437590,"comment_status":"","ping_status":"","sticky":false,"template":"","format":"standard","meta":{"footnotes":"","_share_on_mastodon":"0"},"categories":[141],"tags":[114,115,3543,149,150,32,33,9876],"class_list":["post-437589","post","type-post","status-publish","format-standard","has-post-thumbnail","category-musica","tag-entertainment","tag-entretenimento","tag-iron-maiden","tag-music","tag-musica","tag-portugal","tag-pt","tag-steve-harris"],"share_on_mastodon":{"url":"https:\/\/pubeurope.com\/@pt\/116849753735372365","error":""},"_links":{"self":[{"href":"https:\/\/www.europesays.com\/pt\/wp-json\/wp\/v2\/posts\/437589","targetHints":{"allow":["GET"]}}],"collection":[{"href":"https:\/\/www.europesays.com\/pt\/wp-json\/wp\/v2\/posts"}],"about":[{"href":"https:\/\/www.europesays.com\/pt\/wp-json\/wp\/v2\/types\/post"}],"author":[{"embeddable":true,"href":"https:\/\/www.europesays.com\/pt\/wp-json\/wp\/v2\/users\/2"}],"replies":[{"embeddable":true,"href":"https:\/\/www.europesays.com\/pt\/wp-json\/wp\/v2\/comments?post=437589"}],"version-history":[{"count":0,"href":"https:\/\/www.europesays.com\/pt\/wp-json\/wp\/v2\/posts\/437589\/revisions"}],"wp:featuredmedia":[{"embeddable":true,"href":"https:\/\/www.europesays.com\/pt\/wp-json\/wp\/v2\/media\/437590"}],"wp:attachment":[{"href":"https:\/\/www.europesays.com\/pt\/wp-json\/wp\/v2\/media?parent=437589"}],"wp:term":[{"taxonomy":"category","embeddable":true,"href":"https:\/\/www.europesays.com\/pt\/wp-json\/wp\/v2\/categories?post=437589"},{"taxonomy":"post_tag","embeddable":true,"href":"https:\/\/www.europesays.com\/pt\/wp-json\/wp\/v2\/tags?post=437589"}],"curies":[{"name":"wp","href":"https:\/\/api.w.org\/{rel}","templated":true}]}}