{"id":437601,"date":"2026-07-02T09:59:16","date_gmt":"2026-07-02T09:59:16","guid":{"rendered":"https:\/\/www.europesays.com\/pt\/437601\/"},"modified":"2026-07-02T09:59:16","modified_gmt":"2026-07-02T09:59:16","slug":"secret-story-dylan-fonte-e-ines-gama-anunciam-crescimento-da-familia-temos-uma-novidade","status":"publish","type":"post","link":"https:\/\/www.europesays.com\/pt\/437601\/","title":{"rendered":"Secret Story &#8211; Dylan Fonte e In\u00eas Gama anunciam crescimento da fam\u00edlia: &#8220;Temos uma novidade&#8230;&#8221;"},"content":{"rendered":"<p>O amor de <strong>Dylan Fonte e In\u00eas Gama <\/strong>continua de pedra e cal e o casal <a href=\"https:\/\/www.novagente.pt\/dylan-fonte-oferece-prenda-de-luxo-ines-gama-deixa-em-completo-choque-andou-esconder\" rel=\"nofollow noopener\" target=\"_blank\">acaba de dar um passo<\/a> muito especial na vida a dois. Os antigos participantes do &#8216;Secret Story 9&#8217;, que j\u00e1 partilham o mesmo teto em Viana do Castelo e est\u00e3o noivos, recorreram \u00e0s redes sociais para partilhar uma novidade emocionante com os seus seguidores: a chegada de um novo membro de quatro patas \u00e0 fam\u00edlia.<\/p>\n<p>&#8220;A coisa mais fofa que v\u00e3o ver hoje&#8221;<\/p>\n<p>Atrav\u00e9s de uma publica\u00e7\u00e3o conjunta no Instagram, os ex-concorrentes do reality show da TVI deram a not\u00edcia atrav\u00e9s de um v\u00eddeo, mostrando as primeiras imagens do pequeno patudo: \u201cTemos uma novidade para voc\u00eas, a nossa fam\u00edlia cresceu. O primeiro membro beb\u00e9 da nossa fam\u00edlia\u201d<\/p>\n<p>Na legenda que acompanhou o registo em v\u00eddeo, o casal escreveu: \u201cApresentamos o Belae, a coisa mais fofa que v\u00e3o ver hoje\u201d<br \/>\u00a0<\/p>\n<blockquote class=\"instagram-media\" data-instgrm-captioned=\"\" data-instgrm-permalink=\"https:\/\/www.instagram.com\/reel\/DaQweVnCs9F\/?utm_source=ig_embed&amp;utm_campaign=loading\" data-instgrm-version=\"14\" style=\" background:#FFF; border:0; border-radius:3px; box-shadow:0 0 1px 0 rgba(0,0,0,0.5),0 1px 10px 0 rgba(0,0,0,0.15); margin: 1px; max-width:540px; min-width:326px; padding:0; width:99.375%; width:-webkit-calc(100% - 2px); width:calc(100% - 2px);\"><\/blockquote>\n<p>\u00a0<\/p>\n<p>Texto: Tiago Miguel Sim\u00f5es; Fotos: Impala\u00a0<\/p>\n<p>\u00a0<\/p>\n<p>\u00a0<\/p>\n<p class=\"intagram-text\">Siga a Nova Gente no Instagram<\/p>\n<p>                        <a href=\"https:\/\/www.instagram.com\/revistanovagente\/\" target=\"_blank\" aria-label=\"instagram\" rel=\"noopener nofollow\"><img decoding=\"async\" style=\"display: block; margin-left: auto; margin-right: auto; width: 250px; height: 83px;\" src=\"https:\/\/www.europesays.com\/pt\/wp-content\/uploads\/2026\/07\/1782986356_601_Instagram_NG.png\" alt=\"instagram\"\/><\/a><br \/>\n                    <script async src=\"\/\/www.instagram.com\/embed.js\"><\/script><\/p>\n","protected":false},"excerpt":{"rendered":"O amor de Dylan Fonte e In\u00eas Gama continua de pedra e cal e o casal acaba de&hellip;\n","protected":false},"author":2,"featured_media":437602,"comment_status":"","ping_status":"","sticky":false,"template":"","format":"standard","meta":{"footnotes":"","_share_on_mastodon":"0"},"categories":[142],"tags":[19105,114,115,25393,32,33,1315,151],"class_list":["post-437601","post","type-post","status-publish","format-standard","has-post-thumbnail","category-tv","tag-dylan","tag-entertainment","tag-entretenimento","tag-ines-gama","tag-portugal","tag-pt","tag-secret-story","tag-tv"],"share_on_mastodon":{"url":"https:\/\/pubeurope.com\/@pt\/116849801475873621","error":""},"_links":{"self":[{"href":"https:\/\/www.europesays.com\/pt\/wp-json\/wp\/v2\/posts\/437601","targetHints":{"allow":["GET"]}}],"collection":[{"href":"https:\/\/www.europesays.com\/pt\/wp-json\/wp\/v2\/posts"}],"about":[{"href":"https:\/\/www.europesays.com\/pt\/wp-json\/wp\/v2\/types\/post"}],"author":[{"embeddable":true,"href":"https:\/\/www.europesays.com\/pt\/wp-json\/wp\/v2\/users\/2"}],"replies":[{"embeddable":true,"href":"https:\/\/www.europesays.com\/pt\/wp-json\/wp\/v2\/comments?post=437601"}],"version-history":[{"count":0,"href":"https:\/\/www.europesays.com\/pt\/wp-json\/wp\/v2\/posts\/437601\/revisions"}],"wp:featuredmedia":[{"embeddable":true,"href":"https:\/\/www.europesays.com\/pt\/wp-json\/wp\/v2\/media\/437602"}],"wp:attachment":[{"href":"https:\/\/www.europesays.com\/pt\/wp-json\/wp\/v2\/media?parent=437601"}],"wp:term":[{"taxonomy":"category","embeddable":true,"href":"https:\/\/www.europesays.com\/pt\/wp-json\/wp\/v2\/categories?post=437601"},{"taxonomy":"post_tag","embeddable":true,"href":"https:\/\/www.europesays.com\/pt\/wp-json\/wp\/v2\/tags?post=437601"}],"curies":[{"name":"wp","href":"https:\/\/api.w.org\/{rel}","templated":true}]}}