{"id":437745,"date":"2026-07-02T12:41:12","date_gmt":"2026-07-02T12:41:12","guid":{"rendered":"https:\/\/www.europesays.com\/pt\/437745\/"},"modified":"2026-07-02T12:41:12","modified_gmt":"2026-07-02T12:41:12","slug":"francisco-monteiro-quebra-o-silencio-sobre-nova-namorada-sinto-me-completo","status":"publish","type":"post","link":"https:\/\/www.europesays.com\/pt\/437745\/","title":{"rendered":"Francisco Monteiro quebra o sil\u00eancio sobre nova namorada: &#8220;Sinto-me completo&#8221;"},"content":{"rendered":"<p>Em declara\u00e7\u00f5es \u00e0 TV Guia, Francisco Monteiro quebrou o sil\u00eancio sobre <a href=\"https:\/\/selfie.iol.pt\/famosos\/big-brother\/francisco-monteiro-revelado-rosto-da-nova-namorada\/20260629\/6a429b20d34edcee7c65d6c3\" target=\"_blank\" rel=\"nofollow noopener\">a nova namorada,\u00a0Andrea Pestana<\/a>, sem nunca referir o nome da amada.<\/p>\n<p>&#8220;N\u00e3o foi [amor \u00e0 primeira vista], mas ela \u00e9 uma mulher incr\u00edvel e muito trabalhadora&#8221;, come\u00e7ou por dizer, preferindo n\u00e3o adiantar mais detalhes &#8220;para n\u00e3o atrair coisas indesejadas&#8221;.<\/p>\n<p>Zaza, como \u00e9 carinhosamente tratado, assegurou, ainda, sentir-se &#8220;completo&#8221;, at\u00e9 porque, como defende,\u00a0&#8220;uma vida sem amor n\u00e3o \u00e9 uma vida&#8221;. &#8220;Ia sobrevivendo. Admiro quem consegue viver sozinho, mas n\u00e3o \u00e9 o meu caso&#8221;, afian\u00e7ou, ainda.<\/p>\n","protected":false},"excerpt":{"rendered":"Em declara\u00e7\u00f5es \u00e0 TV Guia, Francisco Monteiro quebrou o sil\u00eancio sobre a nova namorada,\u00a0Andrea Pestana, sem nunca referir&hellip;\n","protected":false},"author":2,"featured_media":430818,"comment_status":"","ping_status":"","sticky":false,"template":"","format":"standard","meta":{"footnotes":"","_share_on_mastodon":"0"},"categories":[145],"tags":[70419,48,211,210,114,115,980,2071,619,8115,32,33,1014,1315,1012,162,12181],"class_list":["post-437745","post","type-post","status-publish","format-standard","has-post-thumbnail","category-celebridades","tag-andrea-pestana","tag-big-brother","tag-celebridades","tag-celebrities","tag-entertainment","tag-entretenimento","tag-famosos","tag-francisco-monteiro","tag-nacional","tag-namorada","tag-portugal","tag-pt","tag-reality-show","tag-secret-story","tag-selfie","tag-tvi","tag-zaza"],"share_on_mastodon":{"url":"https:\/\/pubeurope.com\/@pt\/116850438001750173","error":""},"_links":{"self":[{"href":"https:\/\/www.europesays.com\/pt\/wp-json\/wp\/v2\/posts\/437745","targetHints":{"allow":["GET"]}}],"collection":[{"href":"https:\/\/www.europesays.com\/pt\/wp-json\/wp\/v2\/posts"}],"about":[{"href":"https:\/\/www.europesays.com\/pt\/wp-json\/wp\/v2\/types\/post"}],"author":[{"embeddable":true,"href":"https:\/\/www.europesays.com\/pt\/wp-json\/wp\/v2\/users\/2"}],"replies":[{"embeddable":true,"href":"https:\/\/www.europesays.com\/pt\/wp-json\/wp\/v2\/comments?post=437745"}],"version-history":[{"count":0,"href":"https:\/\/www.europesays.com\/pt\/wp-json\/wp\/v2\/posts\/437745\/revisions"}],"wp:featuredmedia":[{"embeddable":true,"href":"https:\/\/www.europesays.com\/pt\/wp-json\/wp\/v2\/media\/430818"}],"wp:attachment":[{"href":"https:\/\/www.europesays.com\/pt\/wp-json\/wp\/v2\/media?parent=437745"}],"wp:term":[{"taxonomy":"category","embeddable":true,"href":"https:\/\/www.europesays.com\/pt\/wp-json\/wp\/v2\/categories?post=437745"},{"taxonomy":"post_tag","embeddable":true,"href":"https:\/\/www.europesays.com\/pt\/wp-json\/wp\/v2\/tags?post=437745"}],"curies":[{"name":"wp","href":"https:\/\/api.w.org\/{rel}","templated":true}]}}