{"id":437769,"date":"2026-07-02T13:04:09","date_gmt":"2026-07-02T13:04:09","guid":{"rendered":"https:\/\/www.europesays.com\/pt\/437769\/"},"modified":"2026-07-02T13:04:09","modified_gmt":"2026-07-02T13:04:09","slug":"sangramento-nasal-no-inverno-tempo-seco-aumenta-os-casos","status":"publish","type":"post","link":"https:\/\/www.europesays.com\/pt\/437769\/","title":{"rendered":"Sangramento nasal no inverno: tempo seco aumenta os casos"},"content":{"rendered":"<p>  <img class=\"content-first-image wp-image-2939411 size-large\" loading=\"eager\" decoding=\"sync\" fetchpriority=\"high\" src=\"https:\/\/www.europesays.com\/pt\/wp-content\/uploads\/2026\/07\/sangramento-nasal-no-inverno-por-que-o-tempo-seco-aumenta-os-casos-e-quais-os-riscos-1-1300x726.jpeg\" alt=\"Pessoa sofrendo com o sangramento nasal no inverno\" width=\"1286\" height=\"718\"  \/>O nariz funciona como um sistema de climatiza\u00e7\u00e3o natural, mas no inverno ele muitas vezes trabalha al\u00e9m de seu limite biol\u00f3gicoFoto: Imagem gerada por IA\/ND Mais<\/p>\n<p>Com a chegada das baixas temperaturas, \u00e9 comum observarmos um aumento de quadros cl\u00ednicos que afetam as vias a\u00e9reas superiores. O<a href=\"https:\/\/ndmais.com.br\/video\/inverno-sinonimo-de-alergias-e-doencas-de-pele-e-respiratorias\/\" rel=\"nofollow noopener\" target=\"_blank\"> inverno, sin\u00f4nimo de alergias e doen\u00e7as de pele e respirat\u00f3rias,<\/a> imp\u00f5e ao corpo humano o desafio de lidar n\u00e3o apenas com o frio, mas principalmente com a redu\u00e7\u00e3o dr\u00e1stica da umidade do ar.<\/p>\n<p>Entre as queixas mais recorrentes nos consult\u00f3rios de otorrinolaringologia neste per\u00edodo est\u00e1 a epistaxe, o termo m\u00e9dico para o sangramento nasal no inverno. <strong>Embora o fen\u00f4meno costume ser benigno, a compreens\u00e3o de suas causas e riscos \u00e9 fundamental para evitar complica\u00e7\u00f5es<\/strong>.<\/p>\n<p>Por que o nariz sangra mais no inverno?<img class=\"size-large wp-image-2939413\" loading=\"lazy\" decoding=\"async\" src=\"https:\/\/www.europesays.com\/pt\/wp-content\/uploads\/2026\/07\/sangramento-nasal-no-inverno-por-que-o-tempo-seco-aumenta-os-casos-e-quais-os-riscos-1-1300x731.jpg\" alt=\"O ar seco do inverno n\u00e3o apenas resseca a pele, ele fragiliza os vasos mais sens\u00edveis do nosso corpoFoto: Centralx\/ND Mais\" width=\"1286\" height=\"723\"  \/>O ar seco do inverno n\u00e3o apenas resseca a pele, ele fragiliza os vasos mais sens\u00edveis do nosso corpoFoto: Centralx\/ND Mais<\/p>\n<p>Muita gente acredita que o nariz sangra por causa do frio intenso, mas a ci\u00eancia explica que o verdadeiro vil\u00e3o, na verdade, \u00e9 a baixa umidade. De acordo com a Cleveland Clinic, o <strong>interior do nosso nariz \u00e9 revestido por uma rede de vasos sangu\u00edneos extremamente delicados e superficiais<\/strong>.<\/p>\n<p><a class=\"cta-discover d-flex justify-content-between align-items-center w-100\" target=\"_blank\" rel=\"nofollow noopner noopener\" href=\"https:\/\/profile.google.com\/cp\/Cg0vZy8xMXZ5cjY4NHho\">   Fa\u00e7a como milh\u00f5es de leitores informados: siga o ND Mais no Google.  Seguir<\/a> <\/p>\n<p>A fun\u00e7\u00e3o deles \u00e9 vital, pois esses vasos aquecem e umidificam o ar antes que ele chegue aos pulm\u00f5es. Por\u00e9m, quando o ar est\u00e1 muito seco, essa mucosa perde sua prote\u00e7\u00e3o natural, criando pequenas fissuras. \u00c9 nesse momento que os vasos ficam expostos e \u201cquebram\u201d com qualquer est\u00edmulo bobo, como co\u00e7ar o nariz ou assoar com um pouco mais de for\u00e7a.<\/p>\n<p>Para entender a fundo essa fragilidade, vale a pena <a href=\"https:\/\/ndmais.com.br\/saude\/saiba-mais-sobre-as-causas-e-tratamentos-do-sangramento-nasal\/\" rel=\"nofollow noopener\" target=\"_blank\">conhecer mais sobre as causas e tratamentos do sangramento nasal<\/a> e como identificar cada tipo de ocorr\u00eancia.<\/p>\n<p>O c\u00e1lculo do risco<img class=\"size-large wp-image-2939414\" loading=\"lazy\" decoding=\"async\" src=\"https:\/\/www.europesays.com\/pt\/wp-content\/uploads\/2026\/07\/sangramento-nasal-no-inverno-por-que-o-tempo-seco-aumenta-os-casos-e-quais-os-riscos-2-1300x867.jpg\" alt=\"Um estudo de dez anos revelou uma conex\u00e3o matem\u00e1tica direta entre a secura do clima e os sangramentos repentinosFoto: Magnific\/ND Mais\" width=\"1286\" height=\"858\"  \/>Um estudo de dez anos revelou uma conex\u00e3o matem\u00e1tica direta entre a secura do clima e os sangramentos repentinosFoto: Magnific\/ND Mais<\/p>\n<p>A rela\u00e7\u00e3o entre o clima e o seu nariz n\u00e3o \u00e9 apenas uma \u201csensa\u00e7\u00e3o\u201d. Um<a href=\"https:\/\/pmc.ncbi.nlm.nih.gov\/articles\/PMC10092054\/\" target=\"_blank\" rel=\"noopener nofollow\"> estudo publicado na revista cient\u00edfica Cureus<\/a>, que analisou mais de 4.100 casos ao longo de uma d\u00e9cada, trouxe um dado impressionante, cada 1% de queda na umidade do ar aumenta as chances de sangramento.<\/p>\n<p>Os pesquisadores notaram que, <strong>quando a umidade sobe apenas 10%, o n\u00famero de pessoas com o nariz sangrando cai na mesma propor\u00e7\u00e3o<\/strong>. Isso prova que o\u00a0sangramento nasal no inverno\u00a0\u00e9 uma resposta direta ao ambiente em que vivemos, principalmente em cidades que sofrem com o tempo seco e o uso constante de aquecedores, que \u201croubam\u201d a umidade dos ambientes fechados.<\/p>\n<p>Quem s\u00e3o os mais vulner\u00e1veis e como se proteger?<img class=\"size-large wp-image-2939419\" loading=\"lazy\" decoding=\"async\" src=\"https:\/\/www.europesays.com\/pt\/wp-content\/uploads\/2026\/07\/sangramento-nasal-no-inverno-por-que-o-tempo-seco-aumenta-os-casos-e-quais-os-riscos-4-1300x867.jpg\" alt=\"Crian\u00e7as e idosos s\u00e3o os primeiros a sentir o impacto da baixa umidade nas vias a\u00e9reasFoto: Magnific\/ND Mais\" width=\"1286\" height=\"858\"  \/>Crian\u00e7as e idosos s\u00e3o os primeiros a sentir o impacto da baixa umidade nas vias a\u00e9reasFoto: Magnific\/ND Mais<\/p>\n<p>Especialistas da\u00a0Mayo Clinic\u00a0alertam que <strong>crian\u00e7as e idosos est\u00e3o no topo da lista de risco<\/strong>, mas quem sofre com rinite ou desvio de septo tamb\u00e9m entra na zona de perigo. A boa not\u00edcia \u00e9 que a preven\u00e7\u00e3o \u00e9 mais simples do que parece.<\/p>\n<p>A\u00a0<a href=\"https:\/\/ndmais.com.br\/video\/alergista-jane-da-silva-alerta-para-os-cuidados-basicos-que-garantem-a-saude-no-inverno\/\" rel=\"nofollow noopener\" target=\"_blank\">alergista Jane da Silva alerta para os cuidados b\u00e1sicos que garantem a sa\u00fade no inverno<\/a>, refor\u00e7ando que manter as mucosas hidratadas \u00e9 a melhor barreira contra o sangramento.<\/p>\n<p>Dicas de ouro dos especialistas:<\/p>\n<ul>\n<li>Beba \u00e1gua e use soro fisiol\u00f3gico nas narinas v\u00e1rias vezes ao dia;<\/li>\n<li>Aplicar uma camada m\u00ednima de gel hidratante ou vaselina na entrada das narinas antes de dormir pode criar uma \u201ccapa protetora\u201d contra o ar seco da madrugada;<\/li>\n<li>Se o tempo estiver cr\u00edtico, use um aparelho umidificador para devolver a umidade ao quarto, mas cuidado com a limpeza para n\u00e3o acumular fungos.<\/li>\n<\/ul>\n<p>Quando o sangramento deixa de ser comum?<img class=\"size-large wp-image-2939416\" loading=\"lazy\" decoding=\"async\" src=\"https:\/\/www.europesays.com\/pt\/wp-content\/uploads\/2026\/07\/sangramento-nasal-no-inverno-por-que-o-tempo-seco-aumenta-os-casos-e-quais-os-riscos-3-1300x865.jpg\" alt=\"A persist\u00eancia de um sangramento por mais de 20 minutos, mesmo ap\u00f3s a compress\u00e3o correta das narinas, \u00e9 um sinal claro de que \u00e9 necess\u00e1rio suporte m\u00e9dicoFoto: Magnific\/ND Mais\" width=\"1286\" height=\"856\"  \/>A persist\u00eancia de um sangramento por mais de 20 minutos, mesmo ap\u00f3s a compress\u00e3o correta das narinas, \u00e9 um sinal claro de que \u00e9 necess\u00e1rio suporte m\u00e9dicoFoto: Magnific\/ND Mais<\/p>\n<p>Embora a maioria dos casos de epistaxe seja benigna, existem sinais que exigem uma visita imediata ao pronto-socorro:<\/p>\n<ul>\n<li><strong>Tempo:<\/strong> o sangramento n\u00e3o para mesmo ap\u00f3s 20 ou 30 minutos de press\u00e3o firme;<\/li>\n<li><strong>Volume:<\/strong> a perda de sangue \u00e9 muito intensa ou ocorre ap\u00f3s uma batida forte no rosto;<\/li>\n<li><strong>Sinais do corpo:<\/strong> voc\u00ea sente tontura, palidez ou dificuldade para respirar.<\/li>\n<\/ul>\n<p>Se o seu nariz sangra mais de uma vez por semana, \u00e9 essencial investigar com um otorrinolaringologista se n\u00e3o h\u00e1 causas por tr\u00e1s, como press\u00e3o alta ou dist\u00farbios de coagula\u00e7\u00e3o.<\/p>\n<p class=\"ndmais-nota ndmais-nota-saude\"><strong>Procure orienta\u00e7\u00e3o profissional de sa\u00fade<\/strong> As informa\u00e7\u00f5es sobre sa\u00fade e bem-estar publicadas neste conte\u00fado t\u00eam car\u00e1ter informativo e n\u00e3o substituem o diagn\u00f3stico ou tratamento feito por profissionais. Se voc\u00ea estiver com sintomas ou d\u00favidas relacionadas \u00e0 sua sa\u00fade f\u00edsica ou mental, procure um m\u00e9dico ou profissional habilitado.<\/p>\n","protected":false},"excerpt":{"rendered":"O nariz funciona como um sistema de climatiza\u00e7\u00e3o natural, mas no inverno ele muitas vezes trabalha al\u00e9m de&hellip;\n","protected":false},"author":2,"featured_media":437770,"comment_status":"","ping_status":"","sticky":false,"template":"","format":"standard","meta":{"footnotes":"","_share_on_mastodon":"0"},"categories":[86],"tags":[538,726,116,82,1968,32,33,4066,117,64100],"class_list":["post-437769","post","type-post","status-publish","format-standard","has-post-thumbnail","category-saude","tag-bem-estar","tag-brasil","tag-health","tag-internacional","tag-notcia","tag-portugal","tag-pt","tag-sade","tag-saude","tag-soft-news-performance"],"share_on_mastodon":{"url":"https:\/\/pubeurope.com\/@pt\/116850529053549625","error":""},"_links":{"self":[{"href":"https:\/\/www.europesays.com\/pt\/wp-json\/wp\/v2\/posts\/437769","targetHints":{"allow":["GET"]}}],"collection":[{"href":"https:\/\/www.europesays.com\/pt\/wp-json\/wp\/v2\/posts"}],"about":[{"href":"https:\/\/www.europesays.com\/pt\/wp-json\/wp\/v2\/types\/post"}],"author":[{"embeddable":true,"href":"https:\/\/www.europesays.com\/pt\/wp-json\/wp\/v2\/users\/2"}],"replies":[{"embeddable":true,"href":"https:\/\/www.europesays.com\/pt\/wp-json\/wp\/v2\/comments?post=437769"}],"version-history":[{"count":0,"href":"https:\/\/www.europesays.com\/pt\/wp-json\/wp\/v2\/posts\/437769\/revisions"}],"wp:featuredmedia":[{"embeddable":true,"href":"https:\/\/www.europesays.com\/pt\/wp-json\/wp\/v2\/media\/437770"}],"wp:attachment":[{"href":"https:\/\/www.europesays.com\/pt\/wp-json\/wp\/v2\/media?parent=437769"}],"wp:term":[{"taxonomy":"category","embeddable":true,"href":"https:\/\/www.europesays.com\/pt\/wp-json\/wp\/v2\/categories?post=437769"},{"taxonomy":"post_tag","embeddable":true,"href":"https:\/\/www.europesays.com\/pt\/wp-json\/wp\/v2\/tags?post=437769"}],"curies":[{"name":"wp","href":"https:\/\/api.w.org\/{rel}","templated":true}]}}