{"id":437853,"date":"2026-07-02T14:48:34","date_gmt":"2026-07-02T14:48:34","guid":{"rendered":"https:\/\/www.europesays.com\/pt\/437853\/"},"modified":"2026-07-02T14:48:34","modified_gmt":"2026-07-02T14:48:34","slug":"liliana-oliveira-faz-mudanca-de-visual-radical-e-um-ex-concorrente-nao-demorou-a-reagir-nao-gostei-nada-dois-as-10","status":"publish","type":"post","link":"https:\/\/www.europesays.com\/pt\/437853\/","title":{"rendered":"Liliana Oliveira faz mudan\u00e7a de visual radical. E um ex-concorrente n\u00e3o demorou a reagir: \u00abN\u00e3o gostei nada\u00bb &#8211; Dois \u00e0s 10"},"content":{"rendered":"<p>                             Liliana Oliveira surpreendeu os seguidores ao revelar uma mudan\u00e7a radical de visual.<\/p>\n<p data-end=\"222\" data-start=\"102\">A ex-concorrente do <strong data-end=\"278\" data-start=\"244\">&#8220;Secret Story \u2013 Desafio Final&#8221;<\/strong> despediu-se do cabelo moreno e surgiu completamente loira, partilhando o resultado nas redes sociais.<\/p>\n<p data-end=\"466\" data-start=\"382\">Na legenda da publica\u00e7\u00e3o, Liliana Oliveira mostrou-se divertida com a transforma\u00e7\u00e3o.\u00a0<strong data-end=\"537\" data-start=\"468\">\u00abCheguei chegando \u2728 agora sim, sou a nova Virg\u00ednia portuguesa \ud83d\udc40\u00bb<\/strong>, escreveu.<\/p>\n<p data-end=\"752\" data-start=\"550\">A caixa de coment\u00e1rios rapidamente encheu-se de rea\u00e7\u00f5es, mas houve uma que n\u00e3o passou despercebida. Leandro, tamb\u00e9m ex-concorrente do reality show da TVI, fez quest\u00e3o de comentar o novo visual da amiga.\u00a0<strong data-end=\"837\" data-start=\"754\">\u00abNao gostei nada! QUANDO \u00c9 QUE VAIS PERCEBER QUE \u00c9S LINDA \u00c9 MORENA\u00c7A!!\u00bb<\/strong>, escreveu.<\/p>\n<p data-end=\"1035\" data-is-last-node=\"\" data-is-only-node=\"\" data-start=\"850\">Apesar da opini\u00e3o de Leandro, a mudan\u00e7a de visual de Liliana Oliveira recebeu muitos elogios dos seguidores, que destacaram a ousadia da transforma\u00e7\u00e3o e a nova imagem da ex-concorrente.<\/p>\n","protected":false},"excerpt":{"rendered":"Liliana Oliveira surpreendeu os seguidores ao revelar uma mudan\u00e7a radical de visual. A ex-concorrente do &#8220;Secret Story \u2013&hellip;\n","protected":false},"author":2,"featured_media":437854,"comment_status":"","ping_status":"","sticky":false,"template":"","format":"standard","meta":{"footnotes":"","_share_on_mastodon":"0"},"categories":[142],"tags":[329,166,3412,3406,3409,801,3410,3411,3407,3408,114,115,12397,19016,3413,338,32,33,1315,151],"class_list":["post-437853","post","type-post","status-publish","format-standard","has-post-thumbnail","category-tv","tag-claudio-ramos","tag-cristina-ferreira","tag-dois-10","tag-dois-a-s-10-dois-a-s-10","tag-dois-a-s-dez","tag-dois-as-10","tag-dois-as-dez","tag-dois-dez","tag-doisas10","tag-doisasdez","tag-entertainment","tag-entretenimento","tag-leandro","tag-liliana","tag-manha-tvi","tag-maria-botelho-moniz","tag-portugal","tag-pt","tag-secret-story","tag-tv"],"share_on_mastodon":{"url":"https:\/\/pubeurope.com\/@pt\/116850937443375676","error":""},"_links":{"self":[{"href":"https:\/\/www.europesays.com\/pt\/wp-json\/wp\/v2\/posts\/437853","targetHints":{"allow":["GET"]}}],"collection":[{"href":"https:\/\/www.europesays.com\/pt\/wp-json\/wp\/v2\/posts"}],"about":[{"href":"https:\/\/www.europesays.com\/pt\/wp-json\/wp\/v2\/types\/post"}],"author":[{"embeddable":true,"href":"https:\/\/www.europesays.com\/pt\/wp-json\/wp\/v2\/users\/2"}],"replies":[{"embeddable":true,"href":"https:\/\/www.europesays.com\/pt\/wp-json\/wp\/v2\/comments?post=437853"}],"version-history":[{"count":0,"href":"https:\/\/www.europesays.com\/pt\/wp-json\/wp\/v2\/posts\/437853\/revisions"}],"wp:featuredmedia":[{"embeddable":true,"href":"https:\/\/www.europesays.com\/pt\/wp-json\/wp\/v2\/media\/437854"}],"wp:attachment":[{"href":"https:\/\/www.europesays.com\/pt\/wp-json\/wp\/v2\/media?parent=437853"}],"wp:term":[{"taxonomy":"category","embeddable":true,"href":"https:\/\/www.europesays.com\/pt\/wp-json\/wp\/v2\/categories?post=437853"},{"taxonomy":"post_tag","embeddable":true,"href":"https:\/\/www.europesays.com\/pt\/wp-json\/wp\/v2\/tags?post=437853"}],"curies":[{"name":"wp","href":"https:\/\/api.w.org\/{rel}","templated":true}]}}