{"id":437936,"date":"2026-07-02T16:00:11","date_gmt":"2026-07-02T16:00:11","guid":{"rendered":"https:\/\/www.europesays.com\/pt\/437936\/"},"modified":"2026-07-02T16:00:11","modified_gmt":"2026-07-02T16:00:11","slug":"agora-sabe-se-de-tudo-marisa-susana-desmascara-leandro-ao-expor-conversa-privada-fora-do-desafio-final-dois-as-10","status":"publish","type":"post","link":"https:\/\/www.europesays.com\/pt\/437936\/","title":{"rendered":"Agora sabe-se de tudo. Marisa Susana desmascara Leandro ao expor conversa privada fora do Desafio Final &#8211; Dois \u00e0s 10"},"content":{"rendered":"<p>                             Marisa Susana esteve no programa &#8220;Dois \u00e0s 10&#8221;, \u00e0 conversa com Cl\u00e1udio Ramos, onde fez um balan\u00e7o da participa\u00e7\u00e3o no &#8220;Secret Story \u2013 Desafio Final&#8221;. <\/p>\n<p data-end=\"438\" data-start=\"110\">Durante a entrevista, a quarta classificada revelou detalhes in\u00e9ditos da rela\u00e7\u00e3o com Leandro antes de ambos entrarem no reality show da TVI. A ex-concorrente, que reside na Alemanha, contou que o distanciamento entre os dois dentro da casa n\u00e3o aconteceu por acaso.<\/p>\n<p data-end=\"727\" data-start=\"565\"><strong data-end=\"619\" data-start=\"565\">\u00abSe n\u00f3s entrarmos, n\u00e3o vamos ser amigos l\u00e1 dentro\u00bb<\/strong>, recordou Marisa Susana, revelando que essa foi a condi\u00e7\u00e3o imposta por Leandro antes do in\u00edcio do programa.<\/p>\n<p data-end=\"869\" data-start=\"729\">A jovem confessou ainda que escondeu ao amigo que ia participar no reality show, uma decis\u00e3o que acabou por gerar alguma tens\u00e3o entre ambos.\u00a0<strong data-end=\"900\" data-start=\"871\">\u00abEle chamou-me mentirosa\u00bb<\/strong>, contou, explicando, no entanto, que na altura ainda n\u00e3o tinha a confirma\u00e7\u00e3o de que iria entrar no programa.<\/p>\n<p data-end=\"1149\" data-start=\"1011\">Marisa Susana garantiu que tamb\u00e9m lhe interessava seguir essa estrat\u00e9gia, j\u00e1 que queria provar que conseguia fazer o seu percurso sozinha.\u00a0<strong data-end=\"1290\" data-start=\"1151\">\u00abN\u00e3o queria que dissessem que eu s\u00f3 chegava longe por causa do Gangue dos Frescos ou porque estava protegida pelo Leandro e pelo Pedro\u00bb<\/strong>, explicou.<\/p>\n<p data-end=\"1373\" data-start=\"1303\">Contudo, a postura de Leandro dentro da casa acabou por surpreend\u00ea-la. Sobre o futuro da amizade, Marisa Susana mostrou-se tranquila. Garantiu que n\u00e3o vai for\u00e7ar qualquer aproxima\u00e7\u00e3o, mas deixou claro que est\u00e1 dispon\u00edvel para conversar com quem quiser abord\u00e1-la.<\/p>\n","protected":false},"excerpt":{"rendered":"Marisa Susana esteve no programa &#8220;Dois \u00e0s 10&#8221;, \u00e0 conversa com Cl\u00e1udio Ramos, onde fez um balan\u00e7o da&hellip;\n","protected":false},"author":2,"featured_media":437937,"comment_status":"","ping_status":"","sticky":false,"template":"","format":"standard","meta":{"footnotes":"","_share_on_mastodon":"0"},"categories":[142],"tags":[329,166,15383,3412,3406,3409,801,3410,3411,3407,3408,114,115,12397,3413,338,19153,32,33,1315,151],"class_list":["post-437936","post","type-post","status-publish","format-standard","has-post-thumbnail","category-tv","tag-claudio-ramos","tag-cristina-ferreira","tag-desafio-final","tag-dois-10","tag-dois-a-s-10-dois-a-s-10","tag-dois-a-s-dez","tag-dois-as-10","tag-dois-as-dez","tag-dois-dez","tag-doisas10","tag-doisasdez","tag-entertainment","tag-entretenimento","tag-leandro","tag-manha-tvi","tag-maria-botelho-moniz","tag-marisa-susana","tag-portugal","tag-pt","tag-secret-story","tag-tv"],"share_on_mastodon":{"url":"https:\/\/pubeurope.com\/@pt\/116851220777686483","error":""},"_links":{"self":[{"href":"https:\/\/www.europesays.com\/pt\/wp-json\/wp\/v2\/posts\/437936","targetHints":{"allow":["GET"]}}],"collection":[{"href":"https:\/\/www.europesays.com\/pt\/wp-json\/wp\/v2\/posts"}],"about":[{"href":"https:\/\/www.europesays.com\/pt\/wp-json\/wp\/v2\/types\/post"}],"author":[{"embeddable":true,"href":"https:\/\/www.europesays.com\/pt\/wp-json\/wp\/v2\/users\/2"}],"replies":[{"embeddable":true,"href":"https:\/\/www.europesays.com\/pt\/wp-json\/wp\/v2\/comments?post=437936"}],"version-history":[{"count":0,"href":"https:\/\/www.europesays.com\/pt\/wp-json\/wp\/v2\/posts\/437936\/revisions"}],"wp:featuredmedia":[{"embeddable":true,"href":"https:\/\/www.europesays.com\/pt\/wp-json\/wp\/v2\/media\/437937"}],"wp:attachment":[{"href":"https:\/\/www.europesays.com\/pt\/wp-json\/wp\/v2\/media?parent=437936"}],"wp:term":[{"taxonomy":"category","embeddable":true,"href":"https:\/\/www.europesays.com\/pt\/wp-json\/wp\/v2\/categories?post=437936"},{"taxonomy":"post_tag","embeddable":true,"href":"https:\/\/www.europesays.com\/pt\/wp-json\/wp\/v2\/tags?post=437936"}],"curies":[{"name":"wp","href":"https:\/\/api.w.org\/{rel}","templated":true}]}}