{"id":438029,"date":"2026-07-02T17:15:24","date_gmt":"2026-07-02T17:15:24","guid":{"rendered":"https:\/\/www.europesays.com\/pt\/438029\/"},"modified":"2026-07-02T17:15:24","modified_gmt":"2026-07-02T17:15:24","slug":"steve-harris-conta-por-que-nao-foi-a-estreia-do-documentario-do-iron-maiden","status":"publish","type":"post","link":"https:\/\/www.europesays.com\/pt\/438029\/","title":{"rendered":"Steve Harris conta por que n\u00e3o foi \u00e0 estreia do document\u00e1rio do Iron Maiden"},"content":{"rendered":"\n<p class=\"wp-block-paragraph\">O <strong><a href=\"https:\/\/igormiranda.com.br\/tag\/iron-maiden\/\" target=\"_blank\" rel=\"noreferrer noopener nofollow\">Iron Maiden<\/a><\/strong> ganhou recentemente um document\u00e1rio oficial. Chamado de <strong>\u201cIron Maiden: Burning Ambition\u201d<\/strong>, o filme celebra os 50 anos de trajet\u00f3ria da banda e estreou nos cinemas mundiais no \u00faltimo dia 7 de maio.<\/p>\n<p class=\"wp-block-paragraph\">Uma premi\u00e8re aconteceu pouco antes no <strong>Cineworld Leicester Square<\/strong>, em Londres, na Inglaterra. Celebrando o momento, o vocalista <strong>Bruce Dickinson<\/strong>, os guitarristas <strong>Dave Murray<\/strong> e <strong>Adrian Smith<\/strong>, o baterista aposentado <strong>Nicko McBrain<\/strong> e o ex-integrante <strong>Blaze Bayley<\/strong> marcaram presen\u00e7a no evento.<\/p>\n<p>&#8211; Advertisement &#8211;<\/p>\n<p class=\"wp-block-paragraph\"><strong><a href=\"https:\/\/igormiranda.com.br\/tag\/steve-harris\/\" target=\"_blank\" rel=\"noreferrer noopener nofollow\">Steve Harris<\/a><\/strong>, por\u00e9m, n\u00e3o apareceu. Como o baixista e l\u00edder n\u00e3o apresentou uma justificativa \u00e0 \u00e9poca, surgiram diferentes teorias quanto ao tema.\u00a0<\/p>\n<p class=\"wp-block-paragraph\">Muitos f\u00e3s acreditavam que a aus\u00eancia estava ligada \u00e0 percep\u00e7\u00e3o do m\u00fasico em rela\u00e7\u00e3o ao longa-metragem. Durante participa\u00e7\u00e3o no <a href=\"https:\/\/igormiranda.com.br\/2026\/04\/iron-maiden-documentario-steve-harris-esclarecimento\/\" target=\"_blank\" rel=\"noreferrer noopener nofollow\">programa Trunk Nation with Eddie Trunk<\/a>, o membro declarou que a Universal Pictures assumiu o controle de toda a produ\u00e7\u00e3o e que, se dependesse somente da Donzela de Ferro, o resultado teria seguido um caminho diferente:<\/p>\n<p class=\"wp-block-paragraph\">\u201cColaboramos com o projeto, demos entrevistas e tudo mais, fizemos o que eles queriam que fiz\u00e9ssemos. Mas se fosse feito por n\u00f3s, acho que teria sido feito de uma maneira um pouco diferente e n\u00e3o vou dizer mais nada. Ainda assim, acho que o resultado final \u00e9\u2026 bem, n\u00e3o vou dizer mais nada, acho que as pessoas deveriam simplesmente assistir e tirar suas pr\u00f3prias conclus\u00f5es.\u201d<\/p>\n<p class=\"wp-block-paragraph\">S\u00f3 que, ao que parece, a raz\u00e3o pela qual n\u00e3o compareceu n\u00e3o tem nada a ver com o cunho do document\u00e1rio. Conversando com a Metal Hammer recentemente, Harris mencionou o assunto e revelou que apenas n\u00e3o combina com a sua personalidade estar em ocasi\u00f5es do tipo.<\/p>\n<p class=\"wp-block-paragraph\">At\u00e9 mesmo o <strong>Rock and Roll Hall of Fame<\/strong> surgiu na conversa. Indicado anteriormente apenas em 2021 e 2023, o Maiden conquistou a entrada na institui\u00e7\u00e3o neste ano, em sua terceira nomea\u00e7\u00e3o, mas n\u00e3o comparecer\u00e1 \u00e0 cerim\u00f4nia marcada para o dia 14 de novembro, no Peacock Theater, em Los Angeles, nos Estados Unidos, por conflitos de agenda.<\/p>\n<p class=\"wp-block-paragraph\">Contudo, mesmo que os artistas n\u00e3o tivessem compromissos da turn\u00ea <strong>\u201cRun for Your Lives\u201d<\/strong> pela Austr\u00e1lia no per\u00edodo, o baixista ainda acredita que n\u00e3o iria. Conforme transcri\u00e7\u00e3o do site <a href=\"https:\/\/guitar.com\/news\/music-news\/iron-maiden-steve-harris-rock-hall-induction\/\" target=\"_blank\" rel=\"noreferrer noopener nofollow\">Guitar.com<\/a>, ele explicou:<\/p>\n<p class=\"wp-block-paragraph\">\u201cEu n\u00e3o fa\u00e7o esse tipo de coisa. Eu nem fui ao recente evento de tapete vermelho do document\u00e1rio. N\u00e3o \u00e9 a minha praia.\u201d<\/p>\n<p class=\"wp-block-paragraph\">N\u00e3o \u00e9 a primeira vez que Harris cita a quest\u00e3o. Tamb\u00e9m \u00e0 <a href=\"https:\/\/www.loudersound.com\/news\/steve-harris-achievement-that-means-the-most\" target=\"_blank\" rel=\"noreferrer noopener nofollow\">Metal Hammer<\/a> em 2023, o baixista contou que quase n\u00e3o foi ao <strong>Ivor Novello Award<\/strong> em 2001 devido \u00e0 timidez:<\/p>\n<p class=\"wp-block-paragraph\">\u201cAcho que uma das coisas mais importantes, especialmente para mim, foi o pr\u00eamio Ivor Novello. Eu n\u00e3o queria ir \u00e0 cerim\u00f4nia de entrega. Eu acho tudo isso um pouco\u2026 sou bem t\u00edmido quando se trata desse tipo de coisa! Fico meio constrangido, ent\u00e3o deixo os outros [da banda], que s\u00e3o melhores nisso, fazerem esse tipo de coisa. Achei aquilo uma grande honra, de v\u00e1rias formas, porque \u00e9 um pr\u00eamio de composi\u00e7\u00e3o, e para mim sempre disse que n\u00e3o importa o que as pessoas pensem de voc\u00ea como instrumentista, a composi\u00e7\u00e3o \u00e9 o mais importante. Ent\u00e3o receber um pr\u00eamio como esse foi realmente muito bom.\u201d<\/p>\n<p> Iron Maiden no Brasil <\/p>\n<p class=\"wp-block-paragraph\">O Iron Maiden celebra seus 50 anos com a turn\u00ea \u201cRun for Your Lives\u201d, que teve in\u00edcio em 2025. Nela, o grupo s\u00f3 toca m\u00fasicas do per\u00edodo entre o \u00e1lbum hom\u00f4nimo de estreia, de 1980 e \u201cFear of the Dark\u201d (1992) \u2013 com exce\u00e7\u00e3o do quase sempre ignorado \u201cNo Prayer for the Dying\u201d (1990).<\/p>\n<p class=\"wp-block-paragraph\">O show \u00e9 marcado pelos tel\u00f5es de led que reproduzem anima\u00e7\u00f5es em toda a extens\u00e3o do palco, de acordo com a m\u00fasica, bem como pela estreia Simon Dawson (British Lion) na bateria, ocupando a vaga deixada por Nicko McBrain no final de 2024.<\/p>\n<p class=\"wp-block-paragraph\">A turn\u00ea \u201cRun for Your Lives\u201d tem passagem garantida pelo Brasil. Com Alter Bridge na abertura, a banda toca no Allianz Parque, em S\u00e3o Paulo, nos dias 25 e 27 de outubro, e na Arena da Baixada, em Curitiba, no dia 28 de outubro.<\/p>\n<p class=\"wp-block-paragraph\"><strong>Clique<\/strong> para seguir IgorMiranda.com.br no: <a href=\"https:\/\/instagram.com\/igormirandasite\" target=\"_blank\" rel=\"noreferrer noopener nofollow\">Instagram<\/a> | <a href=\"https:\/\/bsky.app\/profile\/igormirandasite.bsky.social\" target=\"_blank\" rel=\"noreferrer noopener nofollow\">Bluesky<\/a> | <a href=\"https:\/\/twitter.com\/igormirandasite\" target=\"_blank\" rel=\"noreferrer noopener nofollow\">Twitter<\/a> | <a href=\"https:\/\/tiktok.com\/@igormirandasite\" target=\"_blank\" rel=\"noreferrer noopener nofollow\">TikTok<\/a> | <a href=\"https:\/\/facebook.com\/igormirandasite\" target=\"_blank\" rel=\"noreferrer noopener nofollow\">Facebook<\/a> | <a href=\"https:\/\/www.youtube.com\/igormirandasite\" target=\"_blank\" rel=\"noreferrer noopener nofollow\">YouTube<\/a> | <a href=\"https:\/\/www.threads.net\/@igormirandasite\" target=\"_blank\" rel=\"noreferrer noopener nofollow\">Threads<\/a>.<\/p>\n<p> <script async src=\"https:\/\/platform.twitter.com\/widgets.js\" charset=\"utf-8\"><\/script><script async src=\"\/\/www.instagram.com\/embed.js\"><\/script><script async src=\"\/\/www.tiktok.com\/embed.js\"><\/script><\/p>\n","protected":false},"excerpt":{"rendered":"O Iron Maiden ganhou recentemente um document\u00e1rio oficial. Chamado de \u201cIron Maiden: Burning Ambition\u201d, o filme celebra os&hellip;\n","protected":false},"author":2,"featured_media":200621,"comment_status":"","ping_status":"","sticky":false,"template":"","format":"standard","meta":{"footnotes":"","_share_on_mastodon":"0"},"categories":[140],"tags":[470,114,115,147,148,3543,146,32,33,9876],"class_list":["post-438029","post","type-post","status-publish","format-standard","has-post-thumbnail","category-filmes","tag-cinema","tag-entertainment","tag-entretenimento","tag-film","tag-filmes","tag-iron-maiden","tag-movies","tag-portugal","tag-pt","tag-steve-harris"],"share_on_mastodon":{"url":"https:\/\/pubeurope.com\/@pt\/116851515499055530","error":""},"_links":{"self":[{"href":"https:\/\/www.europesays.com\/pt\/wp-json\/wp\/v2\/posts\/438029","targetHints":{"allow":["GET"]}}],"collection":[{"href":"https:\/\/www.europesays.com\/pt\/wp-json\/wp\/v2\/posts"}],"about":[{"href":"https:\/\/www.europesays.com\/pt\/wp-json\/wp\/v2\/types\/post"}],"author":[{"embeddable":true,"href":"https:\/\/www.europesays.com\/pt\/wp-json\/wp\/v2\/users\/2"}],"replies":[{"embeddable":true,"href":"https:\/\/www.europesays.com\/pt\/wp-json\/wp\/v2\/comments?post=438029"}],"version-history":[{"count":0,"href":"https:\/\/www.europesays.com\/pt\/wp-json\/wp\/v2\/posts\/438029\/revisions"}],"wp:featuredmedia":[{"embeddable":true,"href":"https:\/\/www.europesays.com\/pt\/wp-json\/wp\/v2\/media\/200621"}],"wp:attachment":[{"href":"https:\/\/www.europesays.com\/pt\/wp-json\/wp\/v2\/media?parent=438029"}],"wp:term":[{"taxonomy":"category","embeddable":true,"href":"https:\/\/www.europesays.com\/pt\/wp-json\/wp\/v2\/categories?post=438029"},{"taxonomy":"post_tag","embeddable":true,"href":"https:\/\/www.europesays.com\/pt\/wp-json\/wp\/v2\/tags?post=438029"}],"curies":[{"name":"wp","href":"https:\/\/api.w.org\/{rel}","templated":true}]}}