{"id":43810,"date":"2025-08-25T04:44:10","date_gmt":"2025-08-25T04:44:10","guid":{"rendered":"https:\/\/www.europesays.com\/pt\/43810\/"},"modified":"2025-08-25T04:44:10","modified_gmt":"2025-08-25T04:44:10","slug":"seis-anos-depois-chega-a-sequencia-do-filme-catastrofe-de-sucesso-de-gerard-butler-o-elenco-original-esta-de-volta-noticias-de-cinema","status":"publish","type":"post","link":"https:\/\/www.europesays.com\/pt\/43810\/","title":{"rendered":"Seis anos depois, chega a sequ\u00eancia do filme-cat\u00e1strofe de sucesso de Gerard Butler: O elenco original est\u00e1 de volta &#8211; Not\u00edcias de cinema"},"content":{"rendered":"<p>O ator volta a trabalhar sob a dire\u00e7\u00e3o de Ric Roman Waugh na continua\u00e7\u00e3o do filme sobre o fim do mundo.<\/p>\n<p class=\"bo-p\">Em novembro de 2020 \u2014 ano marcado pela pandemia do coronav\u00edrus e tamb\u00e9m pela mudan\u00e7a na forma do consumo cinematogr\u00e1fico \u2014 diversas produ\u00e7\u00f5es chegaram aos cinemas e aos streamings, muitas delas <a href=\"https:\/\/www.adorocinema.com\/noticias\/filmes\/noticia-1000123717\/\" class=\"bo-link\" rel=\"nofollow noopener\" target=\"_blank\">merecendo bem mais reconhecimento<\/a> do que receberam. Entre esses t\u00edtulos est\u00e1 <a href=\"https:\/\/www.adorocinema.com\/filmes\/filme-264720\/\" class=\"bo-link\" rel=\"nofollow noopener\" target=\"_blank\">Destrui\u00e7\u00e3o Final: O \u00daltimo Ref\u00fagio<\/a>, um suspense apocal\u00edptico que passou longe de ser apenas &#8220;mais um&#8221; filme de desastre.<\/p>\n<p class=\"bo-p\">O filme, sobre um cometa que atinge a Terra, custou <b>35 milh\u00f5es de d\u00f3lares<\/b> e arrecadou <b>52,3 milh\u00f5es de d\u00f3lares<\/b>. Embora seja uma quantia pequena, <a href=\"https:\/\/www.adorocinema.com\/noticias\/filmes\/noticia-1000126984\/\" class=\"bo-link\" rel=\"nofollow noopener\" target=\"_blank\">foi um grande feito<\/a>, considerando o contexto e o fato de n\u00e3o ter chegado aos cinemas dos Estados Unidos.<\/p>\n<p class=\"bo-p\">O projeto, estrelado por <a href=\"https:\/\/www.adorocinema.com\/personalidades\/personalidade-21087\/\" class=\"bo-link\" rel=\"nofollow noopener\" target=\"_blank\">Gerard Butler<\/a>, tamb\u00e9m recebeu boas cr\u00edticas. O pr\u00f3ximo passo l\u00f3gico, portanto, era fazer uma sequ\u00eancia. Ela foi anunciada em junho de 2021 <a href=\"https:\/\/www.adorocinema.com\/noticias\/filmes\/noticia-1000158412\/\" class=\"bo-link\" rel=\"nofollow noopener\" target=\"_blank\">e finalmente tem uma data de lan\u00e7amento<\/a>!<\/p>\n<p class=\"bo-p\"><a href=\"https:\/\/www.adorocinema.com\/filmes\/filme-293629\/\" class=\"bo-link\" rel=\"nofollow noopener\" target=\"_blank\">Greenland: Migration<\/a> acompanha a fam\u00edlia Garrity ap\u00f3s os eventos ocorridos no primeiro filme. Na ocasi\u00e3o, John (Gerard Butler), sua esposa Allison (<a href=\"https:\/\/www.adorocinema.com\/personalidades\/personalidade-104434\/\" class=\"bo-link\" rel=\"nofollow noopener\" target=\"_blank\">Morena Baccarin<\/a>) e o filho do casal Nathan (<a href=\"https:\/\/www.adorocinema.com\/personalidades\/personalidade-886201\/\" class=\"bo-link\" rel=\"nofollow noopener\" target=\"_blank\">Roger Dale Floyd<\/a>) precisam enfrentar o pior lado da humanidade para encontrar um esconderijo seguro o suficiente para se protegerem de um cometa perigoso.<\/p>\n<p class=\"bo-p\">Agora, como sobreviventes do fim do mundo, eles precisar\u00e3o deixar o bunker que os protegeu na Groenl\u00e2ndia em busca de um novo lar. No entanto, a jornada ser\u00e1 ainda mais perigosa, pois nenhum deles estavam preparados para atravessar um mundo destru\u00eddo e um deserto congelado.<\/p>\n<p>                                <img loading=\"lazy\" decoding=\"async\" class=\"article-figure-img\" src=\"https:\/\/www.europesays.com\/pt\/wp-content\/uploads\/2025\/08\/7be63ab4da19ecbbb61d9b9dcb32c10f.png\" width=\"640\" height=\"320\" alt=\"\"\/><\/p>\n<p>                                    Diamond Films \/ Prime Video<\/p>\n<p class=\"bo-p\">O novo filme est\u00e1 com data prevista de estreia para 11 de dezembro deste ano. A sequ\u00eancia traz no elenco as novas adi\u00e7\u00f5es <a href=\"https:\/\/www.adorocinema.com\/personalidades\/personalidade-232930\/\" class=\"bo-link\" rel=\"nofollow noopener\" target=\"_blank\">Amber Rose Revah<\/a>, <a href=\"https:\/\/www.adorocinema.com\/personalidades\/personalidade-58128\/\" class=\"bo-link\" rel=\"nofollow noopener\" target=\"_blank\">Sophie Thompson<\/a>, <a href=\"https:\/\/www.adorocinema.com\/personalidades\/personalidade-153391\/\" class=\"bo-link\" rel=\"nofollow noopener\" target=\"_blank\">Trond Fausa Aurv\u00e5g<\/a> e <a href=\"https:\/\/www.adorocinema.com\/personalidades\/personalidade-117296\/\" class=\"bo-link\" rel=\"nofollow noopener\" target=\"_blank\">William Abadie<\/a>.<\/p>\n<p class=\"bo-p\"><b>Destrui\u00e7\u00e3o Final: O \u00daltimo Ref\u00fagio est\u00e1 dispon\u00edvel para compra ou aluguel no Prime Video.<\/b><\/p>\n","protected":false},"excerpt":{"rendered":"O ator volta a trabalhar sob a dire\u00e7\u00e3o de Ric Roman Waugh na continua\u00e7\u00e3o do filme sobre o&hellip;\n","protected":false},"author":2,"featured_media":43811,"comment_status":"","ping_status":"","sticky":false,"template":"","format":"standard","meta":{"footnotes":""},"categories":[140],"tags":[114,115,147,148,146,32,33],"class_list":{"0":"post-43810","1":"post","2":"type-post","3":"status-publish","4":"format-standard","5":"has-post-thumbnail","7":"category-filmes","8":"tag-entertainment","9":"tag-entretenimento","10":"tag-film","11":"tag-filmes","12":"tag-movies","13":"tag-portugal","14":"tag-pt"},"share_on_mastodon":{"url":"","error":""},"_links":{"self":[{"href":"https:\/\/www.europesays.com\/pt\/wp-json\/wp\/v2\/posts\/43810","targetHints":{"allow":["GET"]}}],"collection":[{"href":"https:\/\/www.europesays.com\/pt\/wp-json\/wp\/v2\/posts"}],"about":[{"href":"https:\/\/www.europesays.com\/pt\/wp-json\/wp\/v2\/types\/post"}],"author":[{"embeddable":true,"href":"https:\/\/www.europesays.com\/pt\/wp-json\/wp\/v2\/users\/2"}],"replies":[{"embeddable":true,"href":"https:\/\/www.europesays.com\/pt\/wp-json\/wp\/v2\/comments?post=43810"}],"version-history":[{"count":0,"href":"https:\/\/www.europesays.com\/pt\/wp-json\/wp\/v2\/posts\/43810\/revisions"}],"wp:featuredmedia":[{"embeddable":true,"href":"https:\/\/www.europesays.com\/pt\/wp-json\/wp\/v2\/media\/43811"}],"wp:attachment":[{"href":"https:\/\/www.europesays.com\/pt\/wp-json\/wp\/v2\/media?parent=43810"}],"wp:term":[{"taxonomy":"category","embeddable":true,"href":"https:\/\/www.europesays.com\/pt\/wp-json\/wp\/v2\/categories?post=43810"},{"taxonomy":"post_tag","embeddable":true,"href":"https:\/\/www.europesays.com\/pt\/wp-json\/wp\/v2\/tags?post=43810"}],"curies":[{"name":"wp","href":"https:\/\/api.w.org\/{rel}","templated":true}]}}