{"id":438150,"date":"2026-07-02T19:23:12","date_gmt":"2026-07-02T19:23:12","guid":{"rendered":"https:\/\/www.europesays.com\/pt\/438150\/"},"modified":"2026-07-02T19:23:12","modified_gmt":"2026-07-02T19:23:12","slug":"cnn-summit-resiliencia-da-saude-perante-emergencias-complexas","status":"publish","type":"post","link":"https:\/\/www.europesays.com\/pt\/438150\/","title":{"rendered":"CNN Summit | Resili\u00eancia da sa\u00fade perante emerg\u00eancias complexas"},"content":{"rendered":"<p style=\"margin-bottom:11px\">Na sess\u00e3o dedicada aos \u201cSistemas de dados, vigil\u00e2ncia e alerta precoce\u201d, fic\u00e1mos a perceber que o SNS tem \u201cgraus de maturidade distintos\u201d nos seus sistemas de dados.<\/p>\n<p>\u201cEstamos a meio caminho\u201d para uma uniformiza\u00e7\u00e3o, admitiu Isabel Baptista, Vogal Executiva do Conselho de Administra\u00e7\u00e3o da SPMS &#8211; Servi\u00e7os Partilhados do Minist\u00e9rio da Sa\u00fade, lembrando o forte investimento que tem vindo a ser feito no \u00e2mbito do PRR.<\/p>\n<p>Segundo esta respons\u00e1vel, \u201cum dos grandes desafios que temos pela frente\u201d passa por ter \u201cdados com qualidade\u201d, que possam ser usados ao n\u00edvel de preven\u00e7\u00e3o ou da investiga\u00e7\u00e3o.<\/p>\n<p>Por sua vez, Hugo Marques, diretor da \u00e1rea de Digitaliza\u00e7\u00e3o, IA &amp; Automa\u00e7\u00e3o da Siemens Healthineers Portugal lembrou o trabalho de digitaliza\u00e7\u00e3o da \u00faltima d\u00e9cada. \u201cBasicamente, arquiv\u00e1mos e armazen\u00e1mos informa\u00e7\u00e3o\u201d, resumiu.<\/p>\n<p>O desafio, concorda, passa agora pela aplica\u00e7\u00e3o pr\u00e1tica desses dados, sobretudo na dimens\u00e3o da partilha. O respons\u00e1vel deu o exemplo de um exemplo feito numa unidade do SNS, cujo resultado deveria estar dispon\u00edvel em todo o sistema. Mas sempre com a ressalva: na hora de desenhar estes sistemas de partilha \u00e9 preciso \u201cgarantir que os profissionais de sa\u00fade s\u00e3o inclu\u00eddos no projeto de uma forma inicial\u201d<\/p>\n<p>\u201cOs limites de \u00e9tica que dev\u00edamos estar a trazer \u00e9 o risco da n\u00e3o utiliza\u00e7\u00e3o dos algoritmos\u201d, advogou.<\/p>\n<p>Filipe Piteira Ganh\u00e3o, Life Sciences &amp; Healthcare Technology and Transformation \/ Lead Partner na Deloitte Portugal, vai ainda mais longe, defendendo que o \u201cpasso seguinte \u00e9 conseguirmos integrar [a sa\u00fade] com os restantes setores, dado o perfil das crises que se avizinham.<\/p>\n<p>Para este porta-voz, o maior desafio da resili\u00eancia digital na sa\u00fade \u00e9 \u201cmais operacional do que tecnol\u00f3gico\u201d. \u201cDe nada serve termos tecnologia e processos se n\u00e3o tivermos todo um processo de governa\u00e7\u00e3o, de aplica\u00e7\u00e3o, de confian\u00e7a, de organiza\u00e7\u00e3o entre v\u00e1rias entidades\u201d, sublinhou.<\/p>\n","protected":false},"excerpt":{"rendered":"Na sess\u00e3o dedicada aos \u201cSistemas de dados, vigil\u00e2ncia e alerta precoce\u201d, fic\u00e1mos a perceber que o SNS tem&hellip;\n","protected":false},"author":2,"featured_media":438151,"comment_status":"","ping_status":"","sticky":false,"template":"","format":"standard","meta":{"footnotes":"","_share_on_mastodon":"0"},"categories":[10],"tags":[609,2642,611,27,28,607,608,69322,2646,2641,2644,610,12214,2645,2643,981,15,16,14,2648,25,26,570,21,22,2647,12,13,19,20,32,23,24,33,117,1030,216,2649,17,18,29,30,31,2640],"class_list":["post-438150","post","type-post","status-publish","format-standard","has-post-thumbnail","category-portugal","tag-alerta","tag-amor","tag-ao-minuto","tag-breaking-news","tag-breakingnews","tag-cnn","tag-cnn-portugal","tag-cnn-summit","tag-conselhos","tag-covid-19","tag-dicas","tag-direto","tag-emergencias","tag-especialistas","tag-estudos","tag-familia","tag-featured-news","tag-featurednews","tag-headlines","tag-hospitais","tag-latest-news","tag-latestnews","tag-live","tag-main-news","tag-mainnews","tag-medicos","tag-news","tag-noticias","tag-noticias-principais","tag-noticiasprincipais","tag-portugal","tag-principais-noticias","tag-principaisnoticias","tag-pt","tag-saude","tag-saude-mental","tag-sexo","tag-sns","tag-top-stories","tag-topstories","tag-ultimas","tag-ultimas-noticias","tag-ultimasnoticias","tag-vida-saudavel"],"share_on_mastodon":{"url":"","error":"Validation failed: Text character limit of 500 exceeded"},"_links":{"self":[{"href":"https:\/\/www.europesays.com\/pt\/wp-json\/wp\/v2\/posts\/438150","targetHints":{"allow":["GET"]}}],"collection":[{"href":"https:\/\/www.europesays.com\/pt\/wp-json\/wp\/v2\/posts"}],"about":[{"href":"https:\/\/www.europesays.com\/pt\/wp-json\/wp\/v2\/types\/post"}],"author":[{"embeddable":true,"href":"https:\/\/www.europesays.com\/pt\/wp-json\/wp\/v2\/users\/2"}],"replies":[{"embeddable":true,"href":"https:\/\/www.europesays.com\/pt\/wp-json\/wp\/v2\/comments?post=438150"}],"version-history":[{"count":0,"href":"https:\/\/www.europesays.com\/pt\/wp-json\/wp\/v2\/posts\/438150\/revisions"}],"wp:featuredmedia":[{"embeddable":true,"href":"https:\/\/www.europesays.com\/pt\/wp-json\/wp\/v2\/media\/438151"}],"wp:attachment":[{"href":"https:\/\/www.europesays.com\/pt\/wp-json\/wp\/v2\/media?parent=438150"}],"wp:term":[{"taxonomy":"category","embeddable":true,"href":"https:\/\/www.europesays.com\/pt\/wp-json\/wp\/v2\/categories?post=438150"},{"taxonomy":"post_tag","embeddable":true,"href":"https:\/\/www.europesays.com\/pt\/wp-json\/wp\/v2\/tags?post=438150"}],"curies":[{"name":"wp","href":"https:\/\/api.w.org\/{rel}","templated":true}]}}