{"id":438565,"date":"2026-07-03T08:16:19","date_gmt":"2026-07-03T08:16:19","guid":{"rendered":"https:\/\/www.europesays.com\/pt\/438565\/"},"modified":"2026-07-03T08:16:19","modified_gmt":"2026-07-03T08:16:19","slug":"hospital-conceicao-restringe-emergencia-em-porto-alegre-2","status":"publish","type":"post","link":"https:\/\/www.europesays.com\/pt\/438565\/","title":{"rendered":"Hospital Concei\u00e7\u00e3o restringe emerg\u00eancia em Porto Alegre"},"content":{"rendered":"<p>As emerg\u00eancias dos principais hospitais de Porto Alegre registram superlota\u00e7\u00e3o na noite desta quinta-feira (2), em meio ao aumento de atendimentos por s\u00edndromes respirat\u00f3rias. O cen\u00e1rio \u00e9 recorrente no inverno, per\u00edodo em que cresce a demanda por atendimento adulto e interna\u00e7\u00f5es cl\u00ednicas.<\/p>\n<p>O caso mais cr\u00edtico no in\u00edcio da noite era no Hospital Concei\u00e7\u00e3o. A emerg\u00eancia adulta da unidade atendia 95 pacientes para 51 leitos operacionais, conforme painel da SMS (Secretaria Municipal de Sa\u00fade) de Porto Alegre atualizado \u00e0s 20h. A UTI adulta estava em 95%, com 55 leitos ocupados de um total de 58.<\/p>\n<p>O GHC (Grupo Hospitalar Concei\u00e7\u00e3o) informou que a emerg\u00eancia do hospital entrou em n\u00edvel cr\u00edtico e adotou protocolo de restri\u00e7\u00e3o m\u00e1xima de atendimento. Com a medida, somente casos grav\u00edssimos ser\u00e3o atendidos. A institui\u00e7\u00e3o orientou pacientes a buscar outros hospitais.<\/p>\n<p><strong>Outras emerg\u00eancias tamb\u00e9m t\u00eam alta ocupa\u00e7\u00e3o<\/strong><\/p>\n<p>A sobrecarga tamb\u00e9m acontece em outras unidades de alta complexidade. O Hospital de Cl\u00ednicas registrava 220% de ocupa\u00e7\u00e3o na emerg\u00eancia adulta, com 97 pacientes para 44 leitos operacionais.<\/p>\n<p>A Santa Casa estava com 193% de ocupa\u00e7\u00e3o na emerg\u00eancia adulta, com 54 pacientes para 28 leitos. O HPS (Hospital de Pronto Socorro) registrava 125%, com 25 pacientes para 20 leitos.<\/p>\n<p>O Hospital S\u00e3o Lucas da PUCRS atendia 12 pacientes na emerg\u00eancia adulta. A unidade opera no modelo de emerg\u00eancia referenciada em raz\u00e3o das obras de moderniza\u00e7\u00e3o estrutural, que devem ficar prontas apenas no fim do ano.<\/p>\n<p style=\"margin:0 0 10px;font-size:19px;line-height:1.4;color:#222;font-weight:700;\">&#13;<br \/>\n    Acompanhe e apoie o Agora RS&#13;\n  <\/p>\n<p style=\"margin:0 0 14px;font-size:16px;line-height:1.45;color:#333;\">&#13;<br \/>\n    Entre no nosso canal do WhatsApp e ajude a manter o jornalismo independente no Rio Grande do Sul.&#13;\n  <\/p>\n<p style=\"margin:0;font-size:16px;line-height:1.45;\">&#13;<br \/>\n    <a href=\"https:\/\/whatsapp.com\/channel\/0029VaomhZ02UPBKau0IyG1K\" target=\"_blank\" rel=\"noopener nofollow\" style=\"font-weight:800;color:#00856f;text-decoration:underline;\">Entrar no canal<\/a>&#13;<br \/>\n    \u2022&#13;<br \/>\n    <a href=\"https:\/\/agorars.com\/apoie\/\" style=\"font-weight:800;color:#00856f;text-decoration:underline;\" rel=\"nofollow noopener\" target=\"_blank\">Seja apoiador<\/a>&#13;\n  <\/p>\n<p>No total dos hospitais de Porto Alegre, o painel registrava 4.318 pacientes internados, 4.458 leitos operacionais e 541 leitos bloqueados. A ocupa\u00e7\u00e3o geral era de 97%.<\/p>\n<p><strong>Doen\u00e7as respirat\u00f3rias lideram interna\u00e7\u00f5es<\/strong><\/p>\n<p>As doen\u00e7as respirat\u00f3rias apareciam como o principal grupo de interna\u00e7\u00f5es no detalhamento do painel municipal, com 391 pacientes. Em seguida, vinham oncologia, com 334, psiquiatria, com 290, gastroenterologia, com 237, e causas infecciosas, com 231.<\/p>\n<p>Entre os pacientes internados, 58% eram moradores de Porto Alegre, e 42% vinham de outros munic\u00edpios.<\/p>\n<p>Nos pronto atendimentos municipais, havia 157 solicita\u00e7\u00f5es de interna\u00e7\u00e3o \u00e0s 20h. Desse total, 139 eram de pacientes de Porto Alegre, e 18 de fora da Capital.<\/p>\n<p>A maior demanda era por leitos adultos, com 119 solicita\u00e7\u00f5es. Havia ainda 33 solicita\u00e7\u00f5es de psiquiatria e 5 de pediatria.<\/p>\n<p><strong>Situa\u00e7\u00e3o nos pronto atendimentos<\/strong><\/p>\n<p>A UPA Moacyr Scliar, na zona norte, tinha 54 pacientes em atendimento, sendo 49 na enfermaria adulta e 5 na UTI adulta. O painel indicava 318% de ocupa\u00e7\u00e3o.<\/p>\n<p>O PA Bom Jesus registrava 208% de ocupa\u00e7\u00e3o, com 23 pacientes na enfermaria adulta, 3 na enfermaria pedi\u00e1trica e 1 na UTI adulta. Na Lomba do Pinheiro, a ocupa\u00e7\u00e3o era de 175%, com 12 pacientes na enfermaria adulta e 2 na UTI adulta.<\/p>\n<p>No PACS (Pronto-Atendimento Cruzeiro do Sul), tamb\u00e9m havia sobrecarga. A enfermaria adulta tinha 24 pacientes, a ala psiqui\u00e1trica tinha 18, a UTI adulta tinha 3 e a enfermaria pedi\u00e1trica tinha 2.<\/p>\n","protected":false},"excerpt":{"rendered":"As emerg\u00eancias dos principais hospitais de Porto Alegre registram superlota\u00e7\u00e3o na noite desta quinta-feira (2), em meio ao&hellip;\n","protected":false},"author":2,"featured_media":438566,"comment_status":"","ping_status":"","sticky":false,"template":"","format":"standard","meta":{"footnotes":"","_share_on_mastodon":"0"},"categories":[86],"tags":[67927,116,70647,70648,32,33,70649,117,70650,9661],"class_list":["post-438565","post","type-post","status-publish","format-standard","has-post-thumbnail","category-saude","tag-ghc-grupo-hospitalar-conceicao","tag-health","tag-hospital-nossa-senhora-da-conceicao-ghc","tag-hps-hospital-de-pronto-socorro-de-porto-alegre","tag-portugal","tag-pt","tag-santa-casa-de-misericordia-de-porto-alegre","tag-saude","tag-upa-moacyr-scliar","tag-uti"],"share_on_mastodon":{"url":"https:\/\/pubeurope.com\/@pt\/116855058607903415","error":""},"_links":{"self":[{"href":"https:\/\/www.europesays.com\/pt\/wp-json\/wp\/v2\/posts\/438565","targetHints":{"allow":["GET"]}}],"collection":[{"href":"https:\/\/www.europesays.com\/pt\/wp-json\/wp\/v2\/posts"}],"about":[{"href":"https:\/\/www.europesays.com\/pt\/wp-json\/wp\/v2\/types\/post"}],"author":[{"embeddable":true,"href":"https:\/\/www.europesays.com\/pt\/wp-json\/wp\/v2\/users\/2"}],"replies":[{"embeddable":true,"href":"https:\/\/www.europesays.com\/pt\/wp-json\/wp\/v2\/comments?post=438565"}],"version-history":[{"count":0,"href":"https:\/\/www.europesays.com\/pt\/wp-json\/wp\/v2\/posts\/438565\/revisions"}],"wp:featuredmedia":[{"embeddable":true,"href":"https:\/\/www.europesays.com\/pt\/wp-json\/wp\/v2\/media\/438566"}],"wp:attachment":[{"href":"https:\/\/www.europesays.com\/pt\/wp-json\/wp\/v2\/media?parent=438565"}],"wp:term":[{"taxonomy":"category","embeddable":true,"href":"https:\/\/www.europesays.com\/pt\/wp-json\/wp\/v2\/categories?post=438565"},{"taxonomy":"post_tag","embeddable":true,"href":"https:\/\/www.europesays.com\/pt\/wp-json\/wp\/v2\/tags?post=438565"}],"curies":[{"name":"wp","href":"https:\/\/api.w.org\/{rel}","templated":true}]}}