{"id":438585,"date":"2026-07-03T09:03:12","date_gmt":"2026-07-03T09:03:12","guid":{"rendered":"https:\/\/www.europesays.com\/pt\/438585\/"},"modified":"2026-07-03T09:03:12","modified_gmt":"2026-07-03T09:03:12","slug":"russia-ameaca-apple-com-multa-de-47-milhoes-de-euros-por-discriminar-apps-russas-mesmo-ja-nao-estando-presente-no-pais","status":"publish","type":"post","link":"https:\/\/www.europesays.com\/pt\/438585\/","title":{"rendered":"R\u00fassia amea\u00e7a Apple com multa de 47 milh\u00f5es de euros por discriminar apps russas, mesmo j\u00e1 n\u00e3o estando presente no pa\u00eds"},"content":{"rendered":"<p class=\"wp-block-post-excerpt__excerpt\">A autoridade antimonop\u00f3lio russa deu \u00e0 Apple at\u00e9 15 de julho para pr\u00e9-instalar software russo, incluindo o messenger Max e motores de busca nacionais, nos seus dispositivos. O ultimato surge depois de a Apple ter removido as principais apps do grupo VK da App Store por raz\u00f5es de cumprimento de san\u00e7\u00f5es. <\/p>\n<p class=\"wp-block-paragraph\">A R\u00fassia voltou a colocar a <a href=\"https:\/\/tek.sapo.pt\/tag\/apple\/\" target=\"_blank\" rel=\"noreferrer noopener nofollow\">Apple<\/a> na mira, com a autoridade federal antimonop\u00f3lio russa (FAS) a emitir um aviso formal \u00e0 fabricante do <a href=\"https:\/\/tek.sapo.pt\/tag\/iphone\" target=\"_blank\" rel=\"noreferrer noopener nofollow\">iPhone<\/a>,<strong> exigindo que a empresa corrija o que descreve como pr\u00e1ticas discriminat\u00f3rias contra motores de busca e software russos<\/strong>. Segundo a ag\u00eancia <a href=\"https:\/\/www.reuters.com\/business\/russia-warns-apple-52-million-fine-over-alleged-bias-against-local-apps-2026-07-01\/\" target=\"_blank\" rel=\"noreferrer noopener nofollow\">Reuters<\/a>, <strong>a FAS deu \u00e0 Apple at\u00e9 15 de julho para corrigir as infra\u00e7\u00f5es<\/strong>. Caso a empresa ignore o aviso, <strong>enfrenta uma coima de at\u00e9 4 mil milh\u00f5es de rublos, cerca de 47 milh\u00f5es de euros<\/strong>, por viola\u00e7\u00e3o da lei antimonop\u00f3lio em vigor.<\/p>\n<p><strong>N\u00e3o perca nenhuma not\u00edcia importante da atualidade de tecnologia e <a href=\"http:\/\/tek.sapo.pt\/\" rel=\"nofollow noopener\" target=\"_blank\">acompanhe tudo em tek.sapo.pt<\/a><\/strong><\/p>\n<p class=\"wp-block-paragraph\"><strong>Entre as exig\u00eancias concretas est\u00e1 a pr\u00e9-instala\u00e7\u00e3o do messenger Max e da loja de aplica\u00e7\u00f5es russa RuStore nos dispositivos <a href=\"https:\/\/tek.sapo.pt\/tag\/ios\" target=\"_blank\" rel=\"noreferrer noopener nofollow\">iOS<\/a><\/strong>. O timing da tomada de medidas deve-se ao facto de, em junho, a Apple ter removido da <a href=\"https:\/\/tek.sapo.pt\/tag\/app-store\" target=\"_blank\" rel=\"noreferrer noopener nofollow\">App Store<\/a> um conjunto de aplica\u00e7\u00f5es ligadas ao grupo VK, incluindo o pr\u00f3prio Max, o VKontakte, aplica\u00e7\u00f5es de email do Mail.ru, a rede social Odnoklassniki e outros produtos, <strong>invocando o cumprimento de regras de san\u00e7\u00f5es internacionais.<\/strong><\/p>\n<p><img loading=\"lazy\" decoding=\"async\" width=\"524\" height=\"1024\" data-attachment-id=\"776442\" data-permalink=\"https:\/\/tek.sapo.pt\/noticias\/artigos\/russia-ameaca-apple-com-multa-de-47-milhoes-de-euros-por-discriminar-apps-russas-mesmo-ja-nao-estando-presente-no-pais\/attachment\/odnoklassniki\/\" data-orig-file=\"https:\/\/cdn.teknoticias.pt\/uploads\/2026\/07\/Odnoklassniki.jpg\" data-orig-size=\"765,1496\" data-comments-opened=\"1\" data-image-meta=\"{&quot;aperture&quot;:&quot;0&quot;,&quot;credit&quot;:&quot;&quot;,&quot;camera&quot;:&quot;&quot;,&quot;caption&quot;:&quot;&quot;,&quot;created_timestamp&quot;:&quot;0&quot;,&quot;copyright&quot;:&quot;&quot;,&quot;focal_length&quot;:&quot;0&quot;,&quot;iso&quot;:&quot;0&quot;,&quot;shutter_speed&quot;:&quot;0&quot;,&quot;title&quot;:&quot;&quot;,&quot;orientation&quot;:&quot;0&quot;,&quot;alt&quot;:&quot;&quot;}\" data-image-title=\"Odnoklassniki\" data-image-description=\"\" data-image-caption=\"\" data-large-file=\"https:\/\/www.europesays.com\/pt\/wp-content\/uploads\/2026\/07\/Odnoklassniki-524x1024.jpg\" src=\"https:\/\/www.europesays.com\/pt\/wp-content\/uploads\/2026\/07\/Odnoklassniki-524x1024.jpg\" alt=\"\" class=\"wp-image-776442\"  \/><strong>Smartphone Android com a rede social russa Odnoklassniki<\/strong><\/p>\n<p class=\"wp-block-paragraph\"><strong>Moscovo classificou esta remo\u00e7\u00e3o como sendo politicamente motivada e a nova exig\u00eancia de pr\u00e9-instala\u00e7\u00e3o surge diretamente em resposta a esse epis\u00f3dio<\/strong>. O problema central deste ultimato \u00e9 que <strong>a Apple n\u00e3o vende os seus produtos na R\u00fassia desde mar\u00e7o de 2022<\/strong>, ap\u00f3s o in\u00edcio da invas\u00e3o russa da <a href=\"https:\/\/tek.sapo.pt\/tag\/ucrania\" target=\"_blank\" rel=\"noreferrer noopener nofollow\">Ucr\u00e2nia<\/a>, e n\u00e3o existem revendedores autorizados no pa\u00eds. <strong>Cada iPhone e iPad vendido na R\u00fassia entra no territ\u00f3rio atrav\u00e9s do mercado negro.<\/strong><\/p>\n<p class=\"wp-block-paragraph\"><strong>Como tal, n\u00e3o \u00e9 expect\u00e1vel que a Apple cumpra as regras exigidas pela FAS<\/strong>, o que torna este ultimato da autoridade russa em algo mais simb\u00f3lico do que operacionalmente exequ\u00edvel. A situa\u00e7\u00e3o complicou-se ainda mais em mar\u00e7o de 2026, quando <strong>a Apple foi multada na Irlanda por viola\u00e7\u00e3o de san\u00e7\u00f5es contra a R\u00fassia, o que levou \u00e0 suspens\u00e3o das subscri\u00e7\u00f5es e pagamentos nos servi\u00e7os Apple em territ\u00f3rio russo.<\/strong><\/p>\n<p><strong>Um historial longo de confrontos e multas<\/strong><\/p>\n<p class=\"wp-block-paragraph\">Este n\u00e3o \u00e9 o primeiro, nem provavelmente o \u00faltimo, cap\u00edtulo desta rela\u00e7\u00e3o tensa.<strong> Em fevereiro de 2023, a Apple pagou uma multa antimonop\u00f3lio de 12,12 milh\u00f5es de d\u00f3lares<\/strong> por for\u00e7ar os utilizadores iOS a depender exclusivamente do sistema de pagamentos in-app da pr\u00f3pria empresa. <strong>Em janeiro de 2024, a Apple pagou uma nova coima de cerca de 12,29 milh\u00f5es de euros ao regulador russo<\/strong>, ap\u00f3s um tribunal de Moscovo ter conclu\u00eddo que a empresa abusou da sua posi\u00e7\u00e3o dominante ao proibir os programadores de informar os utilizadores sobre alternativas de pagamento fora da App Store.<\/p>\n<p>    <a href=\"https:\/\/tek.sapo.pt\/noticias\/negocios\/artigos\/icloud-acao-coletiva-contra-a-apple-avanca-em-tribunal-no-reino-unido-e-pode-custar-3-mil-milhoes-de-libras\/\" title=\"A\u00e7\u00e3o coletiva contra a Apple avan\u00e7a em tribunal no Reino Unido e pode custar 3 mil milh\u00f5es de libras\" tabindex=\"-1\" class=\"inkwr-image \" aria-label=\"Imagem do artigo: A\u00e7\u00e3o coletiva contra a Apple avan\u00e7a em tribunal no Reino Unido e pode custar 3 mil milh\u00f5es de libras\" rel=\"nofollow noopener\" target=\"_blank\"><br \/>\n                    <img loading=\"lazy\" decoding=\"async\" width=\"847\" height=\"571\" src=\"https:\/\/www.europesays.com\/pt\/wp-content\/uploads\/2026\/07\/a7bc6bcac89f2122c07e4476325ccf4381e7c32e.jpg\" class=\"attachment-post-thumbnail size-post-thumbnail wp-post-image\" alt=\"A\u00e7\u00e3o coletiva contra a Apple avan\u00e7a em tribunal no Reino Unido e pode custar 3 mil milh\u00f5es de libras\"   style=\"object-position: 51% 41%;\" data-attachment-id=\"774909\" data-permalink=\"https:\/\/tek.sapo.pt\/noticias\/negocios\/artigos\/icloud-acao-coletiva-contra-a-apple-avanca-em-tribunal-no-reino-unido-e-pode-custar-3-mil-milhoes-de-libras\/attachment\/a7bc6bcac89f2122c07e4476325ccf4381e7c32e\/\" data-orig-file=\"https:\/\/www.europesays.com\/pt\/wp-content\/uploads\/2026\/07\/a7bc6bcac89f2122c07e4476325ccf4381e7c32e.jpg\" data-orig-size=\"847,571\" data-comments-opened=\"1\" data-image-meta=\"{&quot;aperture&quot;:&quot;0&quot;,&quot;credit&quot;:&quot;&quot;,&quot;camera&quot;:&quot;&quot;,&quot;caption&quot;:&quot;&quot;,&quot;created_timestamp&quot;:&quot;0&quot;,&quot;copyright&quot;:&quot;&quot;,&quot;focal_length&quot;:&quot;0&quot;,&quot;iso&quot;:&quot;0&quot;,&quot;shutter_speed&quot;:&quot;0&quot;,&quot;title&quot;:&quot;&quot;,&quot;orientation&quot;:&quot;0&quot;,&quot;alt&quot;:&quot;&quot;}\" data-image-title=\"Apple iCloud\" data-image-description=\"\" data-image-caption=\"\" data-large-file=\"https:\/\/www.europesays.com\/pt\/wp-content\/uploads\/2026\/07\/a7bc6bcac89f2122c07e4476325ccf4381e7c32e.jpg\"\/><br \/>\n                <\/a><\/p>\n<p>            <a href=\"https:\/\/tek.sapo.pt\/noticias\/negocios\/artigos\/icloud-acao-coletiva-contra-a-apple-avanca-em-tribunal-no-reino-unido-e-pode-custar-3-mil-milhoes-de-libras\/\" title=\"A\u00e7\u00e3o coletiva contra a Apple avan\u00e7a em tribunal no Reino Unido e pode custar 3 mil milh\u00f5es de libras\" rel=\"nofollow noopener\" target=\"_blank\"><br \/>\n                                    iCloud<br \/>\n                                A\u00e7\u00e3o coletiva contra a Apple avan\u00e7a em tribunal no Reino Unido e pode custar 3 mil milh\u00f5es de libras<\/a><\/p>\n<p>\n            O caso remonta a 2024, com a associa\u00e7\u00e3o brit\u00e2nica de defesa dos consumidores Which? a acusar a Apple de abusar da sua posi\u00e7\u00e3o dominante no mercado ao \u201cprender\u201d os utilizadores do iPhone e de outros equipamentos ao iCloud. A empresa da ma\u00e7\u00e3 rejeita as acusa\u00e7\u00f5es.         <\/p>\n<p class=\"wp-block-paragraph\">A press\u00e3o para pr\u00e9-instalar apps estatais tamb\u00e9m n\u00e3o \u00e9 exclusiva da R\u00fassia. <strong>No ano passado, a \u00cdndia ordenou aos fabricantes de smartphones que adicionassem a sua aplica\u00e7\u00e3o de ciberseguran\u00e7a Sanchar Saathi aos novos dispositivos<\/strong> e a enviassem por atualiza\u00e7\u00e3o de software para os telem\u00f3veis existentes, uma exig\u00eancia que <strong>a Apple recusou<\/strong> <strong>a ordem<\/strong>. As autoridades indianas acabariam por eliminar a exig\u00eancia, ap\u00f3s uma vaga de cr\u00edticas generalizada.<\/p>\n<p class=\"wp-block-paragraph\">Para uma empresa da dimens\u00e3o da Apple, os 47 milh\u00f5es de euros de multa acaba por ser um valor relativamente modesto, mas o verdadeiro impacto desta medida n\u00e3o \u00e9 financeiro. Uma vez que <strong>a Apple n\u00e3o respondeu publicamente ao aviso at\u00e9 ao momento<\/strong>, e com o prazo de 15 de julho a aproximar-se rapidamente, restam apenas tr\u00eas op\u00e7\u00f5es. <strong>A tecnol\u00f3gica norte-americana ou negocia um acordo, contesta juridicamente a decis\u00e3o, ou simplesmente ignora-a<\/strong>, como tem feito com exig\u00eancias semelhantes no passado.<\/p>\n<p><strong>Assine a <a href=\"https:\/\/teknoticias.us15.list-manage.com\/subscribe?u=9a06a5af5e9150806abc02bae&amp;id=ef9b27090d\" rel=\"nofollow noopener\" target=\"_blank\">newsletter do TEK Not\u00edcias<\/a> e receba todos os dias as principais not\u00edcias de tecnologia na sua caixa de correio.<\/strong><\/p>\n","protected":false},"excerpt":{"rendered":"A autoridade antimonop\u00f3lio russa deu \u00e0 Apple at\u00e9 15 de julho para pr\u00e9-instalar software russo, incluindo o messenger&hellip;\n","protected":false},"author":2,"featured_media":438586,"comment_status":"","ping_status":"","sticky":false,"template":"","format":"standard","meta":{"footnotes":"","_share_on_mastodon":"0"},"categories":[84],"tags":[4292,247,842,70666,109,107,108,1507,70667,70668,70669,32,33,839,105,103,104,106,110,57770,70670],"class_list":["post-438585","post","type-post","status-publish","format-standard","has-post-thumbnail","category-ciencia-e-tecnologia","tag-aplicacoes","tag-apple","tag-apps","tag-autoridade-antimonopolio-russo","tag-ciencia","tag-ciencia-e-tecnologia","tag-cienciaetecnologia","tag-fas","tag-mail-ru","tag-messenger-max","tag-odnoklassniki","tag-portugal","tag-pt","tag-russia","tag-science","tag-science-and-technology","tag-scienceandtechnology","tag-technology","tag-tecnologia","tag-vk","tag-vkontakte"],"share_on_mastodon":{"url":"","error":""},"_links":{"self":[{"href":"https:\/\/www.europesays.com\/pt\/wp-json\/wp\/v2\/posts\/438585","targetHints":{"allow":["GET"]}}],"collection":[{"href":"https:\/\/www.europesays.com\/pt\/wp-json\/wp\/v2\/posts"}],"about":[{"href":"https:\/\/www.europesays.com\/pt\/wp-json\/wp\/v2\/types\/post"}],"author":[{"embeddable":true,"href":"https:\/\/www.europesays.com\/pt\/wp-json\/wp\/v2\/users\/2"}],"replies":[{"embeddable":true,"href":"https:\/\/www.europesays.com\/pt\/wp-json\/wp\/v2\/comments?post=438585"}],"version-history":[{"count":0,"href":"https:\/\/www.europesays.com\/pt\/wp-json\/wp\/v2\/posts\/438585\/revisions"}],"wp:featuredmedia":[{"embeddable":true,"href":"https:\/\/www.europesays.com\/pt\/wp-json\/wp\/v2\/media\/438586"}],"wp:attachment":[{"href":"https:\/\/www.europesays.com\/pt\/wp-json\/wp\/v2\/media?parent=438585"}],"wp:term":[{"taxonomy":"category","embeddable":true,"href":"https:\/\/www.europesays.com\/pt\/wp-json\/wp\/v2\/categories?post=438585"},{"taxonomy":"post_tag","embeddable":true,"href":"https:\/\/www.europesays.com\/pt\/wp-json\/wp\/v2\/tags?post=438585"}],"curies":[{"name":"wp","href":"https:\/\/api.w.org\/{rel}","templated":true}]}}