{"id":438655,"date":"2026-07-03T11:21:19","date_gmt":"2026-07-03T11:21:19","guid":{"rendered":"https:\/\/www.europesays.com\/pt\/438655\/"},"modified":"2026-07-03T11:21:19","modified_gmt":"2026-07-03T11:21:19","slug":"novo-byd-dolphin-g-dm-i-promete-uma-autonomia-combinada-ate-1040-km","status":"publish","type":"post","link":"https:\/\/www.europesays.com\/pt\/438655\/","title":{"rendered":"Novo BYD DOLPHIN G DM-i promete uma autonomia combinada at\u00e9 1040 km"},"content":{"rendered":"<p>A BYD apresentou oficialmente o novo BYD DOLPHIN G DM-i, em simult\u00e2neo nos concession\u00e1rios da marca em todo o pa\u00eds, refor\u00e7ando a sua estrat\u00e9gia de eletrifica\u00e7\u00e3o em Portugal. O modelo faz uma entrada revolucion\u00e1ria no segmento B europeu, estando equipado com o sistema Super H\u00edbrido da BYD com tecnologia DM 5.0.<\/p>\n<p><a target=\"_blank\" href=\"https:\/\/pplware.sapo.pt\/wp-content\/uploads\/2026\/05\/BYD-DOLPHIN-G-DM-i4.jpg\" onclick=\"refreshIframe()\" class=\"foobox\" rel=\"nofollow noopener\"><img fetchpriority=\"high\" decoding=\"async\" src=\"https:\/\/www.europesays.com\/pt\/wp-content\/uploads\/2026\/07\/BYD-DOLPHIN-G-DM-i4-720x405.jpg\" alt=\"BYD DOLPHIN G DM-i\" width=\"720\" height=\"405\" class=\"aligncenter size-medium wp-image-1121226\"  \/><\/a>\n<\/p>\n<p>O BYD DOLPHIN G DM-i foi desenvolvido para quem procura um autom\u00f3vel compacto acess\u00edvel que combina a <strong>capacidade de emiss\u00f5es zero<\/strong> de um ve\u00edculo 100% el\u00e9trico com a <strong>m\u00e1xima flexibilidade para longas dist\u00e2ncias de um h\u00edbrido<\/strong>.<\/p>\n<p>O sistema <strong>Super H\u00edbrido Plug-in com tecnologia DM 5.0<\/strong> da <a target=\"_blank\" href=\"https:\/\/www.byd-auto.pt\/\" rel=\"nofollow noopener\">BYD<\/a> proporciona uma experi\u00eancia de condu\u00e7\u00e3o el\u00e9trica, com uma acelera\u00e7\u00e3o forte e suave gra\u00e7as ao seu motor el\u00e9trico montado na dianteira e autonomia mais do que suficiente com a <strong>BYD Blade Battery<\/strong> para completar os trajetos di\u00e1rios sem qualquer necessidade de utilizar gasolina.<\/p>\n<p>Quando \u00e9 necess\u00e1rio realizar viagens mais longas, o BYD DOLPHIN G DM-i <strong>gere de forma inteligente o seu sistema h\u00edbrido<\/strong> para alcan\u00e7ar uma flexibilidade que ultrapassa as capacidades de modelos do segmento B convencionais movidos pelo motor de combust\u00e3o,<\/p>\n<p>Assim, atinge um consumo de combust\u00edvel ponderado (com a bateria totalmente carregada) de <strong>1,4 L\/100 km e at\u00e9 1040 km de autonomia<\/strong> com uma carga completa e um dep\u00f3sito cheio de gasolina.<\/p>\n<p>Esta combina\u00e7\u00e3o de efici\u00eancia e longo alcance \u00e9 \u00fanica no segmento B, transformando este no <strong>primeiro autom\u00f3vel desenvolvido pela BYD especificamente para a Europa<\/strong>.<\/p>\n<p style=\"text-align: center;\">\n<p>O design ideal para a Europa?<\/p>\n<p>Com um comprimento de <strong>4160 mm e uma largura de 1825 mm<\/strong>, apresenta linhas firmes que sugerem estabilidade e um esp\u00edrito desportivo, ao mesmo tempo que as manobras e o estacionamento em contexto urbano.<\/p>\n<p>As suas dimens\u00f5es globais, 170 mm mais curto do que o SUV ATTO 2 DM-i, fazem do BYD DOLPHIN G DM-i o modelo equipado com a tecnologia h\u00edbrida plug-in, DM 5.0 mais compacto da BYD.<\/p>\n<p>No interior, o foco est\u00e1 no <strong>espa\u00e7o, na simplicidade e na facilidade de utiliza\u00e7\u00e3o<\/strong>. O tablier apresenta linhas horizontais simples, concebidas para aumentar a largura visual, e sa\u00eddas de ar para o ar condicionado autom\u00e1tico integradas em ambos os cantos.<\/p>\n<p>O painel de instrumentos digital \u00e9 de <strong>8,8 polegadas<\/strong> e est\u00e1 incorporado nas linhas curvas que atravessam o tablier, enquanto o ecr\u00e3 de infoentretenimento de <strong>12,8 polegadas<\/strong> surge destacado, de forma a facilitar o acesso ao mesmo.<\/p>\n<dl class=\"gallery-item\">\n<dt class=\"gallery-icon landscape\">\n\t\t\t\t<a data-attachment-id=\"1121225\" href=\"https:\/\/pplware.sapo.pt\/wp-content\/uploads\/2026\/05\/BYD-DOLPHIN-G-DM-i3.jpg\" rel=\"nofollow noopener\" target=\"_blank\"><img loading=\"lazy\" decoding=\"async\" width=\"720\" height=\"405\" src=\"https:\/\/www.europesays.com\/pt\/wp-content\/uploads\/2026\/07\/BYD-DOLPHIN-G-DM-i3-720x405.jpg\" class=\"attachment-medium size-medium\" alt=\"BYD DOLPHIN G DM-i\"  \/><\/a>\n\t\t\t<\/dt>\n<\/dl>\n<dl class=\"gallery-item\">\n<dt class=\"gallery-icon landscape\">\n\t\t\t\t<a data-attachment-id=\"1121224\" href=\"https:\/\/pplware.sapo.pt\/wp-content\/uploads\/2026\/05\/BYD-DOLPHIN-G-DM-i2.jpg\" rel=\"nofollow noopener\" target=\"_blank\"><img loading=\"lazy\" decoding=\"async\" width=\"720\" height=\"405\" src=\"https:\/\/www.europesays.com\/pt\/wp-content\/uploads\/2026\/07\/BYD-DOLPHIN-G-DM-i2-720x405.jpg\" class=\"attachment-medium size-medium\" alt=\"BYD DOLPHIN G DM-i\"  \/><\/a>\n\t\t\t<\/dt>\n<\/dl>\n<p><br style=\"clear: both\"\/><\/p>\n<p>O <strong>seletor de velocidades est\u00e1 montado na coluna de dire\u00e7\u00e3o<\/strong>, libertando espa\u00e7o entre os bancos dianteiros, onde sobressai uma \u00e1rea de arruma\u00e7\u00e3o com dois n\u00edveis, complementada por uma divis\u00f3ria, um suporte para copos e, na maioria das vers\u00f5es, uma base de carregamento sem fios para smartphones.<\/p>\n<p>Uma linha simples de bot\u00f5es na base do tablier controla fun\u00e7\u00f5es essenciais do ve\u00edculo, como o desembaciador do para-brisas ou os modos de condu\u00e7\u00e3o.<\/p>\n<p>A disposi\u00e7\u00e3o do espa\u00e7o e a dist\u00e2ncia entre eixos de 2610 mm, superior \u00e0 de qualquer um dos concorrentes do BYD DOLPHIN G DM-i com motoriza\u00e7\u00e3o convencional, proporcionam uma <strong>capacidade da bagageira que excede a da maioria dos hatchback familiares, com 425 litros<\/strong>, incluindo um compartimento discreto de 45 litros por baixo do piso.<\/p>\n<p>Este volume total pode ser ampliado para <strong>1225 litros rebatendo os bancos traseiros<\/strong> na propor\u00e7\u00e3o 40:60. As laterais da bagageira disp\u00f5em de ganchos fixos para prender os sacos de compras com seguran\u00e7a.<\/p>\n<p><a target=\"_blank\" href=\"https:\/\/pplware.sapo.pt\/wp-content\/uploads\/2026\/07\/Novo-BYD-DOLPHIN-G-DM-i-traz-tecnologia-Super-Hi\u0301brida-Plug-in-para-redefinir-o-segmento-B-3.jpg\" onclick=\"refreshIframe()\" class=\"foobox\" rel=\"nofollow noopener\"><img loading=\"lazy\" decoding=\"async\" src=\"https:\/\/www.europesays.com\/pt\/wp-content\/uploads\/2026\/07\/Novo-BYD-DOLPHIN-G-DM-i-traz-tecnologia-Super-Hi\u0301brida-Plug-in-para-redefinir-o-segmento-B-3-720x405.jpeg\" alt=\"BYD DOLPHIN G DM-i \" width=\"720\" height=\"405\" class=\"aligncenter wp-image-1127724 size-medium\"  \/><\/a><\/p>\n<p>Super h\u00edbrido com tecnologia 5.0<\/p>\n<p>O BYD DOLPHIN G DM-i aproveita o potencial do Super H\u00edbrido com tecnologia DM 5.0, desenvolvida pela pr\u00f3pria BYD, para oferecer ganhos substanciais em termos de efici\u00eancia, flexibilidade de autonomia e desempenho.<\/p>\n<p>Ao contr\u00e1rio dos sistemas h\u00edbridos plug-in convencionais, a <strong>arquitetura<\/strong> <strong>DM da BYD \u00e9 orientada para o modo el\u00e9trico<\/strong>. Isto proporciona a experi\u00eancia de condu\u00e7\u00e3o silenciosa e responsiva de um ve\u00edculo totalmente el\u00e9trico e permite que o motor a gasolina (da fam\u00edlia Xiaoyun) de 1,5 litros, funcione da forma mais eficiente poss\u00edvel, mantenha a Blade Battery carregada e ajude na tra\u00e7\u00e3o em caso de necessidade.<\/p>\n<p>A designa\u00e7\u00e3o <strong>&#8220;DM-i&#8221; do Super H\u00edbrido significa &#8220;Dual Mode Intelligence&#8221;<\/strong>, embora isto simplifique uma configura\u00e7\u00e3o que inclui dois motores el\u00e9tricos (um motor de tra\u00e7\u00e3o e um gerador), um motor a combust\u00e3o e uma gest\u00e3o constante por parte das unidades de controlo de pot\u00eancia, de forma a fornecer a combina\u00e7\u00e3o necess\u00e1ria de desempenho e efici\u00eancia.<\/p>\n<p><a target=\"_blank\" href=\"https:\/\/pplware.sapo.pt\/wp-content\/uploads\/2026\/07\/Novo-BYD-DOLPHIN-G-DM-i-traz-tecnologia-Super-Hi\u0301brida-Plug-in-para-redefinir-o-segmento-B-2.jpg\" onclick=\"refreshIframe()\" class=\"foobox\" rel=\"nofollow noopener\"><img loading=\"lazy\" decoding=\"async\" src=\"https:\/\/www.europesays.com\/pt\/wp-content\/uploads\/2026\/07\/Novo-BYD-DOLPHIN-G-DM-i-traz-tecnologia-Super-Hi\u0301brida-Plug-in-para-redefinir-o-segmento-B-2-720x405.jpeg\" alt=\"BYD DOLPHIN G DM-i\" width=\"720\" height=\"405\" class=\"aligncenter wp-image-1127723 size-medium\"  \/><\/a><\/p>\n<p>Existem, de facto, dois modos \u2013 <strong>o modo EV e o modo h\u00edbrido HEV<\/strong> \u2013, mas este \u00faltimo pode funcionar de v\u00e1rias formas.<\/p>\n<ul>\n<li><strong>No modo EV<\/strong>, o BYD DOLPHIN G DM-i funciona como um <strong>ve\u00edculo totalmente el\u00e9trico<\/strong>, dependendo exclusivamente da energia da bateria e s\u00f3 liga o motor a combust\u00e3o quando o n\u00edvel de carga da bateria se esgota. Utiliza apenas o motor el\u00e9trico de tra\u00e7\u00e3o, que pode tamb\u00e9m ser usado para recuperar energia que de outra forma se perderia durante a travagem, ajudando assim a recarregar a bateria.<\/li>\n<li>Quando o condutor seleciona o modo HEV ou H\u00edbrido, ou quando o pr\u00f3prio sistema ativa este modo devido \u00e0 descarga da bateria, os sistemas de &#8220;Intelig\u00eancia&#8221; assumem o controlo, <strong>alternando entre cinco configura\u00e7\u00f5es<\/strong>, consoante fatores como o estado de carga e a situa\u00e7\u00e3o de condu\u00e7\u00e3o.<\/li>\n<\/ul>\n<p>No BYD DOLPHIN G DM-i, o motor el\u00e9trico s\u00edncrono de \u00edmanes permanentes produz, por si s\u00f3,<strong> 163 CV (120 kW) e 210 Nm<\/strong>, permitindo uma <strong>acelera\u00e7\u00e3o de 0 a 100 km\/h em apenas 8,3 segundos<\/strong>. Este desempenho significa que o citadino tem sempre o mesmo desempenho, seja em estradas nacionais, em autoestradas ou no tr\u00e2nsito urbano.<\/p>\n<p>As <strong>vers\u00f5es<\/strong> <strong>Boost e Comfort t\u00eam uma BYD Blade Battery de 18,3 kWh<\/strong>, o que disponibiliza uma autonomia em modo totalmente el\u00e9trico para<strong> 105 km<\/strong> e a autonomia total combinada para 1040 km, reduzindo as emiss\u00f5es de CO2 para<strong> 32 g\/km<\/strong>.<\/p>\n<p>As <strong>vers\u00f5es Boost e Comfort apresentam uma pot\u00eancia de carregamento (AC) de 6,6 kW<\/strong> e incluem uma capacidade de carregamento em <strong>corrente cont\u00ednua (DC) de 39 kW<\/strong>, que leva a bateria de <strong>18,3 kWh<\/strong> <strong>de\u00a010 % a 80 % em apenas 26 minutos<\/strong>.<\/p>\n<p><a target=\"_blank\" href=\"https:\/\/pplware.sapo.pt\/wp-content\/uploads\/2026\/05\/BYD-DOLPHIN-G-DM-i1.jpg\" onclick=\"refreshIframe()\" class=\"foobox\" rel=\"nofollow noopener\"><img loading=\"lazy\" decoding=\"async\" src=\"https:\/\/www.europesays.com\/pt\/wp-content\/uploads\/2026\/07\/BYD-DOLPHIN-G-DM-i1-720x405.jpg\" alt=\"BYD DOLPHIN G DM-i\" width=\"720\" height=\"405\" class=\"aligncenter size-medium wp-image-1121222\"  \/><\/a><\/p>\n<p>Dois n\u00edveis de equipamento<\/p>\n<p>O BYD DOLPHIN G DM-i vai ser comercializado com uma escolha de <strong>dois n\u00edveis de equipamento<\/strong>.<\/p>\n<p>No n\u00edvel Boost, a BYD Blade Battery tem uma capacidade de <strong>18,3 kWh<\/strong>, totalizando uma autonomia em modo totalmente el\u00e9trico do BYD DOLPHIN G DM-i de <strong>105 km<\/strong> e uma autonomia total combinada de <strong>1040 km<\/strong>.<\/p>\n<p>Esta vers\u00e3o j\u00e1 conta com um ecr\u00e3 de infoentretenimento maior, de <strong>12,8 polegadas<\/strong>, e traz aquecimento dos bancos dianteiros e volante, espelho retrovisor com escurecimento autom\u00e1tico, espelhos laterais rebat\u00edveis eletricamente, ilumina\u00e7\u00e3o ambiente no habit\u00e1culo multicolorida, uma base de carregamento sem fios para smartphone de 15 W, sa\u00eddas de ar traseiras, portas USB de carregamento traseiras e um sistema de \u00e1udio mais potente com oito altifalantes.<\/p>\n<p>A vers\u00e3o Boost acrescenta a fun\u00e7\u00e3o <strong>Vehicle-to-Load (V2L)<\/strong>, outra funcionalidade inteligente para este segmento que permite alimentar dispositivos externos, desde uma m\u00e1quina de caf\u00e9, um computador port\u00e1til, luzes decorativas ou at\u00e9 mesmo um grelhador el\u00e9trico.<\/p>\n<p>Quanto ao BYD DOLPHIN G DM-i Comfort, este apresenta funcionalidades de gama alta, nomeadamente um <strong>head-up display<\/strong>, um<strong> teto panor\u00e2mico<\/strong> com cortina eletricamente ajust\u00e1vel, luzes de cortesia nos espelhos retrovisores exteriores, estofos em tecido e pele vegan, ajuste el\u00e9trico e apoio lombar ajust\u00e1vel eletricamente no banco do condutor, e uma <strong>c\u00e2mara com vis\u00e3o panor\u00e2mica 360\u00b0<\/strong>, juntamente com jantes em liga leve de 18 polegadas.<\/p>\n<p>O sistema de infoentretenimento tamb\u00e9m foi atualizado com integra\u00e7\u00e3o de Google, disponibilizando o <strong>Google Assistant e Google Play Store<\/strong>, tendo assim a possibilidade de instalar aplica\u00e7\u00f5es adicionais, como jogos e servi\u00e7os de streaming de multim\u00e9dia.<\/p>\n<p><a target=\"_blank\" href=\"https:\/\/pplware.sapo.pt\/wp-content\/uploads\/2026\/07\/Novo-BYD-DOLPHIN-G-DM-i-traz-tecnologia-Super-Hi\u0301brida-Plug-in-para-redefinir-o-segmento-B-1.jpg\" onclick=\"refreshIframe()\" class=\"foobox\" rel=\"nofollow noopener\"><img loading=\"lazy\" decoding=\"async\" src=\"https:\/\/www.europesays.com\/pt\/wp-content\/uploads\/2026\/07\/Novo-BYD-DOLPHIN-G-DM-i-traz-tecnologia-Super-Hi\u0301brida-Plug-in-para-redefinir-o-segmento-B-1-720x405.jpeg\" alt=\"BYD DOLPHIN G DM-i\" width=\"720\" height=\"405\" class=\"aligncenter size-medium wp-image-1127722\"  \/><\/a><\/p>\n<p>BYD firmemente focada na seguran\u00e7a<\/p>\n<p>A BYD est\u00e1 firmemente empenhada na seguran\u00e7a e, apesar das suas dimens\u00f5es compactas, o BYD DOLPHIN G DM-i apresenta um <strong>conjunto abrangente de funcionalidades de assist\u00eancia ao condutor<\/strong>.<\/p>\n<p>Todas as vers\u00f5es incluem de s\u00e9rie sensores de estacionamento dianteiros e traseiros, a vers\u00e3o Boost disp\u00f5em de uma c\u00e2mara de vis\u00e3o traseira, enquanto a vers\u00e3o Comfort amplia esta funcionalidade para uma vis\u00e3o de 360\u00b0, proporcionando visibilidade panor\u00e2mica.<\/p>\n<p>A tecnologia de assist\u00eancia ao condutor em todos os n\u00edveis de equipamento inclui:<\/p>\n<ul>\n<li>Controlo de Velocidade Adaptativo;<\/li>\n<li>Controlo Inteligente do Limite de Velocidade (ISLC);<\/li>\n<li>Assistente de Sa\u00edda de Faixa de Rodagem (LDA);<\/li>\n<li>Alerta de Colis\u00e3o no Tr\u00e1fego Cruzado Dianteiro (FCTA) com fun\u00e7\u00e3o de Travagem (FCTB);<\/li>\n<li>Dete\u00e7\u00e3o do \u00c2ngulo Morto (BSD);<\/li>\n<li>Sistema de Monitoriza\u00e7\u00e3o do Condutor (DMS);<\/li>\n<li>Aviso de Abertura de Porta (DOW).<\/li>\n<\/ul>\n<p><a target=\"_blank\" href=\"https:\/\/pplware.sapo.pt\/wp-content\/uploads\/2026\/07\/Novo-BYD-DOLPHIN-G-DM-i-traz-tecnologia-Super-Hi\u0301brida-Plug-in-para-redefinir-o-segmento-B-5.jpg\" onclick=\"refreshIframe()\" class=\"foobox\" rel=\"nofollow noopener\"><img loading=\"lazy\" decoding=\"async\" src=\"https:\/\/www.europesays.com\/pt\/wp-content\/uploads\/2026\/07\/Novo-BYD-DOLPHIN-G-DM-i-traz-tecnologia-Super-Hi\u0301brida-Plug-in-para-redefinir-o-segmento-B-5-720x405.jpeg\" alt=\"BYD DOLPHIN G DM-i\" width=\"720\" height=\"405\" class=\"aligncenter size-medium wp-image-1127725\"  \/><\/a><\/p>\n<p>J\u00e1 dispon\u00edvel em Portugal<\/p>\n<p>O novo BYD DOLPHIN G DM-i j\u00e1 est\u00e1 dispon\u00edvel para venda, em Portugal, com <strong>uma cor interior (Balck)<\/strong> e <strong>cinco cores exteriores<\/strong>:<\/p>\n<ul>\n<li>Skiing White;<\/li>\n<li>Time Grey;<\/li>\n<li>Obsidian Black;<\/li>\n<li>Ocean Blue;<\/li>\n<li>Orange Sunset.<\/li>\n<\/ul>\n<p>O novo BYD DOLPHIN G DM-i est\u00e1 dispon\u00edvel para venda a partir de <strong>24.385 euros (+ IVA)<\/strong>.<\/p>\n<p>Durante o m\u00eas de julho, estar\u00e1 dispon\u00edvel uma <strong>campanha especial de lan\u00e7amento<\/strong> que conta com a <strong>oferta de manuten\u00e7\u00e3o de dois anos ou 30.000 km<\/strong>. O novo modelo vir\u00e1 com o <strong>habitual pacote de garantia de ve\u00edculos BYD<\/strong>: seis anos ou 150.000 km para o ve\u00edculo e oito anos ou 250.000 km de cobertura para a bateria.<\/p>\n","protected":false},"excerpt":{"rendered":"A BYD apresentou oficialmente o novo BYD DOLPHIN G DM-i, em simult\u00e2neo nos concession\u00e1rios da marca em todo&hellip;\n","protected":false},"author":2,"featured_media":438656,"comment_status":"","ping_status":"","sticky":false,"template":"","format":"standard","meta":{"footnotes":"","_share_on_mastodon":"0"},"categories":[83],"tags":[88,3895,65577,89,90,32,33],"class_list":["post-438655","post","type-post","status-publish","format-standard","has-post-thumbnail","category-empresas","tag-business","tag-byd","tag-byd-dolphin-g-dm-i","tag-economy","tag-empresas","tag-portugal","tag-pt"],"share_on_mastodon":{"url":"https:\/\/pubeurope.com\/@pt\/116855786591923933","error":""},"_links":{"self":[{"href":"https:\/\/www.europesays.com\/pt\/wp-json\/wp\/v2\/posts\/438655","targetHints":{"allow":["GET"]}}],"collection":[{"href":"https:\/\/www.europesays.com\/pt\/wp-json\/wp\/v2\/posts"}],"about":[{"href":"https:\/\/www.europesays.com\/pt\/wp-json\/wp\/v2\/types\/post"}],"author":[{"embeddable":true,"href":"https:\/\/www.europesays.com\/pt\/wp-json\/wp\/v2\/users\/2"}],"replies":[{"embeddable":true,"href":"https:\/\/www.europesays.com\/pt\/wp-json\/wp\/v2\/comments?post=438655"}],"version-history":[{"count":0,"href":"https:\/\/www.europesays.com\/pt\/wp-json\/wp\/v2\/posts\/438655\/revisions"}],"wp:featuredmedia":[{"embeddable":true,"href":"https:\/\/www.europesays.com\/pt\/wp-json\/wp\/v2\/media\/438656"}],"wp:attachment":[{"href":"https:\/\/www.europesays.com\/pt\/wp-json\/wp\/v2\/media?parent=438655"}],"wp:term":[{"taxonomy":"category","embeddable":true,"href":"https:\/\/www.europesays.com\/pt\/wp-json\/wp\/v2\/categories?post=438655"},{"taxonomy":"post_tag","embeddable":true,"href":"https:\/\/www.europesays.com\/pt\/wp-json\/wp\/v2\/tags?post=438655"}],"curies":[{"name":"wp","href":"https:\/\/api.w.org\/{rel}","templated":true}]}}