{"id":438780,"date":"2026-07-03T13:49:17","date_gmt":"2026-07-03T13:49:17","guid":{"rendered":"https:\/\/www.europesays.com\/pt\/438780\/"},"modified":"2026-07-03T13:49:17","modified_gmt":"2026-07-03T13:49:17","slug":"maior-fabrica-do-mundo-de-baterias-em-segunda-mao-abriu-em-apenas-seis-semanas","status":"publish","type":"post","link":"https:\/\/www.europesays.com\/pt\/438780\/","title":{"rendered":"Maior f\u00e1brica do mundo de baterias &#8220;em segunda m\u00e3o&#8221; abriu em apenas seis semanas"},"content":{"rendered":"<p>Uma startup do Canad\u00e1 inaugurou aquela que descreve como a maior f\u00e1brica de reaproveitamento de baterias de ve\u00edculos el\u00e9tricos do mundo. O mais impressionante n\u00e3o \u00e9 apenas a escala do projeto, mas a velocidade, uma vez que da apresenta\u00e7\u00e3o p\u00fablica \u00e0 entrada em funcionamento passaram-se apenas seis semanas.<\/p>\n<p><a target=\"_blank\" href=\"https:\/\/pplware.sapo.pt\/wp-content\/uploads\/2026\/07\/segunda-vida-baterias-reaproveitamento1.jpg\" onclick=\"refreshIframe()\" class=\"foobox\" rel=\"nofollow noopener\"><img fetchpriority=\"high\" decoding=\"async\" src=\"https:\/\/www.europesays.com\/pt\/wp-content\/uploads\/2026\/07\/segunda-vida-baterias-reaproveitamento1-720x405.jpg\" alt=\"\" width=\"720\" height=\"405\" class=\"aligncenter size-medium wp-image-1127860\"  \/><\/a>\n<\/p>\n<p>Uma segunda vida para baterias &#8220;reformadas&#8221;<\/p>\n<p>Pelas m\u00e3os da Moment Energy, uma startup da Col\u00fambia Brit\u00e2nica, no Canad\u00e1, a chamada Megafactory 1 <a target=\"_blank\" href=\"https:\/\/www.nationalobserver.com\/2026\/06\/24\/news\/moment-energy-opens-worlds-largest-second-life-battery-plant-hometown\" rel=\"nofollow noopener\">abriu portas em Surrey<\/a>, na \u00e1rea metropolitana de Vancouver, a 23 de junho.<\/p>\n<p>O objetivo \u00e9 que, em vez de reciclar imediatamente as baterias que saem de ve\u00edculos el\u00e9tricos em fim de vida \u00fatil, a Moment Energy <strong>testa-as, desmonta-as e reconstr\u00f3i-as em sistemas de armazenamento de energia \u00e0 escala comercial<\/strong>.<\/p>\n<p>De facto, uma bateria retirada de um carro el\u00e9trico est\u00e1 longe de estar &#8220;morta&#8221;, mantendo tipicamente entre <strong>80% e 85%<\/strong> da sua capacidade original.<\/p>\n<p>Apesar de j\u00e1 n\u00e3o ser suficiente para mover um autom\u00f3vel com o desempenho exigido, <strong>\u00e9 material demasiado bom para deitar fora<\/strong>.<\/p>\n<p>Por isso, a solu\u00e7\u00e3o da empresa \u00e9 <strong>dar-lhe uma segunda vida a estabilizar redes el\u00e9tricas, alimentar hospitais, aeroportos e centros de dados<\/strong>.<\/p>\n<p><a target=\"_blank\" href=\"https:\/\/pplware.sapo.pt\/wp-content\/uploads\/2026\/07\/moment-energy-baterias.jpg\" onclick=\"refreshIframe()\" class=\"foobox\" rel=\"nofollow noopener\"><img loading=\"lazy\" decoding=\"async\" aria-describedby=\"caption-attachment-1127856\" src=\"https:\/\/www.europesays.com\/pt\/wp-content\/uploads\/2026\/07\/moment-energy-baterias-720x405.jpg\" alt=\"\" width=\"720\" height=\"405\" class=\"wp-image-1127856 size-medium\"  \/><\/a><\/p>\n<p id=\"caption-attachment-1127856\" class=\"wp-caption-text\">Paddy Riley, engenheiro el\u00e9trico principal, segura uma pequena vers\u00e3o impressa em 3D do sistema de armazenamento de energia da bateria no evento de inaugura\u00e7\u00e3o da f\u00e1brica da Moment Energy, em Surrey, em 23 de junho de 2026. Fonte: <a target=\"_blank\" href=\"https:\/\/surreynowleader.com\/2026\/06\/24\/worlds-largest-ev-battery-repurposing-facility-opens-in-surrey\/\" rel=\"nofollow noopener\">Surrey Now-Leader<\/a><\/p>\n<p>O processo de recondicionamento, a que a empresa chama cycling, envolve <strong>ciclos repetidos de carga e descarga seguidos de testes rigorosos<\/strong>.<\/p>\n<p>Segundo Edward Chiang, diretor-executivo da startup, enquanto a concorr\u00eancia demora cerca de tr\u00eas dias a processar cada bateria, o sistema assistido por Intelig\u00eancia Artificial da Moment Energy <strong>faz o mesmo em apenas seis horas<\/strong>.<\/p>\n<p>Depois de aprovadas, as baterias s\u00e3o empilhadas em racks, &#8220;como blocos de Lego&#8221;, na descri\u00e7\u00e3o de Chiang, e <strong>podem continuar a funcionar durante mais 15 a 20 anos<\/strong>.<\/p>\n<p>N\u00fameros impresionantes<\/p>\n<p>A f\u00e1brica de Surrey tem capacidade para processar <strong>25.000 baterias por ano<\/strong> e, quando atingir plena capacidade em 2030, dever\u00e1 produzir <strong>um gigawatt-hora de sistemas de armazenamento anualmente<\/strong>, energia suficiente para abastecer mais de <strong>350.000 casas<\/strong>.<\/p>\n<blockquote class=\"instagram-media\" data-instgrm-captioned=\"\" data-instgrm-permalink=\"https:\/\/www.instagram.com\/reel\/DZ_QqxpDgXi\/?utm_source=ig_embed&amp;utm_campaign=loading\" data-instgrm-version=\"14\" style=\"background: #FFF; border: 0; border-radius: 3px; box-shadow: 0 0 1px 0 rgba(0,0,0,0.5),0 1px 10px 0 rgba(0,0,0,0.15); margin: 1px; max-width: 540px; min-width: 326px; padding: 0; width: calc(100% - 2px);\">\n<\/blockquote>\n<p>A Moment Energy estima ainda que o projeto crie <strong>mais de 100 empregos diretos<\/strong> e <strong>apoie mais de 1000 postos de trabalho indiretos<\/strong> na Col\u00fambia Brit\u00e2nica.<\/p>\n<p>Entre os clientes j\u00e1 confirmados est\u00e3o nomes como a <strong>Amazon<\/strong>, que fornece baterias usadas da sua frota de entregas el\u00e9tricas e <strong>tamb\u00e9m investiu<\/strong> na empresa atrav\u00e9s do seu Climate Pledge Fund.<\/p>\n<p>Al\u00e9m da gigante do com\u00e9rcio eletr\u00f3nico, \u00e9 cliente a <strong>empresa de eletricidade BC Hydro<\/strong>, cujo programa de incentivos apoia instala\u00e7\u00f5es em infraestruturas cr\u00edticas. Um exemplo pr\u00e1tico j\u00e1 em funcionamento \u00e9 um sistema instalado no Aeroporto Internacional de Vancouver, que segundo Chiang <strong>evitou uma fatura de 20 milh\u00f5es de d\u00f3lares em upgrades<\/strong> \u00e0 rede el\u00e9trica local.<\/p>\n<p>Mais um sucesso sa\u00eddo de uma garagem<\/p>\n<p>A Moment Energy nasceu <strong>em 2019, numa garagem em Surrey<\/strong>, pelas m\u00e3os de quatro engenheiros rec\u00e9m-formados na Simon Fraser University: Edward Chiang, Sumreen Rattan, Gabriel Soares e Gurmesh Sidhu.<\/p>\n<p>Seis anos depois, o regresso \u00e0 mesma cidade para <strong>abrir a sua terceira instala\u00e7\u00e3o<\/strong>, depois de Port Coquitlam e de uma f\u00e1brica em constru\u00e7\u00e3o no Texas, fecha um ciclo que os fundadores descrevem como um &#8220;dar de volta&#8221; \u00e0 comunidade que os viu crescer.<\/p>\n<p><a target=\"_blank\" href=\"https:\/\/pplware.sapo.pt\/wp-content\/uploads\/2026\/07\/moment-energy-baterias00.jpg\" onclick=\"refreshIframe()\" class=\"foobox\" rel=\"nofollow noopener\"><img loading=\"lazy\" decoding=\"async\" aria-describedby=\"caption-attachment-1127854\" src=\"https:\/\/www.europesays.com\/pt\/wp-content\/uploads\/2026\/07\/moment-energy-baterias00-720x405.jpg\" alt=\"\" width=\"720\" height=\"405\" class=\"wp-image-1127854 size-medium\"  \/><\/a><\/p>\n<p id=\"caption-attachment-1127854\" class=\"wp-caption-text\">Fundadores da Moment Energy nas novas instala\u00e7\u00f5es, em Surrey. Gabriel Soares e Gurmesh Sidhu (atr\u00e1s, da esquerda para a direita), Sumreen Rattan e Edward Chiang (\u00e0 frente, da esquerda para a direita). Cr\u00e9dito: Leonardo DeGorter\/<a target=\"_blank\" href=\"https:\/\/www.nationalobserver.com\/2026\/06\/24\/news\/moment-energy-opens-worlds-largest-second-life-battery-plant-hometown\" rel=\"nofollow noopener\">Canada&#8217;s National Observer<\/a><\/p>\n<p>A empresa j\u00e1 angariou <strong>mais de 100 milh\u00f5es de d\u00f3lares em financiamento<\/strong>, combinando capital privado, incluindo a Amazon e fundos como a Voyager Ventures e a Evok Innovations, com apoios p\u00fablicos, como os 4,9 milh\u00f5es de d\u00f3lares canadianos da ag\u00eancia federal PacifiCan e um financiamento de 20 milh\u00f5es de d\u00f3lares do Departamento de Energia dos Estados Unidos para o projeto no Texas.<\/p>\n<p>No pr\u00f3prio dia da inaugura\u00e7\u00e3o, a organiza\u00e7\u00e3o sem fins lucrativos NorthX Climate Tech anunciou um <strong>investimento adicional de tr\u00eas milh\u00f5es de d\u00f3lares<\/strong>.<\/p>\n<blockquote>\n<p>Anunci\u00e1mos este projeto h\u00e1 <a target=\"_blank\" href=\"https:\/\/www.nationalobserver.com\/2026\/05\/21\/news\/worlds-biggest-second-life-battery-plant-open-june-key-moment-startups-growth-plans\" rel=\"nofollow noopener\">seis semanas<\/a>. Hoje, ele j\u00e1 est\u00e1 em opera\u00e7\u00e3o. A procura por armazenamento de energia est\u00e1 a acelerar, assim como a oferta de baterias de ve\u00edculos el\u00e9tricos descartadas. Mostramos que a tecnologia certa pode permitir que a Am\u00e9rica do Norte recupere a produ\u00e7\u00e3o nacional em semanas, n\u00e3o em d\u00e9cadas, criando milhares de empregos e prosperidade econ\u00f3mica.<\/p>\n<\/blockquote>\n<p>Disse Edward Chiang, no dia da inaugura\u00e7\u00e3o.<\/p>\n<p>Um plano para reduzir a depend\u00eancia da China em baterias<\/p>\n<p>Por detr\u00e1s da narrativa de sustentabilidade est\u00e1, tamb\u00e9m, uma <strong>l\u00f3gica de soberania industrial<\/strong>.<\/p>\n<p>O diretor-executivo n\u00e3o esconde a <strong>preocupa\u00e7\u00e3o com a atual depend\u00eancia ocidental da produ\u00e7\u00e3o chinesa de baterias<\/strong>, que segundo o pr\u00f3prio representa mais de 90% do mercado mundial.<\/p>\n<p>A aposta da Moment Energy passa por <strong>reaproveitar baterias que j\u00e1 existem em solo norte-americano<\/strong>, evitando construir de raiz uma cadeia de fabrico totalmente nova, um processo que, segundo ele, normalmente levaria d\u00e9cadas e que a empresa conseguiu comprimir em semanas.<\/p>\n<p>\t\t\t\t\t\t<script async src=\"\/\/www.instagram.com\/embed.js\"><\/script><\/p>\n","protected":false},"excerpt":{"rendered":"Uma startup do Canad\u00e1 inaugurou aquela que descreve como a maior f\u00e1brica de reaproveitamento de baterias de ve\u00edculos&hellip;\n","protected":false},"author":2,"featured_media":438781,"comment_status":"","ping_status":"","sticky":false,"template":"","format":"standard","meta":{"footnotes":"","_share_on_mastodon":"0"},"categories":[83],"tags":[6059,88,744,89,90,32,33,15598],"class_list":["post-438780","post","type-post","status-publish","format-standard","has-post-thumbnail","category-empresas","tag-bateria","tag-business","tag-carro-eletrico","tag-economy","tag-empresas","tag-portugal","tag-pt","tag-veiculo-eletrico"],"share_on_mastodon":{"url":"https:\/\/pubeurope.com\/@pt\/116856368346568520","error":""},"_links":{"self":[{"href":"https:\/\/www.europesays.com\/pt\/wp-json\/wp\/v2\/posts\/438780","targetHints":{"allow":["GET"]}}],"collection":[{"href":"https:\/\/www.europesays.com\/pt\/wp-json\/wp\/v2\/posts"}],"about":[{"href":"https:\/\/www.europesays.com\/pt\/wp-json\/wp\/v2\/types\/post"}],"author":[{"embeddable":true,"href":"https:\/\/www.europesays.com\/pt\/wp-json\/wp\/v2\/users\/2"}],"replies":[{"embeddable":true,"href":"https:\/\/www.europesays.com\/pt\/wp-json\/wp\/v2\/comments?post=438780"}],"version-history":[{"count":0,"href":"https:\/\/www.europesays.com\/pt\/wp-json\/wp\/v2\/posts\/438780\/revisions"}],"wp:featuredmedia":[{"embeddable":true,"href":"https:\/\/www.europesays.com\/pt\/wp-json\/wp\/v2\/media\/438781"}],"wp:attachment":[{"href":"https:\/\/www.europesays.com\/pt\/wp-json\/wp\/v2\/media?parent=438780"}],"wp:term":[{"taxonomy":"category","embeddable":true,"href":"https:\/\/www.europesays.com\/pt\/wp-json\/wp\/v2\/categories?post=438780"},{"taxonomy":"post_tag","embeddable":true,"href":"https:\/\/www.europesays.com\/pt\/wp-json\/wp\/v2\/tags?post=438780"}],"curies":[{"name":"wp","href":"https:\/\/api.w.org\/{rel}","templated":true}]}}