{"id":438877,"date":"2026-07-03T15:31:10","date_gmt":"2026-07-03T15:31:10","guid":{"rendered":"https:\/\/www.europesays.com\/pt\/438877\/"},"modified":"2026-07-03T15:31:10","modified_gmt":"2026-07-03T15:31:10","slug":"fc-porto-francesco-farioli-impressionado-com-jogador-na-pre-temporada","status":"publish","type":"post","link":"https:\/\/www.europesays.com\/pt\/438877\/","title":{"rendered":"FC Porto: Francesco Farioli impressionado com jogador na pr\u00e9-temporada"},"content":{"rendered":"<p>&#8211; Advertisement &#8211;<\/p>\n<p class=\"wp-block-paragraph\">Francesco Farioli j\u00e1 come\u00e7ou a orientar os treinos de pr\u00e9-temporada do FC Porto e alguns jogadores encontram-se em destaque. De acordo com o jornal A Bola, o t\u00e9cnico italiano mostrou-se impressionado com a condi\u00e7\u00e3o f\u00edsica de Andr\u00e9 Silva, um dos refor\u00e7os dos azuis e brancos.<\/p>\n<p class=\"wp-block-paragraph\">O ponta de lan\u00e7a tem dado o seu m\u00e1ximo, depois de nas \u00faltimas \u00e9pocas a sua trajet\u00f3ria ter sido marcada por algumas les\u00f5es, com a equipa t\u00e9cnica a n\u00e3o imaginar que Andr\u00e9 Silva se apresentaria t\u00e3o bem. O internacional portugu\u00eas tamb\u00e9m treinou individualmente antes da pr\u00e9-temporada.<\/p>\n<p class=\"wp-block-paragraph\">Andr\u00e9 Silva tem 30 anos e est\u00e1 de regresso ao Drag\u00e3o, depois de ter sa\u00eddo do FC Porto rumo ao <a href=\"https:\/\/bolanarede.pt\/etiqueta\/ac-milan\/\" target=\"_blank\" rel=\"noreferrer noopener nofollow\">AC Milan<\/a> por 38 milh\u00f5es de euros em 2017. Na \u00faltima temporada esteve ao servi\u00e7o do Elche, conjunto que alcan\u00e7ou a manuten\u00e7\u00e3o na La Liga. Fez 32 jogos e marcou 10 golos. <\/p>\n","protected":false},"excerpt":{"rendered":"&#8211; Advertisement &#8211; Francesco Farioli j\u00e1 come\u00e7ou a orientar os treinos de pr\u00e9-temporada do FC Porto e alguns&hellip;\n","protected":false},"author":2,"featured_media":438878,"comment_status":"","ping_status":"","sticky":false,"template":"","format":"standard","meta":{"footnotes":"","_share_on_mastodon":"0"},"categories":[87],"tags":[4956,260,135,282,1011,32,479,33,134],"class_list":["post-438877","post","type-post","status-publish","format-standard","has-post-thumbnail","category-desporto","tag-andre-silva","tag-atualidade","tag-desporto","tag-fc-porto","tag-francesco-farioli","tag-portugal","tag-primeira-liga","tag-pt","tag-sports"],"share_on_mastodon":{"url":"https:\/\/pubeurope.com\/@pt\/116856768852145640","error":""},"_links":{"self":[{"href":"https:\/\/www.europesays.com\/pt\/wp-json\/wp\/v2\/posts\/438877","targetHints":{"allow":["GET"]}}],"collection":[{"href":"https:\/\/www.europesays.com\/pt\/wp-json\/wp\/v2\/posts"}],"about":[{"href":"https:\/\/www.europesays.com\/pt\/wp-json\/wp\/v2\/types\/post"}],"author":[{"embeddable":true,"href":"https:\/\/www.europesays.com\/pt\/wp-json\/wp\/v2\/users\/2"}],"replies":[{"embeddable":true,"href":"https:\/\/www.europesays.com\/pt\/wp-json\/wp\/v2\/comments?post=438877"}],"version-history":[{"count":0,"href":"https:\/\/www.europesays.com\/pt\/wp-json\/wp\/v2\/posts\/438877\/revisions"}],"wp:featuredmedia":[{"embeddable":true,"href":"https:\/\/www.europesays.com\/pt\/wp-json\/wp\/v2\/media\/438878"}],"wp:attachment":[{"href":"https:\/\/www.europesays.com\/pt\/wp-json\/wp\/v2\/media?parent=438877"}],"wp:term":[{"taxonomy":"category","embeddable":true,"href":"https:\/\/www.europesays.com\/pt\/wp-json\/wp\/v2\/categories?post=438877"},{"taxonomy":"post_tag","embeddable":true,"href":"https:\/\/www.europesays.com\/pt\/wp-json\/wp\/v2\/tags?post=438877"}],"curies":[{"name":"wp","href":"https:\/\/api.w.org\/{rel}","templated":true}]}}