{"id":439079,"date":"2026-07-03T18:46:23","date_gmt":"2026-07-03T18:46:23","guid":{"rendered":"https:\/\/www.europesays.com\/pt\/439079\/"},"modified":"2026-07-03T18:46:23","modified_gmt":"2026-07-03T18:46:23","slug":"as-lagrimas-a-quererem-cair-em-momento-de-despedida-sara-prata-desabafa-sobre-a-filha-coracao-de-mae-apertadinho","status":"publish","type":"post","link":"https:\/\/www.europesays.com\/pt\/439079\/","title":{"rendered":"As l\u00e1grimas a quererem cair&#8221;. Em momento de despedida, Sara Prata desabafa sobre a filha: &#8220;Cora\u00e7\u00e3o de m\u00e3e apertadinho"},"content":{"rendered":"<p>N\u00e3o h\u00e1 d\u00favidas: <a href=\"https:\/\/selfie.iol.pt\/famosos\/sara-prata\/durante-ferias-sara-prata-enfrenta-morte-do-sogro-e-conforta-noivo-ao-teu-lado-meu-amor\/20260416\/69e0f330d34e28842c82fc76\" target=\"_blank\" rel=\"nofollow noopener\">Sara Prata<\/a> \u00e9 uma m\u00e3e babada. Prova disso \u00e9 uma partilha divulgada pela pr\u00f3pria no Instagram na passada quinta-feira, dia 2.<\/p>\n<p>&#8220;Ainda nem comecei a escrever e j\u00e1 sinto as l\u00e1grimas a querer cair. Despedimo-nos hoje de um ciclo especial na vida da nossa Am\u00e9lia. Que privil\u00e9gio v\u00ea-la crescer numa escola que, todos os dias, semeou amor, carinho, respeito e lhe deu a liberdade de ser simplesmente crian\u00e7a. \u00c9 imposs\u00edvel n\u00e3o sentir orgulho ao v\u00ea-la tornar-se na menina que ela \u00e9. Mas ao mesmo tempo, d\u00e1 sempre um medinho. N\u00e3o porque ela esteja a crescer, mas porque vem a\u00ed um novo desafio, uma nova etapa&#8221;, come\u00e7ou por referir a atriz na legenda de uma s\u00e9rie de fotografias desse momento \u00fanico.<\/p>\n<p>De seguida, Sara Prata assinalou: &#8220;N\u00f3s estamos c\u00e1 para lhe dar a m\u00e3o, para a encorajar a avan\u00e7ar e para a fazer acreditar que consegue tudo. Eles seguem em frente com a nossa for\u00e7a\u2026 mas nunca imaginam que por detr\u00e1s de cada sorriso e de cada palavra de coragem e incentivo, est\u00e1 um cora\u00e7\u00e3o de m\u00e3e bem apertadinho. E de certeza que n\u00e3o \u00e9 s\u00f3 o meu, verdade?&#8221;<\/p>\n<p>Veja, agora, as imagens partilhadas por Sara Prata na galeria de fotografias que prepar\u00e1mos para si.\u00a0<\/p>\n","protected":false},"excerpt":{"rendered":"N\u00e3o h\u00e1 d\u00favidas: Sara Prata \u00e9 uma m\u00e3e babada. Prova disso \u00e9 uma partilha divulgada pela pr\u00f3pria no&hellip;\n","protected":false},"author":2,"featured_media":439080,"comment_status":"","ping_status":"","sticky":false,"template":"","format":"standard","meta":{"footnotes":"","_share_on_mastodon":"0"},"categories":[145],"tags":[813,211,210,114,115,981,980,1870,1015,619,32,33,6610,1012,162],"class_list":["post-439079","post","type-post","status-publish","format-standard","has-post-thumbnail","category-celebridades","tag-atriz","tag-celebridades","tag-celebrities","tag-entertainment","tag-entretenimento","tag-familia","tag-famosos","tag-filhos","tag-instagram","tag-nacional","tag-portugal","tag-pt","tag-sara-prata","tag-selfie","tag-tvi"],"share_on_mastodon":{"url":"https:\/\/pubeurope.com\/@pt\/116857535613296424","error":""},"_links":{"self":[{"href":"https:\/\/www.europesays.com\/pt\/wp-json\/wp\/v2\/posts\/439079","targetHints":{"allow":["GET"]}}],"collection":[{"href":"https:\/\/www.europesays.com\/pt\/wp-json\/wp\/v2\/posts"}],"about":[{"href":"https:\/\/www.europesays.com\/pt\/wp-json\/wp\/v2\/types\/post"}],"author":[{"embeddable":true,"href":"https:\/\/www.europesays.com\/pt\/wp-json\/wp\/v2\/users\/2"}],"replies":[{"embeddable":true,"href":"https:\/\/www.europesays.com\/pt\/wp-json\/wp\/v2\/comments?post=439079"}],"version-history":[{"count":0,"href":"https:\/\/www.europesays.com\/pt\/wp-json\/wp\/v2\/posts\/439079\/revisions"}],"wp:featuredmedia":[{"embeddable":true,"href":"https:\/\/www.europesays.com\/pt\/wp-json\/wp\/v2\/media\/439080"}],"wp:attachment":[{"href":"https:\/\/www.europesays.com\/pt\/wp-json\/wp\/v2\/media?parent=439079"}],"wp:term":[{"taxonomy":"category","embeddable":true,"href":"https:\/\/www.europesays.com\/pt\/wp-json\/wp\/v2\/categories?post=439079"},{"taxonomy":"post_tag","embeddable":true,"href":"https:\/\/www.europesays.com\/pt\/wp-json\/wp\/v2\/tags?post=439079"}],"curies":[{"name":"wp","href":"https:\/\/api.w.org\/{rel}","templated":true}]}}