{"id":439135,"date":"2026-07-03T19:53:12","date_gmt":"2026-07-03T19:53:12","guid":{"rendered":"https:\/\/www.europesays.com\/pt\/439135\/"},"modified":"2026-07-03T19:53:12","modified_gmt":"2026-07-03T19:53:12","slug":"a-viver-um-sonho-vestida-de-branco-cristina-ferreira-assinala-momento-unico-fica-gravado-big-brother-verao-2026-ultimas-noticias-videos-e-diretos","status":"publish","type":"post","link":"https:\/\/www.europesays.com\/pt\/439135\/","title":{"rendered":"A viver um sonho! Vestida de branco, Cristina Ferreira assinala momento \u00fanico: \u00abFica gravado\u00bb &#8211; Big Brother Ver\u00e3o 2026: \u00daltimas Not\u00edcias, V\u00eddeos e Diretos"},"content":{"rendered":"<p><strong>Cristina Ferreira<\/strong> est\u00e1 a viver dias de descanso em <strong>Bali<\/strong>, na Indon\u00e9sia, e n\u00e3o esconde o <a href=\"https:\/\/tvi.iol.pt\/bigbrother\/cristina-ferreira\/01-07-2026\/mais-simples-do-que-nunca-cristina-ferreira-surge-sem-maquilhagem-viver-sem-medos-nem-culpas\" rel=\"nofollow noopener\" target=\"_blank\">encanto pelo destino <strong>paradis\u00edaco<\/strong><\/a>. A apresentadora da TVI tem partilhado v\u00e1rios momentos da viagem nas redes sociais e garante que est\u00e1 a viver uma experi\u00eancia inesquec\u00edvel.<\/p>\n<p>Numa das mais recentes publica\u00e7\u00f5es no Instagram,<a href=\"https:\/\/tvi.iol.pt\/bigbrother\/cristina-ferreira\/joao-monteiro\/cristina-ferreira-faz-confissao-sobre-as-ferias-com-joao-monteiro-e-o-filho-demorei-a-adaptar-me\" rel=\"nofollow noopener\" target=\"_blank\"> Cristina Ferreira confessou<\/a> estar completamente<strong> rendida \u00e0 beleza de Ubud<\/strong>. <strong>\u00abDos locais mais bonitos onde j\u00e1 estive. O som do rio, o verde da vegeta\u00e7\u00e3o, tudo \u00e9 um postal. N\u00e3o d\u00e1 vontade sequer de sair daqui\u00bb<\/strong>, escreveu, descrevendo a tranquilidade e a natureza exuberante que encontrou naquele local.<\/p>\n<p>A comunicadora revelou ainda que teve<strong> \u00abdas melhores refei\u00e7\u00f5es da minha vida\u00bb<\/strong> no restaurante do hotel onde est\u00e1 hospedada, elogiando a gastronomia balinesa e a filosofia de que<strong> \u00aba cozinha \u00e9 como medicina\u00bb<\/strong>.<strong> \u00ab\u00c9 um bocadinho como Ubud, uma esp\u00e9cie de rem\u00e9dio para a alma\u00bb<\/strong>, acrescentou. Cristina Ferreira prometeu ainda mostrar mais detalhes da viagem, revelando que percorreu mais de <strong>10 quil\u00f3metros a p\u00e9<\/strong> para descobrir alguns dos recantos mais especiais deste destino, que garante<strong> ficar \u00abgravado\u00bb na mem\u00f3ria<\/strong>.<\/p>\n<p><strong>Veja a publica\u00e7\u00e3o.<\/strong><\/p>\n<p>\u00a0<\/p>\n<blockquote class=\"instagram-media\" data-instgrm-captioned=\"\" data-instgrm-permalink=\"https:\/\/www.instagram.com\/p\/DaVPD1NkmTW\/?utm_source=ig_embed&amp;utm_campaign=loading\" data-instgrm-version=\"14\" style=\" background:#FFF; border:0; border-radius:3px; box-shadow:0 0 1px 0 rgba(0,0,0,0.5),0 1px 10px 0 rgba(0,0,0,0.15); margin: 1px; max-width:540px; min-width:326px; padding:0; width:99.375%; width:-webkit-calc(100% - 2px); width:calc(100% - 2px);\">\n<\/blockquote>\n<p>                        <script async src=\"\/\/www.instagram.com\/embed.js\"><\/script><\/p>\n","protected":false},"excerpt":{"rendered":"Cristina Ferreira est\u00e1 a viver dias de descanso em Bali, na Indon\u00e9sia, e n\u00e3o esconde o encanto pelo&hellip;\n","protected":false},"author":2,"featured_media":439136,"comment_status":"","ping_status":"","sticky":false,"template":"","format":"standard","meta":{"footnotes":"","_share_on_mastodon":"0"},"categories":[142],"tags":[5701,331,48,333,328,335,166,336,114,115,334,332,3755,330,338,13,32,33,11301,151,162,227],"class_list":["post-439135","post","type-post","status-publish","format-standard","has-post-thumbnail","category-tv","tag-bali","tag-big","tag-big-brother","tag-comentadores","tag-concorrentes","tag-confrontos","tag-cristina-ferreira","tag-discussoes","tag-entertainment","tag-entretenimento","tag-exclusivos","tag-expulso","tag-ferias","tag-gala","tag-maria-botelho-moniz","tag-noticias","tag-portugal","tag-pt","tag-sonho","tag-tv","tag-tvi","tag-videos"],"share_on_mastodon":{"url":"https:\/\/pubeurope.com\/@pt\/116857799124019867","error":""},"_links":{"self":[{"href":"https:\/\/www.europesays.com\/pt\/wp-json\/wp\/v2\/posts\/439135","targetHints":{"allow":["GET"]}}],"collection":[{"href":"https:\/\/www.europesays.com\/pt\/wp-json\/wp\/v2\/posts"}],"about":[{"href":"https:\/\/www.europesays.com\/pt\/wp-json\/wp\/v2\/types\/post"}],"author":[{"embeddable":true,"href":"https:\/\/www.europesays.com\/pt\/wp-json\/wp\/v2\/users\/2"}],"replies":[{"embeddable":true,"href":"https:\/\/www.europesays.com\/pt\/wp-json\/wp\/v2\/comments?post=439135"}],"version-history":[{"count":0,"href":"https:\/\/www.europesays.com\/pt\/wp-json\/wp\/v2\/posts\/439135\/revisions"}],"wp:featuredmedia":[{"embeddable":true,"href":"https:\/\/www.europesays.com\/pt\/wp-json\/wp\/v2\/media\/439136"}],"wp:attachment":[{"href":"https:\/\/www.europesays.com\/pt\/wp-json\/wp\/v2\/media?parent=439135"}],"wp:term":[{"taxonomy":"category","embeddable":true,"href":"https:\/\/www.europesays.com\/pt\/wp-json\/wp\/v2\/categories?post=439135"},{"taxonomy":"post_tag","embeddable":true,"href":"https:\/\/www.europesays.com\/pt\/wp-json\/wp\/v2\/tags?post=439135"}],"curies":[{"name":"wp","href":"https:\/\/api.w.org\/{rel}","templated":true}]}}