{"id":439341,"date":"2026-07-03T23:48:39","date_gmt":"2026-07-03T23:48:39","guid":{"rendered":"https:\/\/www.europesays.com\/pt\/439341\/"},"modified":"2026-07-03T23:48:39","modified_gmt":"2026-07-03T23:48:39","slug":"ct-escreve-a-administracao-do-bcp-e-pede-reparticao-mais-equilibrada-dos-lucros","status":"publish","type":"post","link":"https:\/\/www.europesays.com\/pt\/439341\/","title":{"rendered":"CT escreve \u00e0 administra\u00e7\u00e3o do BCP e pede reparti\u00e7\u00e3o mais equilibrada dos lucros"},"content":{"rendered":"<p>        No documento, subscrito pela maioria dos membros da CT, os representantes dos trabalhadores afirmam existir uma \u201creiterada e incompreens\u00edvel\u201d aus\u00eancia de reconhecimento pelo trabalho desenvolvido, considerando que os colaboradores continuam sem ver refletido nos aumentos salariais ou na distribui\u00e7\u00e3o de resultados o contributo que d\u00e3o para os lucros do banco.    <\/p>\n<p>A Comiss\u00e3o de Trabalhadores (CT) do Banco Comercial Portugu\u00eas (BCP) divulgou uma carta aberta que segundo diz a entidade liderada por Celso S\u00e1 dirigida \u00e0 comiss\u00e3o executiva do banco, na qual critica a falta de reconhecimento dos trabalhadores na distribui\u00e7\u00e3o dos resultados de 2025 e defende uma reparti\u00e7\u00e3o mais equilibrada dos lucros, argumentando que os resultados hist\u00f3ricos da institui\u00e7\u00e3o assentam no desempenho dos seus colaboradores.<\/p>\n<p>No entanto, segundo o Jornal Econ\u00f3mico conseguiu apurar, a \u201ccarta aberta\u201d n\u00e3o foi enviada ao CEO, Miguel Maya.<\/p>\n<p>Em resposta \u00e0 pergunta do Jornal Econ\u00f3mico, fonte oficial explicou que \u201co banco n\u00e3o faz qualquer revis\u00e3o ou censura pr\u00e9via a comunica\u00e7\u00f5es emitidas pela Comiss\u00e3o de Trabalhadores, mesmo quando n\u00e3o se rev\u00ea no que nelas \u00e9 referido ou as mesmas cont\u00eam informa\u00e7\u00e3o factualmente incorreta\u201d. <\/p>\n<p>\u201cD\u00e1-se, no entanto, nota que a referida \u2018Carta aberta\u2019, n\u00e3o subscrita por todos os membros da referida Comiss\u00e3o e datada de maio de 2026, n\u00e3o foi, at\u00e9 esta data, sequer enviada nem \u00e0 Comiss\u00e3o Executiva nem ao Dr. Miguel Maya\u201d, refere fonte oficial do BCP.<\/p>\n<p>No documento, subscrito pela maioria dos membros da CT, os representantes dos trabalhadores afirmam existir uma \u201creiterada e incompreens\u00edvel\u201d aus\u00eancia de reconhecimento pelo trabalho desenvolvido, considerando que os colaboradores continuam sem ver refletido nos aumentos salariais ou na distribui\u00e7\u00e3o de resultados o contributo que d\u00e3o para os lucros do banco.<\/p>\n<p>A comiss\u00e3o sustenta que, enquanto aos acionistas e \u00e0 comiss\u00e3o executiva \u00e9 atribu\u00edda \u201cuma fatia maior\u201d dos resultados, os trabalhadores, apesar de lhes ser exigido um desempenho crescente, \u201crecebem uma m\u00e3o cheia de nada\u201d, alertando que esta situa\u00e7\u00e3o afeta a motiva\u00e7\u00e3o das equipas.<\/p>\n<p>Na carta, a CT recorda declara\u00e7\u00f5es do presidente executivo do BCP, Miguel Maya, em que este elogia os trabalhadores como uma equipa \u201cabsolutamente excecional\u201d e afirma que um crescimento da atividade permitir\u00e1 \u201cdistribuir melhor\u201d e \u201cdistribuir mais\u201d, defendendo que essas palavras devem traduzir-se em medidas concretas de valoriza\u00e7\u00e3o dos colaboradores.<\/p>\n<p>O documento estabelece ainda uma compara\u00e7\u00e3o entre o refor\u00e7o do complemento de reforma atribu\u00eddo ao presidente da comiss\u00e3o executiva e a situa\u00e7\u00e3o dos trabalhadores. Segundo a CT, o aumento daquele complemento ascendeu a 82.335,14 euros, enquanto um trabalhador com um rendimento anual de 30.000 euros teria recebido um refor\u00e7o de 300 euros, concluindo que seriam necess\u00e1rios 785 anos para atingir o mesmo montante atribu\u00eddo ao presidente executivo num \u00fanico ano.<\/p>\n<p>A comiss\u00e3o termina apelando \u00e0 administra\u00e7\u00e3o para que os trabalhadores sejam reconhecidos n\u00e3o apenas pelo contributo para os resultados financeiros do banco, mas tamb\u00e9m na distribui\u00e7\u00e3o dos lucros, defendendo que, se a institui\u00e7\u00e3o obt\u00e9m melhores resultados gra\u00e7as ao seu desempenho, esses benef\u00edcios devem ser repartidos de forma mais ampla.<\/p>\n<p>(atualizada com declara\u00e7\u00f5es de fonte oficial do BCP)<\/p>\n","protected":false},"excerpt":{"rendered":"No documento, subscrito pela maioria dos membros da CT, os representantes dos trabalhadores afirmam existir uma \u201creiterada e&hellip;\n","protected":false},"author":2,"featured_media":439342,"comment_status":"","ping_status":"","sticky":false,"template":"","format":"standard","meta":{"footnotes":"","_share_on_mastodon":"0"},"categories":[83],"tags":[8655,88,89,90,32,33],"class_list":["post-439341","post","type-post","status-publish","format-standard","has-post-thumbnail","category-empresas","tag-bcp","tag-business","tag-economy","tag-empresas","tag-portugal","tag-pt"],"share_on_mastodon":{"url":"https:\/\/pubeurope.com\/@pt\/116858723126202363","error":""},"_links":{"self":[{"href":"https:\/\/www.europesays.com\/pt\/wp-json\/wp\/v2\/posts\/439341","targetHints":{"allow":["GET"]}}],"collection":[{"href":"https:\/\/www.europesays.com\/pt\/wp-json\/wp\/v2\/posts"}],"about":[{"href":"https:\/\/www.europesays.com\/pt\/wp-json\/wp\/v2\/types\/post"}],"author":[{"embeddable":true,"href":"https:\/\/www.europesays.com\/pt\/wp-json\/wp\/v2\/users\/2"}],"replies":[{"embeddable":true,"href":"https:\/\/www.europesays.com\/pt\/wp-json\/wp\/v2\/comments?post=439341"}],"version-history":[{"count":0,"href":"https:\/\/www.europesays.com\/pt\/wp-json\/wp\/v2\/posts\/439341\/revisions"}],"wp:featuredmedia":[{"embeddable":true,"href":"https:\/\/www.europesays.com\/pt\/wp-json\/wp\/v2\/media\/439342"}],"wp:attachment":[{"href":"https:\/\/www.europesays.com\/pt\/wp-json\/wp\/v2\/media?parent=439341"}],"wp:term":[{"taxonomy":"category","embeddable":true,"href":"https:\/\/www.europesays.com\/pt\/wp-json\/wp\/v2\/categories?post=439341"},{"taxonomy":"post_tag","embeddable":true,"href":"https:\/\/www.europesays.com\/pt\/wp-json\/wp\/v2\/tags?post=439341"}],"curies":[{"name":"wp","href":"https:\/\/api.w.org\/{rel}","templated":true}]}}