{"id":439698,"date":"2026-07-04T12:07:18","date_gmt":"2026-07-04T12:07:18","guid":{"rendered":"https:\/\/www.europesays.com\/pt\/439698\/"},"modified":"2026-07-04T12:07:18","modified_gmt":"2026-07-04T12:07:18","slug":"anacom-propoe-renovar-licencas-das-operadoras-mas-por-prazo-mais-curto-do-que-pretendiam-eco","status":"publish","type":"post","link":"https:\/\/www.europesays.com\/pt\/439698\/","title":{"rendered":"Anacom prop\u00f5e renovar licen\u00e7as das operadoras, mas por prazo mais curto do que pretendiam &#8211; ECO"},"content":{"rendered":"<ol>\n<li><a href=\"https:\/\/news.google.com\/rss\/articles\/CBMivAFBVV95cUxPY1pZVG5DSWgwb1Y4bk1wOGJTUTA2YTUwTlNoVC04WHBfUHJkRDI4aTQ4UmNFTFVjMHRBRS1OZUVsQjFTVUc3bTZRRjdiWHN6WWlnYUlsRjJRTHJoeDdCczlJUXNfckwzWjhaZW5OZ2p5eHdycFJ1X0lFYUpRdE1aVVppWHo0RnB5dUJ6ZXAtUGM1WV90dTRmMFd2TldWazdoMFlQN0JmTFRUWm9rU2FsVW1VOXIyaHh5VFAybA?oc=5\" target=\"_blank\" rel=\"nofollow noopener\">Anacom prop\u00f5e renovar licen\u00e7as das operadoras, mas por prazo mais curto do que pretendiam<\/a>&nbsp;&nbsp;ECO<\/li>\n<li><a href=\"https:\/\/news.google.com\/rss\/articles\/CBMinwJBVV95cUxPMlBQMkphbzFvNk1jUVI5NVFxdlRfanRmLXdLNDdnOUt6Zy1XVFRHOFAzemZjOTJQV2RTcHc4VVdnaU5JVG5oazM5OVA0b3k2dzkwa1ZBZFpxVVJhX05Ma1JiVEgyeTRLekpkNzNvRHIxVklPZi0zdWVxZTNZYkVnRkxMN0lEM05mM0JkYU5iZTRyQjQ1OHJaLW56cEszSmo1QjZUNnZYRW9MSE9uY2RFdU9fZmNUX255M2hNT3hjSTU1Z1dLdTVMTFBmd29HMUlBaml0ei1CM2lzV2dPUWRWYnRkWGE3TV9DamEtRllzc2hGSXlIdVozRVAtUVBTMzBVUWdkMF9tcEJGT3JhT0NuV2hMUWFQNmJuT1o0WVB3TQ?oc=5\" target=\"_blank\" rel=\"nofollow noopener\">ANACOM prop\u00f5e renova\u00e7\u00e3o de licen\u00e7as da MEO, NOS e Vodafone at\u00e9 2041-42 mas limita algumas faixas a 2033. Apritel diz que \u00e9 uma decis\u00e3o errada<\/a>&nbsp;&nbsp;Tek Not\u00edcias<\/li>\n<li><a href=\"https:\/\/news.google.com\/rss\/articles\/CBMi7gFBVV95cUxPX0VoYWk0amIxcUJVdHMzOHNzWnB4WkJqVGpWTzZGNW5UbnJ0bWJmaWJRNllYVlNURm1QZi1GR2lHa05iOU1rckhCUDRSLTVMVUZ0YTY0ZXJMSy1UYnNxbGFZRkJRZTkycTE4WXplNXgtVEF2cm05VHlnVno5UnJQMmlFT0gwSWJYaFBhZVg2dTI2VnJ1bkNxTWwybFlGRERPWUZVdlpNbk1IWktOMlh1QXFZNGFPV0RVT293bVZieVQ4anRPaEVXaF9hblZJa1dGN2RQdWc4NllPSDV2VEpCZ1JWUHdfYTRNb0RPUzV3?oc=5\" target=\"_blank\" rel=\"nofollow noopener\">Apritel diz que proposta para renova\u00e7\u00e3o do espectro \u00e9 &#8220;profundamente prejudicial&#8221; para o pa\u00eds<\/a>&nbsp;&nbsp;Jornal de Neg\u00f3cios<\/li>\n<li><a href=\"https:\/\/news.google.com\/rss\/articles\/CBMiggJBVV95cUxNQndQMEtabEJHSWxUd01EaFlvTnVzZkZLeGVjQnc0Z1F2bm80RDNEVzdhMjVhLVBCOEFZUzQ2TkVSeTY5SE0xZnZZOEJJZEhBZ3NBOXE1cTVubkdLa1pYMEZ2MDRrV01VOFAwaXRFUjJmWnU0NjJZc3RpOWwzU0QwOTNzY0xkdmx3Qnh2czQ2Sm5ldktnUk5mbEE3RmdUWEdoMFB0NEY4dlVlaFRFQkpTUmxaMjNHZzJ3OWxQNS1ldVd1Y1dpRUJTQmJzUGFEajlVaEpjQUg5dERBT29LdnQ2Z29uMmI2V2tCajRRdlFCRl9DYjVQQks4cWhDTHloT253TFE?oc=5\" target=\"_blank\" rel=\"nofollow noopener\">Telecomunica\u00e7\u00f5es: Anacom prolonga renova\u00e7\u00e3o de licen\u00e7as de espectro de 6 a 14 anos e os operadores contestam e falam em &#8220;erro&#8221;<\/a>&nbsp;&nbsp;Expresso<\/li>\n<li><a href=\"https:\/\/news.google.com\/rss\/articles\/CBMiwgFBVV95cUxOeWVWVTBWQ1lDc0FnS08yTFhqYnVZSThmQ3VFX1ZzRFBqMmhuQzFtRTUwRWlqTUpnb0FmVkJ2N2FwLXRoNmpmd3lRRjYwS1ZPTGF2VE5EX2FOYzRwVEpJaWIyc1JSM0RBOTZmSE82WlNRV1pkbmttN2lxTWlpX05Zdi1wSi1iQXhzNWlTWl9ydXBySjFsTWZORXVTSEJpX1R6bXA1ak5rQ3BJejU3QnJGd3ZuX0JCaEhwRERCeE9ZR0pJZw?oc=5\" target=\"_blank\" rel=\"nofollow noopener\">Licen\u00e7as da Meo, Vodafone e Nos renovadas mas com condi\u00e7\u00f5es<\/a>&nbsp;&nbsp;Observador<\/li>\n<\/ol>\n","protected":false},"excerpt":{"rendered":"Anacom prop\u00f5e renovar licen\u00e7as das operadoras, mas por prazo mais curto do que pretendiam&nbsp;&nbsp;ECO ANACOM prop\u00f5e renova\u00e7\u00e3o de&hellip;\n","protected":false},"author":2,"featured_media":439699,"comment_status":"","ping_status":"","sticky":false,"template":"","format":"standard","meta":{"footnotes":"","_share_on_mastodon":"0"},"categories":[83],"tags":[88,89,90,32,33,8649],"class_list":["post-439698","post","type-post","status-publish","format-standard","has-post-thumbnail","category-empresas","tag-business","tag-economy","tag-empresas","tag-portugal","tag-pt","tag-telecomunicacoes"],"share_on_mastodon":{"url":"https:\/\/pubeurope.com\/@pt\/116861629032994521","error":""},"_links":{"self":[{"href":"https:\/\/www.europesays.com\/pt\/wp-json\/wp\/v2\/posts\/439698","targetHints":{"allow":["GET"]}}],"collection":[{"href":"https:\/\/www.europesays.com\/pt\/wp-json\/wp\/v2\/posts"}],"about":[{"href":"https:\/\/www.europesays.com\/pt\/wp-json\/wp\/v2\/types\/post"}],"author":[{"embeddable":true,"href":"https:\/\/www.europesays.com\/pt\/wp-json\/wp\/v2\/users\/2"}],"replies":[{"embeddable":true,"href":"https:\/\/www.europesays.com\/pt\/wp-json\/wp\/v2\/comments?post=439698"}],"version-history":[{"count":0,"href":"https:\/\/www.europesays.com\/pt\/wp-json\/wp\/v2\/posts\/439698\/revisions"}],"wp:featuredmedia":[{"embeddable":true,"href":"https:\/\/www.europesays.com\/pt\/wp-json\/wp\/v2\/media\/439699"}],"wp:attachment":[{"href":"https:\/\/www.europesays.com\/pt\/wp-json\/wp\/v2\/media?parent=439698"}],"wp:term":[{"taxonomy":"category","embeddable":true,"href":"https:\/\/www.europesays.com\/pt\/wp-json\/wp\/v2\/categories?post=439698"},{"taxonomy":"post_tag","embeddable":true,"href":"https:\/\/www.europesays.com\/pt\/wp-json\/wp\/v2\/tags?post=439698"}],"curies":[{"name":"wp","href":"https:\/\/api.w.org\/{rel}","templated":true}]}}