{"id":439759,"date":"2026-07-04T13:31:10","date_gmt":"2026-07-04T13:31:10","guid":{"rendered":"https:\/\/www.europesays.com\/pt\/439759\/"},"modified":"2026-07-04T13:31:10","modified_gmt":"2026-07-04T13:31:10","slug":"secretaria-mantem-postos-de-vacinacao-nos-shoppings-no-fim-de-semana","status":"publish","type":"post","link":"https:\/\/www.europesays.com\/pt\/439759\/","title":{"rendered":"Secretaria mant\u00e9m postos de vacina\u00e7\u00e3o nos shoppings no fim de semana"},"content":{"rendered":"<p><a href=\"https:\/\/www.europesays.com\/pt\/wp-content\/uploads\/2026\/07\/vacinacao_ascomses_destaque.jpg\"><img loading=\"lazy\" decoding=\"async\" class=\"aligncenter size-full wp-image-633155\" src=\"https:\/\/www.europesays.com\/pt\/wp-content\/uploads\/2026\/07\/vacinacao_ascomses_destaque.jpg\" alt=\"\" width=\"550\" height=\"330\"  \/><\/a>A Secretaria Municipal da Sa\u00fade (SMS), manter\u00e1 os postos de vacina\u00e7\u00e3o instalados nos shoppings RioMar e Jardins durante todos os finais de semana de julho. A iniciativa ampliou o acesso da popula\u00e7\u00e3o aos imunizantes, especialmente para quem n\u00e3o consegue buscar atendimento nas Unidades de Sa\u00fade da Fam\u00edlia (USFs) durante a semana.<\/p>\n<p>Nos dois shoppings, o atendimento ser\u00e1 realizado aos s\u00e1bados, das 10h \u00e0s 16h, e aos domingos, das 12h \u00e0s 18h. Para se vacinar, basta apresentar um documento oficial com foto e a caderneta de vacina\u00e7\u00e3o.<\/p>\n<p>Nos postos instalados nos shoppings est\u00e3o dispon\u00edveis vacinas contra Covid-19 (Pfizer adulto), Influenza 2026, HPV, meningite ACWY, tr\u00edplice viral, hepatite B, febre amarela, varicela, al\u00e9m dos imunizantes que comp\u00f5em o calend\u00e1rio b\u00e1sico, como DTP, DTPA, dupla adulto e pentavalente.<\/p>\n<p>Tamb\u00e9m \u00e9 ofertada a vacina contra o V\u00edrus Sincicial Respirat\u00f3rio (VSR) para gestantes a partir da 28\u00aa semana de gesta\u00e7\u00e3o, contribuindo para a prote\u00e7\u00e3o dos rec\u00e9m-nascidos contra doen\u00e7as respirat\u00f3rias. A vacina contra a dengue n\u00e3o est\u00e1 dispon\u00edvel nesses locais por exigir avalia\u00e7\u00e3o m\u00e9dica pr\u00e9via.<\/p>\n<p>*Com informa\u00e7\u00f5es da Secretaria Municipal da Sa\u00fade<\/p>\n","protected":false},"excerpt":{"rendered":"A Secretaria Municipal da Sa\u00fade (SMS), manter\u00e1 os postos de vacina\u00e7\u00e3o instalados nos shoppings RioMar e Jardins durante&hellip;\n","protected":false},"author":2,"featured_media":439760,"comment_status":"","ping_status":"","sticky":false,"template":"","format":"standard","meta":{"footnotes":"","_share_on_mastodon":"0"},"categories":[86],"tags":[1661,116,32,33,117,10685,1333],"class_list":["post-439759","post","type-post","status-publish","format-standard","has-post-thumbnail","category-saude","tag-destaque","tag-health","tag-portugal","tag-pt","tag-saude","tag-shopping","tag-vacina"],"share_on_mastodon":{"url":"https:\/\/pubeurope.com\/@pt\/116861959783122054","error":""},"_links":{"self":[{"href":"https:\/\/www.europesays.com\/pt\/wp-json\/wp\/v2\/posts\/439759","targetHints":{"allow":["GET"]}}],"collection":[{"href":"https:\/\/www.europesays.com\/pt\/wp-json\/wp\/v2\/posts"}],"about":[{"href":"https:\/\/www.europesays.com\/pt\/wp-json\/wp\/v2\/types\/post"}],"author":[{"embeddable":true,"href":"https:\/\/www.europesays.com\/pt\/wp-json\/wp\/v2\/users\/2"}],"replies":[{"embeddable":true,"href":"https:\/\/www.europesays.com\/pt\/wp-json\/wp\/v2\/comments?post=439759"}],"version-history":[{"count":0,"href":"https:\/\/www.europesays.com\/pt\/wp-json\/wp\/v2\/posts\/439759\/revisions"}],"wp:featuredmedia":[{"embeddable":true,"href":"https:\/\/www.europesays.com\/pt\/wp-json\/wp\/v2\/media\/439760"}],"wp:attachment":[{"href":"https:\/\/www.europesays.com\/pt\/wp-json\/wp\/v2\/media?parent=439759"}],"wp:term":[{"taxonomy":"category","embeddable":true,"href":"https:\/\/www.europesays.com\/pt\/wp-json\/wp\/v2\/categories?post=439759"},{"taxonomy":"post_tag","embeddable":true,"href":"https:\/\/www.europesays.com\/pt\/wp-json\/wp\/v2\/tags?post=439759"}],"curies":[{"name":"wp","href":"https:\/\/api.w.org\/{rel}","templated":true}]}}