{"id":43991,"date":"2025-08-25T09:09:15","date_gmt":"2025-08-25T09:09:15","guid":{"rendered":"https:\/\/www.europesays.com\/pt\/43991\/"},"modified":"2025-08-25T09:09:15","modified_gmt":"2025-08-25T09:09:15","slug":"tati-quebra-barraco-tera-sua-vida-revelada-em-novo-filme","status":"publish","type":"post","link":"https:\/\/www.europesays.com\/pt\/43991\/","title":{"rendered":"Tati Quebra Barraco ter\u00e1 sua vida revelada em novo filme"},"content":{"rendered":"<p>A cantora <a href=\"https:\/\/natelinha.uol.com.br\/famosos\/tudo-sobre\/tati-quebra-barraco\" rel=\"nofollow noopener\" target=\"_blank\">Tati Quebra Barraco<\/a>, um dos nomes mais conhecidos do funk carioca, ser\u00e1 tema de um longa-metragem biogr\u00e1fico. O filme, intitulado A Rainha do Funk, est\u00e1 em fase de produ\u00e7\u00e3o e ainda n\u00e3o tem data de estreia.<\/p>\n<p>A dire\u00e7\u00e3o \u00e9 de Susanna Lira, com roteiro assinado por Ma\u00edra Oliveira e argumento de Vanessa de Ara\u00fajo Souza, segundo informou o jornalista Ancelmos Gois, na coluna jornal O Globo.<\/p>\n<p>A produ\u00e7\u00e3o vai retratar a trajet\u00f3ria de Tatiana dos Santos Louren\u00e7o, nascida em 20 de setembro de 1979, na Cidade de Deus, no Rio de Janeiro. O enredo percorrer\u00e1 sua inf\u00e2ncia na comunidade, o in\u00edcio da carreira musical em 1995 e a ascens\u00e3o a \u00edcone do funk carioca nos anos 2000, quando conquistou repercuss\u00e3o nacional com \u201cBoladona\u201d.<\/p>\n<p>continua depois da publicidade<\/p>\n<p>+\u00a0<a href=\"https:\/\/natelinha.uol.com.br\/bbb\/2025\/01\/25\/bbb-25-joao-pedro-e-joao-gabriel-criticam-funk-e-irritam-fas-de-anitta-e-tati-quebra-barraco-221698.php\" target=\"_blank\" rel=\"noopener noreferrer nofollow\">BBB 25: Jo\u00e3o Pedro e Jo\u00e3o Gabriel criticam funk e irritam f\u00e3s de Anitta e Tati Quebra Barraco<\/a><\/p>\n<p>O videoclipe da faixa alcan\u00e7ou 5 milh\u00f5es de visualiza\u00e7\u00f5es em 2004, n\u00famero expressivo para a \u00e9poca e considerado um marco na difus\u00e3o do g\u00eanero.<\/p>\n<p>A narrativa tamb\u00e9m pretende abordar a relev\u00e2ncia de Tati na consolida\u00e7\u00e3o do funk como express\u00e3o cultural das favelas cariocas. O g\u00eanero, que surgiu a partir do funk eletr\u00f4nico norte-americano dos anos 1980, ganhou caracter\u00edsticas pr\u00f3prias no Brasil e se consolidou como um dos principais ritmos urbanos do pa\u00eds.<\/p>\n<p>Carreira de Tati Quebra Barraco<\/p>\n<p><img decoding=\"async\" loading=\"lazy\" class=\"horizontal\" src=\"https:\/\/www.europesays.com\/pt\/wp-content\/uploads\/2025\/08\/tati-quebra-barraco-perrengue_8530.jpeg\" alt=\"imagem-texto\"\/><\/p>\n<p>No caso de Tati, as letras, de tom direto e sem filtros, tratam de sexualidade, autonomia feminina e cotidiano das periferias.<\/p>\n<p>continua depois da publicidade<\/p>\n<p>O impacto de sua obra ultrapassou fronteiras nacionais, levando o funk carioca a espa\u00e7os internacionais. Ao longo da carreira, al\u00e9m de Boladona, lan\u00e7ou m\u00fasicas como Sou Feia Mas T\u00f4 na Moda, Dako \u00e9 Bom e Fama de Putona, que se tornaram refer\u00eancias do estilo.<\/p>\n<p>Sua atua\u00e7\u00e3o tamb\u00e9m foi registrada em document\u00e1rios que exploram o universo do funk, entre eles Sou Feia Mas T\u00f4 na Moda (2005), sobre a participa\u00e7\u00e3o das mulheres no g\u00eanero, e Favela Bolada (2008), que retrata bailes e artistas como Deize Tigrona e Mr. Catra.<\/p>\n<p>+\u00a0<a href=\"https:\/\/natelinha.uol.com.br\/famosos\/2024\/02\/02\/tati-quebra-barraco-admite-que-ja-foi-amante-e-enterrou-seis-ex-207032.php\" target=\"_blank\" rel=\"noopener noreferrer nofollow\">Tati Quebra Barraco admite que j\u00e1 foi amante e enterrou seis ex<\/a><\/p>\n<p>No campo pessoal, Tati \u00e9 m\u00e3e e teve sua vida marcada por epis\u00f3dios de viol\u00eancia, como a morte de um filho, assassinado em 2016. Essas experi\u00eancias influenciaram sua trajet\u00f3ria art\u00edstica e refor\u00e7aram o v\u00ednculo com a realidade retratada em suas m\u00fasicas.<\/p>\n<p>continua depois da publicidade<\/p>\n<p>Com o lan\u00e7amento de A Rainha do Funk, sua hist\u00f3ria ganhar\u00e1 novo registro no cinema, dando continuidade \u00e0 presen\u00e7a da artista em produ\u00e7\u00f5es audiovisuais sobre o g\u00eanero. O longa ainda n\u00e3o tem detalhes confirmados sobre elenco, cronograma de filmagens ou previs\u00e3o de estreia.<\/p>\n","protected":false},"excerpt":{"rendered":"A cantora Tati Quebra Barraco, um dos nomes mais conhecidos do funk carioca, ser\u00e1 tema de um longa-metragem&hellip;\n","protected":false},"author":2,"featured_media":43992,"comment_status":"","ping_status":"","sticky":false,"template":"","format":"standard","meta":{"footnotes":""},"categories":[145],"tags":[211,210,114,115,32,33,13450],"class_list":{"0":"post-43991","1":"post","2":"type-post","3":"status-publish","4":"format-standard","5":"has-post-thumbnail","7":"category-celebridades","8":"tag-celebridades","9":"tag-celebrities","10":"tag-entertainment","11":"tag-entretenimento","12":"tag-portugal","13":"tag-pt","14":"tag-tati-quebra-barraco"},"share_on_mastodon":{"url":"","error":""},"_links":{"self":[{"href":"https:\/\/www.europesays.com\/pt\/wp-json\/wp\/v2\/posts\/43991","targetHints":{"allow":["GET"]}}],"collection":[{"href":"https:\/\/www.europesays.com\/pt\/wp-json\/wp\/v2\/posts"}],"about":[{"href":"https:\/\/www.europesays.com\/pt\/wp-json\/wp\/v2\/types\/post"}],"author":[{"embeddable":true,"href":"https:\/\/www.europesays.com\/pt\/wp-json\/wp\/v2\/users\/2"}],"replies":[{"embeddable":true,"href":"https:\/\/www.europesays.com\/pt\/wp-json\/wp\/v2\/comments?post=43991"}],"version-history":[{"count":0,"href":"https:\/\/www.europesays.com\/pt\/wp-json\/wp\/v2\/posts\/43991\/revisions"}],"wp:featuredmedia":[{"embeddable":true,"href":"https:\/\/www.europesays.com\/pt\/wp-json\/wp\/v2\/media\/43992"}],"wp:attachment":[{"href":"https:\/\/www.europesays.com\/pt\/wp-json\/wp\/v2\/media?parent=43991"}],"wp:term":[{"taxonomy":"category","embeddable":true,"href":"https:\/\/www.europesays.com\/pt\/wp-json\/wp\/v2\/categories?post=43991"},{"taxonomy":"post_tag","embeddable":true,"href":"https:\/\/www.europesays.com\/pt\/wp-json\/wp\/v2\/tags?post=43991"}],"curies":[{"name":"wp","href":"https:\/\/api.w.org\/{rel}","templated":true}]}}