{"id":440134,"date":"2026-07-04T20:59:18","date_gmt":"2026-07-04T20:59:18","guid":{"rendered":"https:\/\/www.europesays.com\/pt\/440134\/"},"modified":"2026-07-04T20:59:18","modified_gmt":"2026-07-04T20:59:18","slug":"afonso-leitao-reage-a-novidade-de-jessica-vieira-e-assume-fico-triste","status":"publish","type":"post","link":"https:\/\/www.europesays.com\/pt\/440134\/","title":{"rendered":"Afonso Leit\u00e3o reage a novidade de J\u00e9ssica Vieira e assume: &#8220;Fico triste&#8221;"},"content":{"rendered":"<p>Afonso Leit\u00e3o esteve \u00e0 conversa com Cl\u00e1udio Ramos, esta sexta-feira, dia 3, no programa &#8220;<a href=\"https:\/\/tvi.iol.pt\/doisas10\/\" rel=\"noopener noreferrer nofollow\" target=\"_blank\">Dois \u00e0s 10<\/a>&#8220;. Entre os v\u00e1rios assuntos abordados, o ex-concorrente de &#8220;<a href=\"https:\/\/tvi.iol.pt\/secretstory\/\" rel=\"noopener noreferrer nofollow\" target=\"_blank\">Secret Story<\/a> &#8211; Desafio Final&#8221; falou sobre J\u00e9ssica Vieira, por quem se apaixonou na oitava edi\u00e7\u00e3o de &#8220;Secret Story &#8211; Casa dos Segredos&#8221;.<\/p>\n<p>&#8220;As coisas est\u00e3o tranquilas. Vou ser sincero: desde que sa\u00ed, n\u00e3o falei com ela. Mas estou mesmo bem, tranquilo&#8230;&#8221;, comentou <a href=\"https:\/\/selfie.iol.pt\/famosos\/casa-dos-segredos\/afonso-leitao-faz-partilha-inusitada-sobre-sara-jesus-vou-dizer-que-estamos-muito-apaixonados\/20260703\/6a4788afd34e28842c85e399\" rel=\"noopener noreferrer nofollow\" target=\"_blank\">Afonso Leit\u00e3o<\/a>.<\/p>\n<p>Confrontado com o facto de J\u00e9ssica Vieira se ter aventurado como cantora, o ex-participante do reality show da <a href=\"https:\/\/tvi.iol.pt\/\" rel=\"noopener noreferrer nofollow\" target=\"_blank\">TVI<\/a> confirmou j\u00e1 ter tido conhecimento dessa novidade e ainda abordou a inaugura\u00e7\u00e3o do centro de est\u00e9tica e bem-estar V\u00e9luris: &#8220;J\u00e1 soube, j\u00e1 soube, j\u00e1 soube&#8230; Desejo-lhe o melhor do mundo. Espero que seja super bem-sucedida. Ela abriu uma cl\u00ednica com o Marcelo. Fico triste, porque n\u00e3o a sigo mas vi o que andaram a tentar fazer-lhe e n\u00e3o \u00e9 bonito [J\u00e9ssica Vieira denunciou marca\u00e7\u00f5es falsas feitas para prejudicar o neg\u00f3cio]. No entanto, desejo-lhe o melhor do mundo.&#8221;<\/p>\n<p>Veja, agora, todos os v\u00eddeos da entrevista concedida por <a href=\"https:\/\/selfie.iol.pt\/famosos\/catarina-miranda\/catarina-miranda-alega-que-voltar-a-estar-com-afonso-leitao-e-acabou-na-gnr-foi-muito-grave\/20260703\/6a47d2470cf27cac6fcf6ba1\" rel=\"noopener noreferrer nofollow\" target=\"_blank\">Afonso Leit\u00e3o<\/a> no matutino da esta\u00e7\u00e3o de Queluz de Baixo.<\/p>\n","protected":false},"excerpt":{"rendered":"Afonso Leit\u00e3o esteve \u00e0 conversa com Cl\u00e1udio Ramos, esta sexta-feira, dia 3, no programa &#8220;Dois \u00e0s 10&#8220;. Entre&hellip;\n","protected":false},"author":2,"featured_media":440135,"comment_status":"","ping_status":"","sticky":false,"template":"","format":"standard","meta":{"footnotes":"","_share_on_mastodon":"0"},"categories":[85],"tags":[2031,1640,2632,15384,7869,329,15383,801,114,115,6309,980,1417,8366,619,13220,32,33,1014,1315,6985,7868,15382,7867,1012,6986,7870,162,68439],"class_list":["post-440134","post","type-post","status-publish","format-standard","has-post-thumbnail","category-entretenimento","tag-afonso-leitao","tag-cantora","tag-casa-dos-segredos","tag-casa-dos-segredos-desafio-final","tag-casa-dos-segredos-8","tag-claudio-ramos","tag-desafio-final","tag-dois-as-10","tag-entertainment","tag-entretenimento","tag-ex-concorrente","tag-famosos","tag-jessica-vieira","tag-marcelo-palma","tag-nacional","tag-negocio","tag-portugal","tag-pt","tag-reality-show","tag-secret-story","tag-secret-story-casa-dos-segredos","tag-secret-story-casa-dos-segredos-8","tag-secret-story-desafio-final","tag-secret-story-8","tag-selfie","tag-ss","tag-ss8","tag-tvi","tag-veluris"],"share_on_mastodon":{"url":"https:\/\/pubeurope.com\/@pt\/116863720838966916","error":""},"_links":{"self":[{"href":"https:\/\/www.europesays.com\/pt\/wp-json\/wp\/v2\/posts\/440134","targetHints":{"allow":["GET"]}}],"collection":[{"href":"https:\/\/www.europesays.com\/pt\/wp-json\/wp\/v2\/posts"}],"about":[{"href":"https:\/\/www.europesays.com\/pt\/wp-json\/wp\/v2\/types\/post"}],"author":[{"embeddable":true,"href":"https:\/\/www.europesays.com\/pt\/wp-json\/wp\/v2\/users\/2"}],"replies":[{"embeddable":true,"href":"https:\/\/www.europesays.com\/pt\/wp-json\/wp\/v2\/comments?post=440134"}],"version-history":[{"count":0,"href":"https:\/\/www.europesays.com\/pt\/wp-json\/wp\/v2\/posts\/440134\/revisions"}],"wp:featuredmedia":[{"embeddable":true,"href":"https:\/\/www.europesays.com\/pt\/wp-json\/wp\/v2\/media\/440135"}],"wp:attachment":[{"href":"https:\/\/www.europesays.com\/pt\/wp-json\/wp\/v2\/media?parent=440134"}],"wp:term":[{"taxonomy":"category","embeddable":true,"href":"https:\/\/www.europesays.com\/pt\/wp-json\/wp\/v2\/categories?post=440134"},{"taxonomy":"post_tag","embeddable":true,"href":"https:\/\/www.europesays.com\/pt\/wp-json\/wp\/v2\/tags?post=440134"}],"curies":[{"name":"wp","href":"https:\/\/api.w.org\/{rel}","templated":true}]}}