{"id":44021,"date":"2025-08-25T09:44:09","date_gmt":"2025-08-25T09:44:09","guid":{"rendered":"https:\/\/www.europesays.com\/pt\/44021\/"},"modified":"2025-08-25T09:44:09","modified_gmt":"2025-08-25T09:44:09","slug":"novos-gigantes-nas-balizas-de-manchester-united-e-manchester-city","status":"publish","type":"post","link":"https:\/\/www.europesays.com\/pt\/44021\/","title":{"rendered":"Novos gigantes nas balizas de Manchester United e Manchester City"},"content":{"rendered":"<p class=\"intro\">Citizens e red devils t\u00eam novos guardi\u00f5es a caminho, com o conceituado Donnarumma e um prod\u00edgio belga a rumarem \u00e0 Premier League. Crise na baliza leva R\u00faben Amorim ao mercado e o eleito \u00e9 Lammens (1,93m), que ontem n\u00e3o jogou pelo Antu\u00e9rpia. J\u00e1 o City prepara uma troca de pesos-pesados: Donnarumma (1,96m) rende Ederson.<\/p>\n<p>           <img decoding=\"async\" src=\"https:\/\/www.europesays.com\/pt\/wp-content\/uploads\/2025\/08\/fbyvcfwbgebi.jpg\" alt=\"Novos gigantes nas balizas de Manchester United e Manchester City\" class=\"embed-responsive-item img-fluid\" fetchpriority=\"high\"\/>Gianluigi Donnarumma (Cr\u00e9ditos: EPA)   <\/p>\n","protected":false},"excerpt":{"rendered":"Citizens e red devils t\u00eam novos guardi\u00f5es a caminho, com o conceituado Donnarumma e um prod\u00edgio belga a&hellip;\n","protected":false},"author":2,"featured_media":44022,"comment_status":"","ping_status":"","sticky":false,"template":"","format":"standard","meta":{"footnotes":""},"categories":[87],"tags":[135,32,33,134],"class_list":{"0":"post-44021","1":"post","2":"type-post","3":"status-publish","4":"format-standard","5":"has-post-thumbnail","7":"category-desporto","8":"tag-desporto","9":"tag-portugal","10":"tag-pt","11":"tag-sports"},"share_on_mastodon":{"url":"","error":""},"_links":{"self":[{"href":"https:\/\/www.europesays.com\/pt\/wp-json\/wp\/v2\/posts\/44021","targetHints":{"allow":["GET"]}}],"collection":[{"href":"https:\/\/www.europesays.com\/pt\/wp-json\/wp\/v2\/posts"}],"about":[{"href":"https:\/\/www.europesays.com\/pt\/wp-json\/wp\/v2\/types\/post"}],"author":[{"embeddable":true,"href":"https:\/\/www.europesays.com\/pt\/wp-json\/wp\/v2\/users\/2"}],"replies":[{"embeddable":true,"href":"https:\/\/www.europesays.com\/pt\/wp-json\/wp\/v2\/comments?post=44021"}],"version-history":[{"count":0,"href":"https:\/\/www.europesays.com\/pt\/wp-json\/wp\/v2\/posts\/44021\/revisions"}],"wp:featuredmedia":[{"embeddable":true,"href":"https:\/\/www.europesays.com\/pt\/wp-json\/wp\/v2\/media\/44022"}],"wp:attachment":[{"href":"https:\/\/www.europesays.com\/pt\/wp-json\/wp\/v2\/media?parent=44021"}],"wp:term":[{"taxonomy":"category","embeddable":true,"href":"https:\/\/www.europesays.com\/pt\/wp-json\/wp\/v2\/categories?post=44021"},{"taxonomy":"post_tag","embeddable":true,"href":"https:\/\/www.europesays.com\/pt\/wp-json\/wp\/v2\/tags?post=44021"}],"curies":[{"name":"wp","href":"https:\/\/api.w.org\/{rel}","templated":true}]}}