{"id":440361,"date":"2026-07-05T02:13:32","date_gmt":"2026-07-05T02:13:32","guid":{"rendered":"https:\/\/www.europesays.com\/pt\/440361\/"},"modified":"2026-07-05T02:13:32","modified_gmt":"2026-07-05T02:13:32","slug":"nova-descoberta-da-u-p-podera-impulsionar-vacinas-personalizadas-contra-o-cancro","status":"publish","type":"post","link":"https:\/\/www.europesays.com\/pt\/440361\/","title":{"rendered":"Nova descoberta da U.P. poder\u00e1 impulsionar vacinas personalizadas contra o cancro"},"content":{"rendered":"<p>    \t\t\t\t<a href=\"https:\/\/www.europesays.com\/pt\/wp-content\/uploads\/2026\/07\/vacina-cancro.png\" title=\"Nova descoberta da U.P. poder\u00e1 impulsionar vacinas personalizadas contra o cancro\" class=\"img-go-big\"><img decoding=\"async\" class=\"the-post-img\" src=\"https:\/\/www.europesays.com\/pt\/wp-content\/uploads\/2026\/07\/vacina-cancro.png\" alt=\"Nova descoberta da U.P. poder\u00e1 impulsionar vacinas personalizadas contra o cancro\" width=\"727\" height=\"350\" loading=\"lazy\"\/><\/a><\/p>\n<p>Uma equipa de investigadores do Instituto de Investiga\u00e7\u00e3o e Inova\u00e7\u00e3o em Sa\u00fade (i3S) identificou vulnerabilidades imunol\u00f3gicas persistentes em tumores colorretais que poder\u00e3o abrir caminho ao desenvolvimento de vacinas terap\u00eauticas personalizadas contra o cancro.<\/p>\n<p>O estudo, publicado na prestigiada revista cient\u00edfica Gut, analisou tumores colorretais capazes de produzir grandes quantidades de neoantig\u00e9nios, mol\u00e9culas alteradas que permitem ao sistema imunit\u00e1rio reconhecer c\u00e9lulas tumorais como uma amea\u00e7a.<\/p>\n<p>Descoberta poder\u00e1 impulsionar novas imunoterapias<\/p>\n<p>Na maioria dos casos, o organismo consegue identificar estes sinais e destruir as c\u00e9lulas cancer\u00edgenas. No entanto, quando esse mecanismo falha, o tumor cria um ambiente que bloqueia a resposta imunit\u00e1ria e favorece a progress\u00e3o da doen\u00e7a.<\/p>\n<p>\u201cNestes casos, o tumor promove um ambiente imunossupressor que impede o sistema imunit\u00e1rio de completar a tarefa e, por isso, o tumor desenvolve-se\u201d, explica Helena Xavier Ferreira, primeira autora do estudo.<\/p>\n<p>Apesar disso, os investigadores verificaram que o sistema imunit\u00e1rio continua a reconhecer o tumor, uma vez que este vai acumulando novas muta\u00e7\u00f5es que originam mais neoantig\u00e9nios.<\/p>\n<p>PUBLICIDADE &#8211; CONTINUE A LEITURA A SEGUIR<\/p>\n<p>\u201cO desafio passa a ser ajudar o sistema imune, adormecido pelo ambiente imunossupressor, a fazer aquilo que j\u00e1 sabe fazer: atacar estas c\u00e9lulas\u201d, explica Carlos Resende, um dos autores seniores do trabalho.<\/p>\n<p>Vacinas feitas \u00e0 medida de cada doente<\/p>\n<p>Segundo os investigadores, a identifica\u00e7\u00e3o destes neoantig\u00e9nios poder\u00e1 servir de base ao desenvolvimento de vacinas terap\u00eauticas personalizadas, desenhadas especificamente para cada doente e para as caracter\u00edsticas gen\u00e9ticas do respetivo tumor.<\/p>\n<p>\u201cEstamos perante uma das express\u00f5es mais avan\u00e7adas da medicina personalizada. Cada vacina tem de ser desenhada para um doente espec\u00edfico, tendo em conta as muta\u00e7\u00f5es e os neoantig\u00e9nios presentes no seu tumor. Uma mesma vacina n\u00e3o ser\u00e1 eficaz em doentes diferentes\u201d, sublinha Jos\u00e9 Carlos Machado, coordenador do grupo de investiga\u00e7\u00e3o.<\/p>\n<p>Passo importante no combate ao cancro<\/p>\n<p>Al\u00e9m de abrir novas perspetivas para o desenvolvimento de imunoterapias, o estudo contribui para compreender melhor a forma como os tumores evoluem perante a resposta do sistema imunit\u00e1rio.<\/p>\n<p>Os resultados refor\u00e7am o potencial de uma nova gera\u00e7\u00e3o de tratamentos personalizados, capazes de explorar as vulnerabilidades espec\u00edficas de cada tumor e potenciar a capacidade natural do organismo para combater a doen\u00e7a.<\/p>\n<p><strong>Fotografia: U.P.<\/strong><\/p>\n<p>PUBLICIDADE &#8211; CONTINUE A LEITURA A SEGUIR<\/p>\n","protected":false},"excerpt":{"rendered":"Uma equipa de investigadores do Instituto de Investiga\u00e7\u00e3o e Inova\u00e7\u00e3o em Sa\u00fade (i3S) identificou vulnerabilidades imunol\u00f3gicas persistentes em&hellip;\n","protected":false},"author":2,"featured_media":440362,"comment_status":"","ping_status":"","sticky":false,"template":"","format":"standard","meta":{"footnotes":"","_share_on_mastodon":"0"},"categories":[86],"tags":[1207,2001,116,40336,462,32,33,117,17521,2782],"class_list":["post-440361","post","type-post","status-publish","format-standard","has-post-thumbnail","category-saude","tag-cancro","tag-descoberta","tag-health","tag-investigadores","tag-porto","tag-portugal","tag-pt","tag-saude","tag-universidade-do-porto","tag-vacinas"],"share_on_mastodon":{"url":"https:\/\/pubeurope.com\/@pt\/116864956185022053","error":""},"_links":{"self":[{"href":"https:\/\/www.europesays.com\/pt\/wp-json\/wp\/v2\/posts\/440361","targetHints":{"allow":["GET"]}}],"collection":[{"href":"https:\/\/www.europesays.com\/pt\/wp-json\/wp\/v2\/posts"}],"about":[{"href":"https:\/\/www.europesays.com\/pt\/wp-json\/wp\/v2\/types\/post"}],"author":[{"embeddable":true,"href":"https:\/\/www.europesays.com\/pt\/wp-json\/wp\/v2\/users\/2"}],"replies":[{"embeddable":true,"href":"https:\/\/www.europesays.com\/pt\/wp-json\/wp\/v2\/comments?post=440361"}],"version-history":[{"count":0,"href":"https:\/\/www.europesays.com\/pt\/wp-json\/wp\/v2\/posts\/440361\/revisions"}],"wp:featuredmedia":[{"embeddable":true,"href":"https:\/\/www.europesays.com\/pt\/wp-json\/wp\/v2\/media\/440362"}],"wp:attachment":[{"href":"https:\/\/www.europesays.com\/pt\/wp-json\/wp\/v2\/media?parent=440361"}],"wp:term":[{"taxonomy":"category","embeddable":true,"href":"https:\/\/www.europesays.com\/pt\/wp-json\/wp\/v2\/categories?post=440361"},{"taxonomy":"post_tag","embeddable":true,"href":"https:\/\/www.europesays.com\/pt\/wp-json\/wp\/v2\/tags?post=440361"}],"curies":[{"name":"wp","href":"https:\/\/api.w.org\/{rel}","templated":true}]}}