{"id":441031,"date":"2026-07-05T20:19:50","date_gmt":"2026-07-05T20:19:50","guid":{"rendered":"https:\/\/www.europesays.com\/pt\/441031\/"},"modified":"2026-07-05T20:19:50","modified_gmt":"2026-07-05T20:19:50","slug":"homem-mais-rico-de-franca-condenado-a-pagar-225me-ao-estado-observador","status":"publish","type":"post","link":"https:\/\/www.europesays.com\/pt\/441031\/","title":{"rendered":"Homem mais rico de Fran\u00e7a condenado a pagar 22,5M\u20ac ao Estado \u2013 Observador"},"content":{"rendered":"<p>Paris, 04 jul 2026 (Lusa) \u2014 O l\u00edder do conglomerado franc\u00eas de luxo Mo\u00ebt Hennessy e Louis Vuitton (LVMH) foi condenado pelo Tribunal Administrativo de Apela\u00e7\u00e3o de Paris a pagar 22,5 milh\u00f5es de euros \u00e0s autoridades fiscais de Fran\u00e7a por fuga aos impostos.<\/p>\n<p>De acordo com a ag\u00eancia France-Presse, que consultou o processo, o homem mais rico de Fran\u00e7a, Bernard Arnault, disse que vai recorrer ao Conselho de Estado, organismo que arbitra lit\u00edgios entre cidad\u00e3os e governo.<\/p>\n<p>\u201cEsta decis\u00e3o, que anula a senten\u00e7a do tribunal inferior e at\u00e9 a anterior, proferida por este tribunal [mais favor\u00e1veis a Arnault}, ser\u00e1 levada \u00e0 aprecia\u00e7\u00e3o do Conselho de Estado\u201d, declarou \u00e0 AFP um porta-voz do empres\u00e1rio.<\/p>\n<p>O montante que Bernard Arnault est\u00e1 obrigado a pagar envolve 12,96 milh\u00f5es de euros em \u201cimposto sobre o rendimento e contribui\u00e7\u00f5es adicionais para a seguran\u00e7a social\u201d, referentes a 2010, e 9,5 milh\u00f5es de euros em imposto sobre o patrim\u00f3nio, entre 2012 e 2015, est\u00e3o a ser exigidos a Arnault e \u00e0 sua mulher, de acordo com a decis\u00e3o do Tribunal Administrativo de Apela\u00e7\u00e3o de Paris, de 02 de julho.<\/p>\n<p>Em dezembro de 2020, o Tribunal Administrativo de Paris deferiu o pedido do casal para isen\u00e7\u00e3o das avalia\u00e7\u00f5es adicionais de imposto sobre o rendimento e reembolso do imposto sobre o patrim\u00f3nio entre 2012 e 2015.<\/p>\n<p>O ministro da Economia e Finan\u00e7as de Fran\u00e7a solicitou ao Tribunal Administrativo de Recurso, em novembro de 2023, a anula\u00e7\u00e3o dessa decis\u00e3o.<\/p>\n<p>O cerne do caso dizia respeito \u00e0 \u201ccomplexa estrutura acionista\u201d da LVMH, segundo o portal de not\u00edcias \u2018online\u2019 L\u2019Inform\u00e9, citado pela AFP.<\/p>\n<p>\u201cA fam\u00edlia Arnault n\u00e3o det\u00e9m a\u00e7\u00f5es diretamente no grupo de luxo, mas sim atrav\u00e9s de uma cadeia de sociedades gestoras de participa\u00e7\u00f5es sociais\u201d, acrescentou o L\u2019Inform\u00e9.<\/p>\n<p>\u201cNo topo desta pir\u00e2mide est\u00e1 uma empresa belga, a Pilinvest\u201d, que permite ao homem mais rico de Fran\u00e7a reduzir a sua carga fiscal\u201d, segundo o jornal L\u2019Inform\u00e9.<\/p>\n<p>De acordo com o \u2018ranking\u2019 da revista Forbes, Bernard Arnault, de 77 anos, com um patrim\u00f3nio l\u00edquido de 147,9 mil milh\u00f5es de d\u00f3lares (aproximadamente 129,25 mil milh\u00f5es de euros), est\u00e1 entre as dez pessoas mais ricas do mundo.<\/p>\n","protected":false},"excerpt":{"rendered":"Paris, 04 jul 2026 (Lusa) \u2014 O l\u00edder do conglomerado franc\u00eas de luxo Mo\u00ebt Hennessy e Louis Vuitton&hellip;\n","protected":false},"author":2,"featured_media":441032,"comment_status":"","ping_status":"","sticky":false,"template":"","format":"standard","meta":{"footnotes":"","_share_on_mastodon":"0"},"categories":[50],"tags":[27,28,445,15,16,2104,14,300,25,26,21,22,62,12,13,19,20,23,24,17,18,29,30,31,63,64,65],"class_list":["post-441031","post","type-post","status-publish","format-standard","has-post-thumbnail","category-mundo","tag-breaking-news","tag-breakingnews","tag-europa","tag-featured-news","tag-featurednews","tag-franu00e7a","tag-headlines","tag-justiu00e7a","tag-latest-news","tag-latestnews","tag-main-news","tag-mainnews","tag-mundo","tag-news","tag-noticias","tag-noticias-principais","tag-noticiasprincipais","tag-principais-noticias","tag-principaisnoticias","tag-top-stories","tag-topstories","tag-ultimas","tag-ultimas-noticias","tag-ultimasnoticias","tag-world","tag-world-news","tag-worldnews"],"share_on_mastodon":{"url":"https:\/\/pubeurope.com\/@pt\/116869230366439911","error":""},"_links":{"self":[{"href":"https:\/\/www.europesays.com\/pt\/wp-json\/wp\/v2\/posts\/441031","targetHints":{"allow":["GET"]}}],"collection":[{"href":"https:\/\/www.europesays.com\/pt\/wp-json\/wp\/v2\/posts"}],"about":[{"href":"https:\/\/www.europesays.com\/pt\/wp-json\/wp\/v2\/types\/post"}],"author":[{"embeddable":true,"href":"https:\/\/www.europesays.com\/pt\/wp-json\/wp\/v2\/users\/2"}],"replies":[{"embeddable":true,"href":"https:\/\/www.europesays.com\/pt\/wp-json\/wp\/v2\/comments?post=441031"}],"version-history":[{"count":0,"href":"https:\/\/www.europesays.com\/pt\/wp-json\/wp\/v2\/posts\/441031\/revisions"}],"wp:featuredmedia":[{"embeddable":true,"href":"https:\/\/www.europesays.com\/pt\/wp-json\/wp\/v2\/media\/441032"}],"wp:attachment":[{"href":"https:\/\/www.europesays.com\/pt\/wp-json\/wp\/v2\/media?parent=441031"}],"wp:term":[{"taxonomy":"category","embeddable":true,"href":"https:\/\/www.europesays.com\/pt\/wp-json\/wp\/v2\/categories?post=441031"},{"taxonomy":"post_tag","embeddable":true,"href":"https:\/\/www.europesays.com\/pt\/wp-json\/wp\/v2\/tags?post=441031"}],"curies":[{"name":"wp","href":"https:\/\/api.w.org\/{rel}","templated":true}]}}