{"id":441319,"date":"2026-07-06T02:59:17","date_gmt":"2026-07-06T02:59:17","guid":{"rendered":"https:\/\/www.europesays.com\/pt\/441319\/"},"modified":"2026-07-06T02:59:17","modified_gmt":"2026-07-06T02:59:17","slug":"vem-ai-em-a-protegida-laura-vive-novo-pesadelo-novelas","status":"publish","type":"post","link":"https:\/\/www.europesays.com\/pt\/441319\/","title":{"rendered":"Vem a\u00ed em \u00abA Protegida\u00bb: Laura vive novo pesadelo &#8211; Novelas"},"content":{"rendered":"<p>Em \u00abA Protegida\u00bb, L\u00eddia j\u00e1 est\u00e1 a ensinar <a href=\"https:\/\/tvi.iol.pt\/novelas\/fotos\/exclusivo-a-protegida-num-ato-de-protecao-anita-mata-manuel\/67ffa9abd34ef72ee444d10d\" rel=\"nofollow noopener\" target=\"_blank\">Anita (Marina Mota)<\/a>\u00a0a fazer arraiolos e conversam sobre a vida, os filhos e o casamento. Anita est\u00e1 desgostosa com o filho e L\u00eddia j\u00e1 percebeu. L\u00eddia diz que a filha era a \u00fanica coisa boa que tinha na vida e assim que ela morreu separou-se, pois percebeu que precisava de outras coisas para ser feliz. As duas entreolham-se c\u00famplices.<\/p>\n<p>\u00d3scar conta a Mariana e JD que aquilo \u00e9 uma retalia\u00e7\u00e3o contra ele, por causa das patrulhas que faz nos bairros problem\u00e1ticos. \u00d3scar recebe uma mensagem do traficante a pedir cem mil euros, ou a pr\u00f3xima encomenda ter\u00e1 os dedos de Laura.<\/p>\n<p>Laura tenta saber porque est\u00e1 ali e o traficante diz-lhe que \u00d3scar meteu-se onde n\u00e3o devia. O traficante quer saber onde est\u00e1 o dinheiro que \u00d3scar lhe roubou e Laura diz-lhe orgulhosa que o entregou a uma institui\u00e7\u00e3o. O traficante acha que Laura n\u00e3o devia confiar tanto em \u00d3scar.<\/p>\n<p><a href=\"https:\/\/tvi.iol.pt\/novelas\/search?pagina=1&amp;pesquisa=joaquim+horta\" rel=\"nofollow noopener\" target=\"_blank\">\u00d3scar (Joaquim Horta<\/a>) avisa Anita e L\u00eddia que os traficantes levaram Laura e por isso tamb\u00e9m devem estar atentas, pois a retalia\u00e7\u00e3o n\u00e3o ficar\u00e1 por ali. L\u00eddia quer ajudar a pagar o resgate, mas \u00d3scar n\u00e3o tem a certeza de que o dinheiro resolva o problema. \u00d3scar quer descobrir onde est\u00e1 <a href=\"https:\/\/tvi.iol.pt\/novelas\/search?pagina=1&amp;pesquisa=alexandra+lencastre\" rel=\"nofollow noopener\" target=\"_blank\">Laura (Alexandra Lencastre)<\/a>.<\/p>\n<p>Recorde-se que n\u00e3o \u00e9 a primeira vez que Laura corre perigo de vida:<\/p>\n","protected":false},"excerpt":{"rendered":"Em \u00abA Protegida\u00bb, L\u00eddia j\u00e1 est\u00e1 a ensinar Anita (Marina Mota)\u00a0a fazer arraiolos e conversam sobre a vida,&hellip;\n","protected":false},"author":2,"featured_media":441320,"comment_status":"","ping_status":"","sticky":false,"template":"","format":"standard","meta":{"footnotes":"","_share_on_mastodon":"0"},"categories":[142],"tags":[168,882,160,166,114,115,157,167,1406,164,885,161,1409,158,165,159,32,33,156,163,151,162],"class_list":["post-441319","post","type-post","status-publish","format-standard","has-post-thumbnail","category-tv","tag-a-protegida","tag-alexandra-lencastre","tag-ana-guiomar","tag-cristina-ferreira","tag-entertainment","tag-entretenimento","tag-festa-e-festa","tag-ficcao","tag-joaquim-horta","tag-jose-fidalgo","tag-laura","tag-novelas","tag-oscar","tag-para-sempre","tag-pedro-sousa","tag-pedro-teixeira","tag-portugal","tag-pt","tag-queridos-papas","tag-tiago-teotonio-pereira","tag-tv","tag-tvi"],"share_on_mastodon":{"url":"https:\/\/pubeurope.com\/@pt\/116870798797053400","error":""},"_links":{"self":[{"href":"https:\/\/www.europesays.com\/pt\/wp-json\/wp\/v2\/posts\/441319","targetHints":{"allow":["GET"]}}],"collection":[{"href":"https:\/\/www.europesays.com\/pt\/wp-json\/wp\/v2\/posts"}],"about":[{"href":"https:\/\/www.europesays.com\/pt\/wp-json\/wp\/v2\/types\/post"}],"author":[{"embeddable":true,"href":"https:\/\/www.europesays.com\/pt\/wp-json\/wp\/v2\/users\/2"}],"replies":[{"embeddable":true,"href":"https:\/\/www.europesays.com\/pt\/wp-json\/wp\/v2\/comments?post=441319"}],"version-history":[{"count":0,"href":"https:\/\/www.europesays.com\/pt\/wp-json\/wp\/v2\/posts\/441319\/revisions"}],"wp:featuredmedia":[{"embeddable":true,"href":"https:\/\/www.europesays.com\/pt\/wp-json\/wp\/v2\/media\/441320"}],"wp:attachment":[{"href":"https:\/\/www.europesays.com\/pt\/wp-json\/wp\/v2\/media?parent=441319"}],"wp:term":[{"taxonomy":"category","embeddable":true,"href":"https:\/\/www.europesays.com\/pt\/wp-json\/wp\/v2\/categories?post=441319"},{"taxonomy":"post_tag","embeddable":true,"href":"https:\/\/www.europesays.com\/pt\/wp-json\/wp\/v2\/tags?post=441319"}],"curies":[{"name":"wp","href":"https:\/\/api.w.org\/{rel}","templated":true}]}}