{"id":441586,"date":"2026-07-06T10:51:05","date_gmt":"2026-07-06T10:51:05","guid":{"rendered":"https:\/\/www.europesays.com\/pt\/441586\/"},"modified":"2026-07-06T10:51:05","modified_gmt":"2026-07-06T10:51:05","slug":"trovoadas-em-portugal-atividade-eletrica-intensifica-se-nas-proximas-horas-em-ambiente-de-calor-extremo","status":"publish","type":"post","link":"https:\/\/www.europesays.com\/pt\/441586\/","title":{"rendered":"Trovoadas em Portugal: atividade el\u00e9trica intensifica-se nas pr\u00f3ximas horas em ambiente de calor extremo"},"content":{"rendered":"<p> <img decoding=\"async\" fetchpriority=\"high\" src=\"https:\/\/www.europesays.com\/pt\/wp-content\/uploads\/2026\/07\/trovoadas-em-portugal-atividade-eletrica-intensifica-se-nas-proximas-horas-em-ambiente-de-calor-extr.jpeg\"  width=\"768\" height=\"432\" alt=\"As trovoadas previstas para o interior de Portugal entre domingo e segunda-feira poder\u00e3o originar descargas el\u00e9tricas em zonas com vegeta\u00e7\u00e3o muito seca, temperaturas elevadas e humidade relativa reduzida, fatores que aumentam o potencial de igni\u00e7\u00e3o e propaga\u00e7\u00e3o de inc\u00eandios rurais.\" title=\"Trovoadas poder\u00e3o aumentar o risco de igni\u00e7\u00e3o em ambiente de calor extremo\" data-image=\"dvwvwyro59jh\"\/>As trovoadas previstas para o interior de Portugal entre domingo e segunda-feira poder\u00e3o originar descargas el\u00e9tricas em zonas com vegeta\u00e7\u00e3o muito seca, temperaturas elevadas e humidade relativa reduzida, fatores que aumentam o potencial de igni\u00e7\u00e3o e propaga\u00e7\u00e3o de inc\u00eandios rurais.   <img decoding=\"async\" fetchpriority=\"high\" src=\"https:\/\/www.europesays.com\/pt\/wp-content\/uploads\/2026\/07\/ana-palma.jpg\" alt=\"Ana Palma\" width=\"40\" height=\"40\"\/>    <a class=\"nombre text-hv\" href=\"https:\/\/www.tempo.pt\/autor\/ana-palma\/\" title=\"Ana Palma\" rel=\"nofollow noopener\" target=\"_blank\">Ana Palma<\/a>      05\/07\/2026 15:21   5 min   <\/p>\n<p>Dentro de poucas horas, a atmosfera tornar-se-\u00e1 mais inst\u00e1vel em Portugal continental, favorecendo o desenvolvimento de trovoadas isoladas, sobretudo no interior Norte e Centro. Os mapas de densidade de raios indicam que as <strong>primeiras descargas<\/strong> <strong>dever\u00e3o surgir durante a tarde de hoje<\/strong>, concentrando-se nas zonas montanhosas do <strong>interior Centro<\/strong> e, pontualmente, do <strong>i<\/strong><strong>nterior Norte<\/strong>. Apesar de dispersas e pouco organizadas, estas c\u00e9lulas merecem aten\u00e7\u00e3o por ocorrerem num ambiente excecionalmente quente e seco.<\/p>\n<p>Atividade el\u00e9trica dever\u00e1 intensificar-se durante a tarde de segunda-feira<\/p>\n<p>Na segunda-feira, a <strong>atividade el\u00e9trica dever\u00e1 intensificar-se<\/strong>, com maior concentra\u00e7\u00e3o de descargas prevista entre Tr\u00e1s-os-Montes, Beira Alta, Serra da Estrela e Beira Interior. A evolu\u00e7\u00e3o <strong>resulta do forte aquecimento diurno<\/strong>, que aumenta a instabilidade atmosf\u00e9rica e favorece o desenvolvimento de novas c\u00e9lulas convectivas durante a tarde. Ainda assim, n\u00e3o se prev\u00ea um epis\u00f3dio generalizado, mas sim fen\u00f3menos localizados e t\u00edpicos do ver\u00e3o, capazes de produzir elevada atividade el\u00e9trica em \u00e1reas relativamente reduzidas.<\/p>\n<p><img decoding=\"async\" fetchpriority=\"low\" class=\"lazy \" src=\"https:\/\/www.europesays.com\/pt\/wp-content\/uploads\/2026\/07\/trovoadas-em-portugal-atividade-eletrica-intensifica-se-nas-proximas-horas-em-ambiente-de-calor-extr.png\"  width=\"768\" height=\"432\" alt=\"O modelo ECMWF concentra a maior probabilidade de descargas el\u00e9tricas durante a tarde de segunda-feira sobre o interior Centro, coincidindo com zonas de calor extremo e reduzida humidade relativa, onde as trovoadas secas poder\u00e3o favorecer novas igni\u00e7\u00f5es.\" data-image=\"ui38i2s8z6bc\"\/>O modelo ECMWF concentra a maior probabilidade de descargas el\u00e9tricas durante a tarde de segunda-feira sobre o interior Centro, coincidindo com zonas de calor extremo e reduzida humidade relativa, onde as trovoadas secas poder\u00e3o favorecer novas igni\u00e7\u00f5es.<\/p>\n<p>O principal motivo de preocupa\u00e7\u00e3o prende-se com a possibilidade de algumas destas trovoadas <strong>evolu\u00edrem para situa\u00e7\u00f5es de trovoada seca<\/strong>. Embora os modelos prevejam aguaceiros associados \u00e0s c\u00e9lulas, a precipita\u00e7\u00e3o dever\u00e1 apresentar uma distribui\u00e7\u00e3o muito irregular e poder\u00e1 revelar-se insuficiente para humedecer a vegeta\u00e7\u00e3o. Nestas circunst\u00e2ncias, parte da chuva poder\u00e1 evaporar antes de atingir o solo, permitindo que as descargas el\u00e9tricas atinjam combust\u00edveis finos extremamente secos, <strong>aumentando o potencial de igni\u00e7\u00e3o<\/strong>.<\/p>\n<p>Atmosfera muito seca favorece o risco de igni\u00e7\u00e3o por descargas el\u00e9tricas<\/p>\n<p>Para al\u00e9m da atividade el\u00e9trica, outros fatores contribuem para agravar o risco. <strong>As temperaturas dever\u00e3o aproximar-se ou ultrapassar os 40 \u00baC<\/strong> em v\u00e1rios locais do interior, enquanto a humidade relativa descer\u00e1 para valores pr\u00f3ximos dos 10 aos 20 por cento durante as horas mais quentes. <strong>Esta combina\u00e7\u00e3o favorece uma r\u00e1pida secagem dos combust\u00edveis vegetais e reduz significativamente a humidade dispon\u00edvel na vegeta\u00e7\u00e3o<\/strong>.<\/p>\n<p><img decoding=\"async\" fetchpriority=\"low\" class=\"lazy \" src=\"https:\/\/www.europesays.com\/pt\/wp-content\/uploads\/2026\/07\/1783335063_441_trovoadas-em-portugal-atividade-eletrica-intensifica-se-nas-proximas-horas-em-ambiente-de-calor-extr.png\"  width=\"768\" height=\"432\" alt=\"As temperaturas dever\u00e3o chegar aos 41 \u00baC em v\u00e1rios locais do interior durante a tarde de segunda-feira, refor\u00e7ando um ambiente extremamente quente e seco, favor\u00e1vel ao aumento do perigo de inc\u00eandio rural.\" data-image=\"ge3glwkw7wjt\"\/>As temperaturas dever\u00e3o chegar aos 41 \u00baC em v\u00e1rios locais do interior durante a tarde de segunda-feira, refor\u00e7ando um ambiente extremamente quente e seco, favor\u00e1vel ao aumento do perigo de inc\u00eandio rural.<\/p>\n<p>Simultaneamente, o fluxo de leste continuar\u00e1 a transportar ar quente e seco para Portugal, refor\u00e7ando a estabilidade nas camadas baixas e contribuindo para manter o ambiente prop\u00edcio \u00e0 propaga\u00e7\u00e3o inicial de eventuais inc\u00eandios. Embora n\u00e3o se espere vento forte generalizado, poder\u00e3o ocorrer rajadas moderadas e altera\u00e7\u00f5es bruscas da dire\u00e7\u00e3o do vento nas proximidades das c\u00e9lulas convectivas, fen\u00f3meno que poder\u00e1 <strong>dificultar o combate inicial caso surjam igni\u00e7\u00f5es<\/strong>.<\/p>\n<p><img decoding=\"async\" fetchpriority=\"low\" class=\"lazy \" src=\"https:\/\/www.europesays.com\/pt\/wp-content\/uploads\/2026\/07\/1783335063_784_trovoadas-em-portugal-atividade-eletrica-intensifica-se-nas-proximas-horas-em-ambiente-de-calor-extr.jpeg\"  width=\"768\" height=\"432\" alt=\"O IPMA prev\u00ea para segunda-feira, 6 de julho, perigo m\u00e1ximo e muito elevado de inc\u00eandio rural em grande parte do interior Norte e Centro, refletindo a combina\u00e7\u00e3o de temperaturas extremas, baixa humidade relativa e vegeta\u00e7\u00e3o muito seca. Fonte: IPMA\" data-image=\"61m1255f709b\"\/>O IPMA prev\u00ea para segunda-feira, 6 de julho, perigo m\u00e1ximo e muito elevado de inc\u00eandio rural em grande parte do interior Norte e Centro, refletindo a combina\u00e7\u00e3o de temperaturas extremas, baixa humidade relativa e vegeta\u00e7\u00e3o muito seca. Fonte: IPMA<\/p>\n<p>Este conjunto de fatores contribui para que grande parte do territ\u00f3rio permane\u00e7a sob <strong>perigo muito elevado ou m\u00e1ximo de inc\u00eandio rural<\/strong>, bem como sob avisos do IPMA devido ao calor extremo. <\/p>\n<p><a class=\"imagen \" href=\"https:\/\/www.tempo.pt\/noticias\/previsao\/aviso-vermelho-mantem-se-amanha-calor-extremo-resiste-em-pelo-menos-4-distritos-do-interior-e-havera-trovoadas-isoladas.html\" title=\"Aviso vermelho mant\u00e9m-se amanh\u00e3: calor extremo resiste em pelo menos 4 distritos do interior e haver\u00e1 trovoadas isoladas\" rel=\"nofollow noopener\" target=\"_blank\"><img decoding=\"async\" fetchpriority=\"low\" class=\"lazy img-body non-editable\" src=\"https:\/\/www.europesays.com\/pt\/wp-content\/uploads\/2026\/07\/1783335065_103_aviso-vermelho-mantem-se-amanha-calor-extremo-resiste-em-pelo-menos-4-distritos-do-interior-e-havera.png\"  width=\"320\" height=\"225\"\/><\/a><\/p>\n<p>Perante este cen\u00e1rio, qualquer descarga el\u00e9trica poder\u00e1 representar um fator adicional de igni\u00e7\u00e3o, pelo que se <strong>recomenda m\u00e1xima vigil\u00e2ncia e a ado\u00e7\u00e3o de comportamentos preventivos<\/strong> nas pr\u00f3ximas horas.<\/p>\n","protected":false},"excerpt":{"rendered":"As trovoadas previstas para o interior de Portugal entre domingo e segunda-feira poder\u00e3o originar descargas el\u00e9tricas em zonas&hellip;\n","protected":false},"author":2,"featured_media":441587,"comment_status":"","ping_status":"","sticky":false,"template":"","format":"standard","meta":{"footnotes":"","_share_on_mastodon":"0"},"categories":[10],"tags":[45359,27,28,4110,15,16,14,25,26,21,22,606,12,13,19,20,71068,32,1429,23,24,33,71069,7069,71070,4116,17,18,65547,29,30,31],"class_list":["post-441586","post","type-post","status-publish","format-standard","has-post-thumbnail","category-portugal","tag-aviso-vermelho","tag-breaking-news","tag-breakingnews","tag-calor-extremo","tag-featured-news","tag-featurednews","tag-headlines","tag-latest-news","tag-latestnews","tag-main-news","tag-mainnews","tag-meteorologia","tag-news","tag-noticias","tag-noticias-principais","tag-noticiasprincipais","tag-perigo-de-incendio","tag-portugal","tag-previsao-do-tempo","tag-principais-noticias","tag-principaisnoticias","tag-pt","tag-risco-de-incendios","tag-tempo-para-amanha","tag-tempo-proximas-horas","tag-tempo-proximos-dias","tag-top-stories","tag-topstories","tag-trovoada-seca","tag-ultimas","tag-ultimas-noticias","tag-ultimasnoticias"],"share_on_mastodon":{"url":"","error":"Validation failed: Text character limit of 500 exceeded"},"_links":{"self":[{"href":"https:\/\/www.europesays.com\/pt\/wp-json\/wp\/v2\/posts\/441586","targetHints":{"allow":["GET"]}}],"collection":[{"href":"https:\/\/www.europesays.com\/pt\/wp-json\/wp\/v2\/posts"}],"about":[{"href":"https:\/\/www.europesays.com\/pt\/wp-json\/wp\/v2\/types\/post"}],"author":[{"embeddable":true,"href":"https:\/\/www.europesays.com\/pt\/wp-json\/wp\/v2\/users\/2"}],"replies":[{"embeddable":true,"href":"https:\/\/www.europesays.com\/pt\/wp-json\/wp\/v2\/comments?post=441586"}],"version-history":[{"count":0,"href":"https:\/\/www.europesays.com\/pt\/wp-json\/wp\/v2\/posts\/441586\/revisions"}],"wp:featuredmedia":[{"embeddable":true,"href":"https:\/\/www.europesays.com\/pt\/wp-json\/wp\/v2\/media\/441587"}],"wp:attachment":[{"href":"https:\/\/www.europesays.com\/pt\/wp-json\/wp\/v2\/media?parent=441586"}],"wp:term":[{"taxonomy":"category","embeddable":true,"href":"https:\/\/www.europesays.com\/pt\/wp-json\/wp\/v2\/categories?post=441586"},{"taxonomy":"post_tag","embeddable":true,"href":"https:\/\/www.europesays.com\/pt\/wp-json\/wp\/v2\/tags?post=441586"}],"curies":[{"name":"wp","href":"https:\/\/api.w.org\/{rel}","templated":true}]}}