{"id":442092,"date":"2026-07-06T20:11:18","date_gmt":"2026-07-06T20:11:18","guid":{"rendered":"https:\/\/www.europesays.com\/pt\/442092\/"},"modified":"2026-07-06T20:11:18","modified_gmt":"2026-07-06T20:11:18","slug":"hamas-dissolve-os-seus-organismos-governamentais-em-gaza","status":"publish","type":"post","link":"https:\/\/www.europesays.com\/pt\/442092\/","title":{"rendered":"Hamas dissolve os seus organismos governamentais em Gaza"},"content":{"rendered":"<p>\n                <b>O movimento isl\u00e2mico-palestiniano Hamas anunciou esta segunda-feira a dissolu\u00e7\u00e3o dos seus \u00f3rg\u00e3os governamentais na Faixa de Gaza, ap\u00f3s quase 20 anos no poder, abrindo caminho \u00e0 administra\u00e7\u00e3o do territ\u00f3rio por um comit\u00e9 tecnocr\u00e1tico.<\/b><\/p>\n<p>&#8220;O chefe do comit\u00e9 de emerg\u00eancia do Governo, Mohammed al-Farra, apresentou oficialmente a sua demiss\u00e3o&#8221;, disse \u00e0 AFP Ismail al-Thawabta, diretor do gabinete de imprensa do Governo do Hamas, acrescentando que &#8220;decidiu dissolver o comit\u00e9 para facilitar a transi\u00e7\u00e3o administrativa e governamental para o Comit\u00e9 Nacional para a Administra\u00e7\u00e3o de Gaza (CNAG)&#8221;.<br \/>&#13;<br \/>\n<b><br \/>&#13;<br \/>\nO CNAG foi estabelecido pelo &#8220;Conselho da Paz&#8221;, criado pelo presidente norte-americano, Donald Trump, durante as negocia\u00e7\u00f5es que levaram ao cessar-fogo entre Israel e o Hamas, em outubro de 2025.<\/b><\/p>\n<p>Em comunicado, o comit\u00e9 de emerg\u00eancia afirma que a medida surge em resposta aos &#8220;interesses superiores&#8221; dos palestinianos em Gaza, citando a &#8220;guerra cont\u00ednua, o bloqueio, a reconstru\u00e7\u00e3o atrasada e a recusa de Israel em se retirar do territ\u00f3rio&#8221;.<\/p>\n<p><b>&#8220;O Hamas est\u00e1 a dar mais um passo ao renunciar ao seu papel na administra\u00e7\u00e3o da Faixa de Gaza, de forma a privar a ocupa\u00e7\u00e3o de qualquer pretexto para continuar a sua agress\u00e3o e guerra de exterm\u00ednio&#8221;<\/b>, disse o porta-voz do Hamas, Hazem Qassem, \u00e0 AFP.<\/p>\n<p>&#8220;Esperamos que o Comit\u00e9 Nacional para a Administra\u00e7\u00e3o de Gaza possa entrar em breve na Faixa de Gaza, e o Hamas reafirma o seu compromisso de transferir as responsabilidades governamentais para ele, de forma a garantir o sucesso da sua miss\u00e3o&#8221;, acrescentou.<\/p>\n<p><b>A iniciativa do Hamas marca uma importante viragem pol\u00edtica para o movimento isl\u00e2mico, que assumiu o poder na Faixa de Gaza em 2007, ap\u00f3s confrontos com o Fatah, o partido do presidente da Autoridade Palestiniana, Mahmoud Abbas, sediado em Ramallah, na Cisjord\u00e2nia ocupada.<\/b><\/p>\n<p>Poucos meses ap\u00f3s o in\u00edcio da guerra entre Israel e o Hamas, desencadeada pelo sangrento ataque em solo israelita, a 7 de outubro de 2023, o movimento isl\u00e2mico anunciou a sua disponibilidade para ceder o poder na Faixa de Gaza a outra lideran\u00e7a palestiniana.<\/p>\n<p>Desde ent\u00e3o, t\u00eam sido discutidos v\u00e1rios cen\u00e1rios, mas, na pr\u00e1tica, o progresso mant\u00e9m-se estagnado. Um dos principais pontos de disc\u00f3rdia continua a ser o desarmamento do Hamas, que afirma que s\u00f3 o far\u00e1 no \u00e2mbito de uma iniciativa pol\u00edtica palestiniana &#8211; posi\u00e7\u00e3o rejeitada por Israel.<\/p>\n<p>Um representante do Hamas tinha dito anteriormente \u00e0 AFP que o grupo armado j\u00e1 tinha informado outras fa\u00e7\u00f5es palestinianas sobre a sua decis\u00e3o numa reuni\u00e3o recente no Cairo.<\/p>\n<p>&#13;<br \/>\n&#8220;As v\u00e1rias fa\u00e7\u00f5es acolheram favoravelmente a decis\u00e3o do Hamas, considerando-a um passo s\u00e9rio que permite ao Comit\u00e9 Nacional assumir o seu papel na governa\u00e7\u00e3o&#8221;, disse o representante.&#13;\n<\/p>\n<p>Ataques israelitas n\u00e3o d\u00e3o tr\u00e9guas<br \/>\nEnquanto isso, os ataques israelitas continuam, apesar do cessar-fogo. <b>Quatro palestinos foram mortos e 16 ficaram feridos num ataque com drones israelitas contra um ve\u00edculo na rua al-Rashid, em Khan Younis.<\/b><\/p>\n<p>No sul da Faixa de Gaza, uma fonte do Hospital Nasser informou que dois palestinianos foram mortos e outros ficaram feridos num ataque a uma tenda que abrigava pessoas deslocadas em al-Mawasi, perto de Khan Younis.<br \/>&#13;<br \/>\n<b><br \/>&#13;<br \/>\nEm outubro do ano passado, entrou em vigor um cessar-fogo mediado pelos EUA com o Hamas, mas Israel continua a realizar ataques, alegando estar a visar militantes que amea\u00e7am os seus soldados em Gaza ou aqueles que participaram no ataque de 2023.\u00a0<\/b>Israel e o Hamas est\u00e3o num impasse nas negocia\u00e7\u00f5es indiretas sobre a implementa\u00e7\u00e3o da segunda fase do acordo de cessar-fogo, que inclui o desarmamento do grupo e a retirada do ex\u00e9rcito israelita.<\/p>\n<p>O bloqueio principal continua a ser que o Hamas quer o fim da guerra e a retirada total de Israel antes de libertar todos os ref\u00e9ns, enquanto Israel exige a desmobiliza\u00e7\u00e3o do Hamas antes de encerrar a ofensiva.<\/p>\n<p>Desde que o cessar-fogo entrou em vigor, h\u00e1 oito meses, mais de mil palestinianos, muitos deles civis, e quatro soldados israelitas foram mortos em Gaza, segundo dados de ambos os lados. O Hamas n\u00e3o divulga os seus n\u00fameros de mortos.<br \/>&#13;\n<\/p>\n<p>\nc\/ag\u00eancias<\/p>\n","protected":false},"excerpt":{"rendered":"O movimento isl\u00e2mico-palestiniano Hamas anunciou esta segunda-feira a dissolu\u00e7\u00e3o dos seus \u00f3rg\u00e3os governamentais na Faixa de Gaza, ap\u00f3s&hellip;\n","protected":false},"author":2,"featured_media":442093,"comment_status":"","ping_status":"","sticky":false,"template":"","format":"standard","meta":{"footnotes":"","_share_on_mastodon":"0"},"categories":[50],"tags":[27,28,15,16,532,255,14,259,25,26,21,22,62,12,13,19,20,431,23,24,17,18,29,30,31,63,64,65],"class_list":["post-442092","post","type-post","status-publish","format-standard","has-post-thumbnail","category-mundo","tag-breaking-news","tag-breakingnews","tag-featured-news","tag-featurednews","tag-gaza","tag-hamas","tag-headlines","tag-israel","tag-latest-news","tag-latestnews","tag-main-news","tag-mainnews","tag-mundo","tag-news","tag-noticias","tag-noticias-principais","tag-noticiasprincipais","tag-palestina","tag-principais-noticias","tag-principaisnoticias","tag-top-stories","tag-topstories","tag-ultimas","tag-ultimas-noticias","tag-ultimasnoticias","tag-world","tag-world-news","tag-worldnews"],"share_on_mastodon":{"url":"https:\/\/pubeurope.com\/@pt\/116874856759937264","error":""},"_links":{"self":[{"href":"https:\/\/www.europesays.com\/pt\/wp-json\/wp\/v2\/posts\/442092","targetHints":{"allow":["GET"]}}],"collection":[{"href":"https:\/\/www.europesays.com\/pt\/wp-json\/wp\/v2\/posts"}],"about":[{"href":"https:\/\/www.europesays.com\/pt\/wp-json\/wp\/v2\/types\/post"}],"author":[{"embeddable":true,"href":"https:\/\/www.europesays.com\/pt\/wp-json\/wp\/v2\/users\/2"}],"replies":[{"embeddable":true,"href":"https:\/\/www.europesays.com\/pt\/wp-json\/wp\/v2\/comments?post=442092"}],"version-history":[{"count":0,"href":"https:\/\/www.europesays.com\/pt\/wp-json\/wp\/v2\/posts\/442092\/revisions"}],"wp:featuredmedia":[{"embeddable":true,"href":"https:\/\/www.europesays.com\/pt\/wp-json\/wp\/v2\/media\/442093"}],"wp:attachment":[{"href":"https:\/\/www.europesays.com\/pt\/wp-json\/wp\/v2\/media?parent=442092"}],"wp:term":[{"taxonomy":"category","embeddable":true,"href":"https:\/\/www.europesays.com\/pt\/wp-json\/wp\/v2\/categories?post=442092"},{"taxonomy":"post_tag","embeddable":true,"href":"https:\/\/www.europesays.com\/pt\/wp-json\/wp\/v2\/tags?post=442092"}],"curies":[{"name":"wp","href":"https:\/\/api.w.org\/{rel}","templated":true}]}}