{"id":44212,"date":"2025-08-25T12:55:08","date_gmt":"2025-08-25T12:55:08","guid":{"rendered":"https:\/\/www.europesays.com\/pt\/44212\/"},"modified":"2025-08-25T12:55:08","modified_gmt":"2025-08-25T12:55:08","slug":"o-melhor-amigo-de-lars-ulrich-na-musica-fora-do-metallica-segundo-o-proprio","status":"publish","type":"post","link":"https:\/\/www.europesays.com\/pt\/44212\/","title":{"rendered":"O melhor amigo de Lars Ulrich na m\u00fasica fora do Metallica, segundo o pr\u00f3prio"},"content":{"rendered":"<p>Em entrevista \u00e0 r\u00e1dio chilena <a href=\"https:\/\/sonarfm.cl\/sonarfm\/noticias\/lars-ulrich-en-sonar-fm-los-fans-se-ponen-sobre-protectores-cuando\/2017-04-02\/125332.html\" rel=\"nofollow noopener\" target=\"_blank\">Sonar 105.3<\/a>, o baterista do Metallica, Lars Ulrich, foi colocado diante de uma pergunta inusitada: quem \u00e9 seu melhor amigo na m\u00fasica, excluindo os colegas de banda? Depois de pensar um pouco, a resposta saiu: Jerry Cantrell, guitarrista do Alice in Chains. &#8220;Meu melhor amigo na m\u00fasica&#8230; Ningu\u00e9m nunca tinha me feito essa pergunta antes! \u00c9 dif\u00edcil escolher&#8230; Mas diria que \u00e9 o Jerry Cantrell&#8221;, disse Lars.<\/p>\n<p><a href=\"https:\/\/whiplash.net\/bandas\/m\/metallica.html\" class=\"linkBotao\" rel=\"nofollow noopener\" target=\"_blank\">Metallica &#8211; Mais Novidades<\/a><\/p>\n<p>CONTINUA DEPOIS DA PUBLICIDADE &#8211; CLI<\/p>\n<p>&#13;<br \/>\n&#13;<br \/>\n&#13;<br \/>\n&#13;<br \/>\n&#13;<br \/>\n&#13;<br \/>\n&#13;<br \/>\n&#13;<br \/>\n<a href=\"https:\/\/whiplash.net\/materias\/whiplash\/027002.html\" rel=\"nofollow noopener\" target=\"_blank\"><img decoding=\"async\" src=\"https:\/\/www.europesays.com\/pt\/wp-content\/uploads\/2025\/08\/1755869888_147_anunciar_diabo_336x280.gif\" loading=\"lazy\" width=\"336\" height=\"280\" class=\"widthConstrained\" style=\"background-color:#000000;display:block;\" alt=\"Anunciar bandas e shows de Rock e Heavy Metal\"\/><\/a>&#13;<\/p>\n<p><a target=\"_blank\" href=\"https:\/\/www.europesays.com\/pt\/wp-content\/uploads\/2025\/08\/depositphotos_235934684_ds_lars_ulrich_por_chinaimages_corte.jpg\"><img loading=\"lazy\" decoding=\"async\" src=\"https:\/\/www.europesays.com\/pt\/wp-content\/uploads\/2025\/08\/depositphotos_235934684_ds_lars_ulrich_por_chinaimages_corte.jpg\" class=\"widthConstrained\" width=\"700\" height=\"441\" alt=\"Foto: ChinaImages @ www.depositphotos.com\"\/><\/a>Foto: ChinaImages @ www.depositphotos.com<\/p>\n<p>O pr\u00f3prio Cantrell j\u00e1 havia falado sobre a rela\u00e7\u00e3o pr\u00f3xima com Ulrich, marcada por viagens improvisadas e situa\u00e7\u00f5es surreais. &#8220;Sempre fazemos viagens entre turn\u00eas. Normalmente \u00e9 tudo de repente. Eu estou em casa e o Lars me liga: \u2018Cara, o que acha de esquiar amanh\u00e3?\u2019 Eu respondo: \u2018Como assim amanh\u00e3?\u2019 E ele: \u2018Vamos pra Denver! Ou Vegas, ou Hava\u00ed, tanto faz!\u2019&#8221;, contou o guitarrista.<\/p>\n<p>CONTINUA DEPOIS DA PUBLICIDADE &#8211; GOO<\/p>\n<p>&#13;<br \/>\n&#13;<br \/>\n&#13;<br \/>\n&#13;<br \/>\n<a href=\"https:\/\/whiplash.net\/materias\/whiplash\/027002.html\" rel=\"nofollow noopener\" target=\"_blank\"><img decoding=\"async\" src=\"https:\/\/www.europesays.com\/pt\/wp-content\/uploads\/2025\/08\/1755869888_147_anunciar_diabo_336x280.gif\" loading=\"lazy\" width=\"336\" height=\"280\" alt=\"Anunciar no Whiplash.Net\"\/><\/a>&#13;<br \/>\n&#13;<br \/>\n&#13;<br \/>\n&#13;<br \/>\n&#13;<br \/>\n&#13;<br \/>\n<a href=\"https:\/\/whiplash.net\/materias\/whiplash\/027002.html\" rel=\"nofollow noopener\" target=\"_blank\"><img decoding=\"async\" src=\"https:\/\/www.europesays.com\/pt\/wp-content\/uploads\/2025\/08\/1755869888_147_anunciar_diabo_336x280.gif\" loading=\"lazy\" width=\"336\" height=\"280\" class=\"widthConstrained\" style=\"background-color:#000000;display:block;\" alt=\"Anunciar bandas e shows de Rock e Heavy Metal\"\/><\/a>&#13;<\/p>\n<p>Um dos epis\u00f3dios mais marcantes aconteceu quando Ulrich chamou Cantrell para ir a Las Vegas em apenas duas horas. O guitarrista, no corre-corre para arrumar as malas, acabou levando sem perceber uma pistola semiautom\u00e1tica carregada dentro da bolsa. &#8220;Eu n\u00e3o usava aquela mala fazia uns seis meses. Passei no raio-x e o cara da seguran\u00e7a perguntou: \u2018O que \u00e9 isso aqui?\u2019 Eu pensei que fosse um r\u00e1dio ou CD player&#8230; at\u00e9 que ele puxou a arma. Quase morri de susto! Mas eu tinha porte, ent\u00e3o s\u00f3 tive que guardar num arm\u00e1rio. Por sorte o voo atrasou e consegui embarcar.&#8221;<\/p>\n<p>Ao chegar na cidade, os dois se entregaram ao clima da jogatina e da bebedeira. &#8220;Ficamos uns dois dias sem dormir, s\u00f3 jogando, bebendo e conversando&#8221;, lembrou Cantrell. O momento mais simb\u00f3lico da amizade veio no fim de uma dessas noites. &#8220;Est\u00e1vamos t\u00e3o b\u00eabados que cada um ficou com um daqueles cestos de lixo no colo para vomitar. Sentados no ch\u00e3o, de pernas cruzadas, contando nossas hist\u00f3rias de vida e vomitando ao mesmo tempo. Foi um grande momento de uni\u00e3o! (risos)&#8221;.<\/p>\n<p>CONTINUA DEPOIS DA PUBLICIDADE &#8211; CLI<\/p>\n<p>&#13;<br \/>\n&#13;<br \/>\n&#13;<br \/>\n&#13;<br \/>\n&#13;<br \/>\n&#13;<br \/>\n&#13;<br \/>\n&#13;<br \/>\n<a href=\"https:\/\/whiplash.net\/materias\/whiplash\/027002.html\" rel=\"nofollow noopener\" target=\"_blank\"><img decoding=\"async\" src=\"https:\/\/www.europesays.com\/pt\/wp-content\/uploads\/2025\/08\/1755869888_147_anunciar_diabo_336x280.gif\" loading=\"lazy\" width=\"336\" height=\"280\" class=\"widthConstrained\" style=\"background-color:#000000;display:block;\" alt=\"Anunciar bandas e shows de Rock e Heavy Metal\"\/><\/a>&#13;<\/p>\n","protected":false},"excerpt":{"rendered":"Em entrevista \u00e0 r\u00e1dio chilena Sonar 105.3, o baterista do Metallica, Lars Ulrich, foi colocado diante de uma&hellip;\n","protected":false},"author":2,"featured_media":44213,"comment_status":"","ping_status":"","sticky":false,"template":"","format":"standard","meta":{"footnotes":""},"categories":[141],"tags":[114,115,149,150,32,33],"class_list":{"0":"post-44212","1":"post","2":"type-post","3":"status-publish","4":"format-standard","5":"has-post-thumbnail","7":"category-musica","8":"tag-entertainment","9":"tag-entretenimento","10":"tag-music","11":"tag-musica","12":"tag-portugal","13":"tag-pt"},"share_on_mastodon":{"url":"","error":""},"_links":{"self":[{"href":"https:\/\/www.europesays.com\/pt\/wp-json\/wp\/v2\/posts\/44212","targetHints":{"allow":["GET"]}}],"collection":[{"href":"https:\/\/www.europesays.com\/pt\/wp-json\/wp\/v2\/posts"}],"about":[{"href":"https:\/\/www.europesays.com\/pt\/wp-json\/wp\/v2\/types\/post"}],"author":[{"embeddable":true,"href":"https:\/\/www.europesays.com\/pt\/wp-json\/wp\/v2\/users\/2"}],"replies":[{"embeddable":true,"href":"https:\/\/www.europesays.com\/pt\/wp-json\/wp\/v2\/comments?post=44212"}],"version-history":[{"count":0,"href":"https:\/\/www.europesays.com\/pt\/wp-json\/wp\/v2\/posts\/44212\/revisions"}],"wp:featuredmedia":[{"embeddable":true,"href":"https:\/\/www.europesays.com\/pt\/wp-json\/wp\/v2\/media\/44213"}],"wp:attachment":[{"href":"https:\/\/www.europesays.com\/pt\/wp-json\/wp\/v2\/media?parent=44212"}],"wp:term":[{"taxonomy":"category","embeddable":true,"href":"https:\/\/www.europesays.com\/pt\/wp-json\/wp\/v2\/categories?post=44212"},{"taxonomy":"post_tag","embeddable":true,"href":"https:\/\/www.europesays.com\/pt\/wp-json\/wp\/v2\/tags?post=44212"}],"curies":[{"name":"wp","href":"https:\/\/api.w.org\/{rel}","templated":true}]}}