{"id":442179,"date":"2026-07-06T22:19:13","date_gmt":"2026-07-06T22:19:13","guid":{"rendered":"https:\/\/www.europesays.com\/pt\/442179\/"},"modified":"2026-07-06T22:19:13","modified_gmt":"2026-07-06T22:19:13","slug":"luana-piovani-comemora-aposentadoria-de-neymar-amem","status":"publish","type":"post","link":"https:\/\/www.europesays.com\/pt\/442179\/","title":{"rendered":"Luana Piovani comemora &#8216;aposentadoria&#8217; de Neymar: &#8216;Am\u00e9m&#8217;"},"content":{"rendered":"<p><img decoding=\"async\" fetchpriority=\"high\" src=\"https:\/\/www.europesays.com\/pt\/wp-content\/uploads\/2026\/07\/3hlfyripwvxv6irku9lnsufdd.jpg\" width=\"906\" height=\"509\" alt=\"Luana Piovani ironiza \" aposentadoria=\"aposentadoria\" de=\"de\" neymar.=\"Neymar.\" title=\"Luana Piovani ironiza \"\/>Reprodu\u00e7\u00e3o\/Instagram<\/p>\n<p>Luana Piovani ironiza &#8220;aposentadoria&#8221; de Neymar.<\/p>\n<p><strong>Luana Piovani<\/strong>, de 49 anos, deu o que falar nas redes sociais ao celebrar a &#8220;aposentadoria&#8221; de <strong>Neymar Jr.,<\/strong> de 34 anos, ap\u00f3s a elimina\u00e7\u00e3o do <strong>Brasil<\/strong> na <strong>Copa do Mundo 2026.<\/strong><\/p>\n<p>Por meio de uma postagem publicada nos Stories do Instagram nesta segunda-feira (6), a atriz disparou: &#8220;Enfim, Neymar aposentado. Am\u00e9m&#8221;.\u00a0<\/p>\n<p>Al\u00e9m disso, <strong>Luana<\/strong> compartilhou diversos Stories detonando o atleta e a\u00a0 <a href=\"https:\/\/esporte.ig.com.br\/futebol\/2026-07-06\/analise-cinco-erros-tecnico-ancelotti-selecao-brasileira.html\" data-mce-href=\"https:\/\/esporte.ig.com.br\/futebol\/2026-07-06\/analise-cinco-erros-tecnico-ancelotti-selecao-brasileira.html\" data-mce- rel=\"nofollow noopener\" target=\"_blank\">Sele\u00e7\u00e3o Brasileira<\/a> pela partida contra o time da\u00a0 <a href=\"https:\/\/turismo.ig.com.br\/2026-07-02\/destino-noruega--conheca-5-passeios-para-viver-o-universo-viking.html\" data-mce-href=\"https:\/\/turismo.ig.com.br\/2026-07-02\/destino-noruega--conheca-5-passeios-para-viver-o-universo-viking.html\" data-mce- rel=\"nofollow noopener\" target=\"_blank\">Noruega.<\/a> Uma das postagens definia essa como &#8220;a gera\u00e7\u00e3o mais fracassada da hist\u00f3ria do pa\u00eds&#8221;.\u00a0<\/p>\n<p>Outra postagem compartilhada pela atriz dizia: &#8220;A derrota tem o lado bom: Enfim, a Sele\u00e7\u00e3o n\u00e3o \u00e9 mais ref\u00e9m do Neymarismo cultural. Acabou a era Neymar, gra\u00e7as a Deus. Com um gol de p\u00eanalti como pr\u00eamio de consola\u00e7\u00e3o de quem foi convocado apenas por &#8216;pre$$s\u00e3o&#8217; de patrocinadore$&#8221;.<\/p>\n<p><a href=\"https:\/\/gente.ig.com.br\/celebridades\/2026-06-19\/luana-piovani-admite-erro--eu-fui-racista-e-nao-sabia.html\" data-mce-href=\"https:\/\/gente.ig.com.br\/celebridades\/2026-06-19\/luana-piovani-admite-erro--eu-fui-racista-e-nao-sabia.html\" data-mce- rel=\"nofollow noopener\" target=\"_blank\">Luana <\/a>ainda aproveitou para voltar a alfinetar <strong>Neymar<\/strong> pela divulga\u00e7\u00e3o de casas de aposta. &#8220;N\u00e3o me comove o pranto de quem divulga Bets&#8221;, dizia uma das postagens que ela compartilhou. Nos Stories, a atriz tamb\u00e9m republicou uma postagem que fazia alus\u00e3o \u00e0s trai\u00e7\u00f5es do atleta \u00e0 esposa,\u00a0 <a href=\"https:\/\/gente.ig.com.br\/celebridades\/2026-06-11\/bruna-biancardi-aluga-mansao-de-r--30-milhoes-para-a-copa.html\" data-mce-href=\"https:\/\/gente.ig.com.br\/celebridades\/2026-06-11\/bruna-biancardi-aluga-mansao-de-r--30-milhoes-para-a-copa.html\" data-mce- rel=\"nofollow noopener\" target=\"_blank\">Bruna Biancardi.<\/a>&#8220;O Neymar n\u00e3o merece? Quem n\u00e3o merece sou eu que vou acordar cedo amanh\u00e3. Esse da\u00ed vai para os Stories divulgar tigrinho e trair a esposa com a vig\u00e9sima amante enquanto choraminga sobre ser um coitado. Ele \u00e9 a personifica\u00e7\u00e3o de tudo de errado com a Sele\u00e7\u00e3o masculina. Um mimado de merd*&#8221;.<\/p>\n<p>A <strong>Sele\u00e7\u00e3o Brasileira<\/strong> se despediu da\u00a0 <a href=\"https:\/\/ultimosegundo.ig.com.br\/agencias\/dw\/2026-07-06\/intervencao-de-trump-na-copa-expoe-lacos-politicos-da-fifa.html\" data-mce-href=\"https:\/\/ultimosegundo.ig.com.br\/agencias\/dw\/2026-07-06\/intervencao-de-trump-na-copa-expoe-lacos-politicos-da-fifa.html\" data-mce- rel=\"nofollow noopener\" target=\"_blank\">Copa do Mundo 2026<\/a> nas oitavas de final, neste domingo (5), ap\u00f3s a derrota por 2 a 1 para a Noruega, no <strong>Metlife Stadium<\/strong>, em <strong>Nova Jersey.<\/strong><\/p>\n<p>Neymar vai se aposentar?<\/p>\n<p>Ap\u00f3s a elimina\u00e7\u00e3o do <strong>Brasil<\/strong> da <strong>Copa do Mundo 2026<\/strong>, <a data-mce-href=\"https:\/\/esporte.ig.com.br\/2026-07-05\/neymar-indica-adeus-selecao-apos-queda-noruega-copa.html\" href=\"https:\/\/esporte.ig.com.br\/2026-07-05\/neymar-indica-adeus-selecao-apos-queda-noruega-copa.html\" rel=\"nofollow noopener\" target=\"_blank\">boatos sobre uma poss\u00edvel aposentadoria de <strong>Neymar Jr.<\/strong> <\/a>passaram a dominar a internet. Apesar disso, o atleta n\u00e3o confirmou oficialmente se esse foi, de fato, o seu \u00faltimo <strong>Mundial.<\/strong><\/p>\n<p class=\"\">Um coment\u00e1rio deixado por ele em uma publica\u00e7\u00e3o feita pela <strong>Fifa<\/strong> em junho deste ano, ajudou a dar for\u00e7a aos boatos sobre esta ter sido sua \u00faltima <strong>Copa:<\/strong>&#8220;The Last Dance\u201d(&#8220;A \u00daltima Dan\u00e7a\u201d, em tradu\u00e7\u00e3o livre). O coment\u00e1rio foi interpretado por internautas como uma despedida do torneio.<\/p>\n<p>No in\u00edcio de 2026, <strong>Neymar<\/strong> tamb\u00e9m afirmou que poderia fazer sua \u00faltima temporada neste ano, at\u00e9 o final do v\u00ednculo com o <a href=\"https:\/\/campodelas.ig.com.br\/2026\/times\/santos\/santos-espanta-crise-e-volta-a-vencer-no-brasileirao-feminino\/\" data-mce-href=\"https:\/\/campodelas.ig.com.br\/2026\/times\/santos\/santos-espanta-crise-e-volta-a-vencer-no-brasileirao-feminino\/\" data-mce- rel=\"nofollow noopener\" target=\"_blank\">Santos<\/a>, que se encerra em dezembro. Atualmente <strong>Neymar<\/strong> enfrenta um processo de recupera\u00e7\u00e3o de uma les\u00e3o grau 2 na panturrilha direita, que o manteve fora de tr\u00eas jogos da <strong>Copa do Mundo 2026.<\/strong><\/p>\n","protected":false},"excerpt":{"rendered":"Reprodu\u00e7\u00e3o\/Instagram Luana Piovani ironiza &#8220;aposentadoria&#8221; de Neymar. Luana Piovani, de 49 anos, deu o que falar nas redes&hellip;\n","protected":false},"author":2,"featured_media":442180,"comment_status":"","ping_status":"","sticky":false,"template":"","format":"standard","meta":{"footnotes":"","_share_on_mastodon":"0"},"categories":[145],"tags":[726,211,210,17809,114,115,980,4585,1996,71141,71140,965,32,33,576],"class_list":["post-442179","post","type-post","status-publish","format-standard","has-post-thumbnail","category-celebridades","tag-brasil","tag-celebridades","tag-celebrities","tag-copa-do-mundo","tag-entertainment","tag-entretenimento","tag-famosos","tag-luana-piovani","tag-neymar","tag-neymar-aposentadoria","tag-neymar-vai-se-aposentar","tag-noruega","tag-portugal","tag-pt","tag-treta"],"share_on_mastodon":{"url":"https:\/\/pubeurope.com\/@pt\/116875360433108093","error":""},"_links":{"self":[{"href":"https:\/\/www.europesays.com\/pt\/wp-json\/wp\/v2\/posts\/442179","targetHints":{"allow":["GET"]}}],"collection":[{"href":"https:\/\/www.europesays.com\/pt\/wp-json\/wp\/v2\/posts"}],"about":[{"href":"https:\/\/www.europesays.com\/pt\/wp-json\/wp\/v2\/types\/post"}],"author":[{"embeddable":true,"href":"https:\/\/www.europesays.com\/pt\/wp-json\/wp\/v2\/users\/2"}],"replies":[{"embeddable":true,"href":"https:\/\/www.europesays.com\/pt\/wp-json\/wp\/v2\/comments?post=442179"}],"version-history":[{"count":0,"href":"https:\/\/www.europesays.com\/pt\/wp-json\/wp\/v2\/posts\/442179\/revisions"}],"wp:featuredmedia":[{"embeddable":true,"href":"https:\/\/www.europesays.com\/pt\/wp-json\/wp\/v2\/media\/442180"}],"wp:attachment":[{"href":"https:\/\/www.europesays.com\/pt\/wp-json\/wp\/v2\/media?parent=442179"}],"wp:term":[{"taxonomy":"category","embeddable":true,"href":"https:\/\/www.europesays.com\/pt\/wp-json\/wp\/v2\/categories?post=442179"},{"taxonomy":"post_tag","embeddable":true,"href":"https:\/\/www.europesays.com\/pt\/wp-json\/wp\/v2\/tags?post=442179"}],"curies":[{"name":"wp","href":"https:\/\/api.w.org\/{rel}","templated":true}]}}