{"id":442234,"date":"2026-07-06T23:33:14","date_gmt":"2026-07-06T23:33:14","guid":{"rendered":"https:\/\/www.europesays.com\/pt\/442234\/"},"modified":"2026-07-06T23:33:14","modified_gmt":"2026-07-06T23:33:14","slug":"ousadia-beleza-e-tradicao-estrelas-nacionais-brilham-nos-emmys-internacionais-no-palacio-de-queluz-festas","status":"publish","type":"post","link":"https:\/\/www.europesays.com\/pt\/442234\/","title":{"rendered":"Ousadia, beleza e tradi\u00e7\u00e3o&#8230; estrelas nacionais brilham nos Emmys Internacionais no Pal\u00e1cio de Queluz &#8211; Festas"},"content":{"rendered":"<p class=\"\">&#13;<br \/>\n        <b>Ousadia, beleza e tradi\u00e7\u00e3o. Foram estes os tr\u00eas ingredientes que ditaram o tom da passadeira vermelha da semifinal dos International Emmy Awards<\/b>, que transformou o Pal\u00e1cio de Queluz no epicentro do glamour nacional.&#13;\n    <\/p>\n<p class=\"\">&#13;<br \/>\n        As hostilidades abriram pouco depois das 19 horas com a sempre elegante Carolina Patroc\u00ednio, que inaugurou o desfile de estrelas. Seguiu-se uma verdadeira constela\u00e7\u00e3o de atores, apresentadores e figuras da nossa cultura. Contudo, a noite ficou tamb\u00e9m marcada por aus\u00eancias de peso que n\u00e3o passaram despercebidas: Cristina Ferreira, Alexandra Lencastre, Diana Chaves, Jo\u00e3o Bai\u00e3o e Fernanda Serrano foram algumas das grandes estrelas que falharam o evento.&#13;\n    <\/p>\n<p class=\"\">&#13;<br \/>\n        <b>Reencontros de cortesia e casais a evitarem-se<\/b>&#13;\n    <\/p>\n<p class=\"\">&#13;<br \/>\n        Como qualquer grande festa do jet set, o conv\u00edvio serviu de palco para muitos reencontros \u2013 uns mais f\u00e1ceis do que outros. Na categoria dos ex-casais, <b>a tens\u00e3o fez-se notar com Carolina Loureiro e Bernardo Cascais, que fizeram os poss\u00edveis (e os imposs\u00edveis) para se evitarem<\/b> ao longo da noite.&#13;\n    <\/p>\n<p class=\"\">&#13;<br \/>\n        Num registo completamente oposto, <b>Cl\u00e1udia Vieira e Pedro Teixeira deram uma verdadeira li\u00e7\u00e3o de maturidade<\/b>. O ex-casal fez quest\u00e3o de se cruzar e esteve \u00e0 conversa, muito c\u00famplice e divertido, provando que as zangas do passado ficaram l\u00e1 atr\u00e1s e que a prioridade \u00e9 a felicidade do presente.&#13;\n    <\/p>\n<p class=\"\">&#13;<br \/>\n        \u00a0<b>O atraso do &#8220;casalinho&#8221; da noite<\/b>&#13;\n    <\/p>\n<p class=\"\">&#13;<br \/>\n        <b>Os \u00faltimos a pisar a passadeira vermelha foram Sofia Ribeiro e Jo\u00e3o Jesus<\/b>. J\u00e1 passava das 21h30, e com o jantar oficial a decorrer no interior do pal\u00e1cio, quando o apaixonado casal surgiu sorridente diante dos fot\u00f3grafos. <b>&#8220;Estava a gravar&#8221;, justificou prontamente a atriz, desculpando o atraso<\/b>. O casal posou para as objetivas antes de se juntar \u00e0 nata do entretenimento nacional, que celebrou a fic\u00e7\u00e3o portuguesa pela noite dentro.&#13;\n    <\/p>\n<p>        &#13;<br \/>\n            Saber mais sobre&#13;<br \/>\n            &#13;<br \/>\n            &#13;<\/p>\n<p>    &#13;<br \/>\n        &#13;<br \/>\n        &#13;<br \/>\n&#13;<\/p>\n","protected":false},"excerpt":{"rendered":"&#13; Ousadia, beleza e tradi\u00e7\u00e3o. Foram estes os tr\u00eas ingredientes que ditaram o tom da passadeira vermelha da&hellip;\n","protected":false},"author":2,"featured_media":442235,"comment_status":"","ping_status":"","sticky":false,"template":"","format":"standard","meta":{"footnotes":"","_share_on_mastodon":"0"},"categories":[145],"tags":[813,7298,211,210,166,114,115,1408,7493,13987,721,59968,14758,159,32,33],"class_list":["post-442234","post","type-post","status-publish","format-standard","has-post-thumbnail","category-celebridades","tag-atriz","tag-atrizes","tag-celebridades","tag-celebrities","tag-cristina-ferreira","tag-entertainment","tag-entretenimento","tag-fernanda-serrano","tag-international","tag-joao-baiao","tag-joao-jesus","tag-passadeira-ver","tag-passadeira-vermelha","tag-pedro-teixeira","tag-portugal","tag-pt"],"share_on_mastodon":{"url":"https:\/\/pubeurope.com\/@pt\/116875651164404579","error":""},"_links":{"self":[{"href":"https:\/\/www.europesays.com\/pt\/wp-json\/wp\/v2\/posts\/442234","targetHints":{"allow":["GET"]}}],"collection":[{"href":"https:\/\/www.europesays.com\/pt\/wp-json\/wp\/v2\/posts"}],"about":[{"href":"https:\/\/www.europesays.com\/pt\/wp-json\/wp\/v2\/types\/post"}],"author":[{"embeddable":true,"href":"https:\/\/www.europesays.com\/pt\/wp-json\/wp\/v2\/users\/2"}],"replies":[{"embeddable":true,"href":"https:\/\/www.europesays.com\/pt\/wp-json\/wp\/v2\/comments?post=442234"}],"version-history":[{"count":0,"href":"https:\/\/www.europesays.com\/pt\/wp-json\/wp\/v2\/posts\/442234\/revisions"}],"wp:featuredmedia":[{"embeddable":true,"href":"https:\/\/www.europesays.com\/pt\/wp-json\/wp\/v2\/media\/442235"}],"wp:attachment":[{"href":"https:\/\/www.europesays.com\/pt\/wp-json\/wp\/v2\/media?parent=442234"}],"wp:term":[{"taxonomy":"category","embeddable":true,"href":"https:\/\/www.europesays.com\/pt\/wp-json\/wp\/v2\/categories?post=442234"},{"taxonomy":"post_tag","embeddable":true,"href":"https:\/\/www.europesays.com\/pt\/wp-json\/wp\/v2\/tags?post=442234"}],"curies":[{"name":"wp","href":"https:\/\/api.w.org\/{rel}","templated":true}]}}