{"id":44224,"date":"2025-08-25T13:02:18","date_gmt":"2025-08-25T13:02:18","guid":{"rendered":"https:\/\/www.europesays.com\/pt\/44224\/"},"modified":"2025-08-25T13:02:18","modified_gmt":"2025-08-25T13:02:18","slug":"fome-um-crime-de-guerra-pelo-qual-nunca-ninguem-foi-julgado-porque","status":"publish","type":"post","link":"https:\/\/www.europesays.com\/pt\/44224\/","title":{"rendered":"Fome, um crime de guerra pelo qual nunca ningu\u00e9m foi julgado. Porqu\u00ea?"},"content":{"rendered":"<p class=\"wp-caption-text top\">Abir Sultan \/ EPA<\/p>\n<p><img decoding=\"async\" loading=\"lazy\" class=\"wp-image-505701 size-kopa-image-size-3\" src=\"https:\/\/www.europesays.com\/pt\/wp-content\/uploads\/2025\/08\/fb7519110e7fbe37169dc60df1eede3b-783x450.jpg\" alt=\"\" width=\"700\" height=\"402\"  \/><\/p>\n<p class=\"wp-caption-text bot\">Benjamin Netanyahu, primeiro-ministro de Israel<\/p>\n<p><strong>Fome intencional tem sido cada vez mais usada como arma \u2014 e n\u00e3o, <\/strong><strong>n\u00e3o \u00e9 parte inevit\u00e1vel da guerra <\/strong><strong>\u2014 mas nunca houve condena\u00e7\u00e3o em tribunais internacionais por este tipo de crime.<\/strong><\/p>\n<p>Os apelos para julgar a fome como crime de guerra em v\u00e1rios dos atuais conflitos est\u00e3o a tornar-se mais frequentes e a ganhar for\u00e7a. \u201cA fome \u00e9 uma arma que est\u00e1 a ser usada em todo o mundo neste momento. Mas isso tem de acabar, vai contra o direito internacional\u201d, disse Shayna Lewis, conselheira s\u00e9nior para o Sud\u00e3o do grupo norte-americano Prevention and Elimination of Mass Atrocities (Paema).<\/p>\n<p>Lewis referia-se \u00e0 situa\u00e7\u00e3o na cidade sudanesa de El Fasher, com 30 mil habitantes, que est\u00e1 sitiada h\u00e1 um ano, circunst\u00e2ncia que gerou escassez de comida.<\/p>\n<p>\u201c\u00c9 um crime internacional e precisa de ser julgado como tal\u201d, sublinhou.<\/p>\n<p>Organiza\u00e7\u00f5es de direitos humanos, como a Amnistia Internacional e a Human Rights Watch (HRW), t\u00eam feito constantemente coment\u00e1rios semelhantes sobre o bloqueio israelita \u00e0 entrada de ajuda e alimentos na Faixa de Gaza.<\/p>\n<p>\u201cIsrael est\u00e1 a matar Gaza \u00e0 fome. \u00c9 genoc\u00eddio. \u00c9 crime contra a humanidade. \u00c9 um crime de guerra\u201d, disse ainda na semana passada Michael Fakhri, relator especial das Na\u00e7\u00f5es Unidas para o direito \u00e0 alimenta\u00e7\u00e3o, ao jornal brit\u00e2nico The Guardian.<\/p>\n<p>Esta sexta-feira, um grupo independente de seguran\u00e7a alimentar apoiado pela ONU <a href=\"https:\/\/zap.aeiou.pt\/governo-israel-ameaca-destruir-gaza-fome-696114\" data-wpel-link=\"internal\" rel=\"nofollow noopener\" target=\"_blank\">confirmou oficialmente<\/a>, pela primeira vez, que est\u00e1 a ocorrer uma situa\u00e7\u00e3o de fome severa na Faixa de Gaza.<\/p>\n<p>\u201cAp\u00f3s 22 meses de conflito incessante, mais de meio milh\u00e3o de pessoas na Faixa de Gaza enfrentam condi\u00e7\u00f5es catastr\u00f3ficas caracterizadas por fome, mis\u00e9ria e morte\u201d, afirmou o grupo.<\/p>\n<p>A fome em Gaza foi declarada com base na avalia\u00e7\u00e3o de provas recolhidas e analisadas pelo mais conceituado sistema internacional independente de seguran\u00e7a alimentar, apoiado pelas Na\u00e7\u00f5es Unidas e conhecido como Integrated Food Security Phase Classification (IPC \u2013 Classifica\u00e7\u00e3o Integrada da Seguran\u00e7a Alimentar).<\/p>\n<p>A classifica\u00e7\u00e3o \u00e9 composta por cinco fases, sendo a<strong> fase 5<\/strong> a que revela uma situa\u00e7\u00e3o de fome severa e na qual se encontra o norte de Gaza, onde mais de meio milh\u00e3o de pessoas \u201cenfrentam condi\u00e7\u00f5es catastr\u00f3ficas caracterizadas por fome, mis\u00e9ria e morte\u201d.<\/p>\n<p>Simultaneamente, outras<strong> 1,1 milh\u00f5es de pessoas<\/strong> (54% de toda a popula\u00e7\u00e3o) encontram-se na f<strong>ase 4<\/strong>, que indica uma emerg\u00eancia alimentar.<\/p>\n<p>Fome como arma de guerra, crime nunca julgado<\/p>\n<p>De acordo com especialistas, os crescentes apelos para julgar a fome de civis como crime de guerra resultam do aumento da fome provocada por conflitos. Durante a primeira d\u00e9cada deste s\u00e9culo houve poucas situa\u00e7\u00f5es desse g\u00e9nero, segundo um relat\u00f3rio da World Peace Foundation (WPF), mas isso mudou recentemente.<\/p>\n<p>\u201cEste \u00e9 um<strong> fen\u00f3meno antigo<\/strong>, usado h\u00e1 s\u00e9culos em conflitos\u201d, afirma Rebecca Bakos Blumenthal, consultora jur\u00eddica do projecto Accountability for Starvation da funda\u00e7\u00e3o jur\u00eddica neerlandesa Global Rights Compliance (GRC). Segundo a especialista, esta <strong>t\u00e1tica ressurgiu depois de 2015<\/strong>.<\/p>\n<p>Na \u00faltima d\u00e9cada, a fome foi registada em conflitos na Nig\u00e9ria, Som\u00e1lia, Sud\u00e3o do Sul, Sud\u00e3o, S\u00edria e I\u00e9men. Especialistas em seguran\u00e7a alimentar avaliam que os <a href=\"https:\/\/zap.aeiou.pt\/russia-suspende-acordo-de-exportacao-de-cereais-e-volta-a-ameacar-a-alimentacao-mundial-547052\" data-wpel-link=\"internal\" rel=\"nofollow noopener\" target=\"_blank\">ataques russos \u00e0 agricultura<\/a> ucraniana tamb\u00e9m podem ser vistos como tentativas criminosas de transformar os alimentos em armas. Argumentam ainda que houve um aumento deste tipo de crime de guerra.<\/p>\n<p>\u201cMesmo com a melhoria da seguran\u00e7a alimentar global, os incidentes de fome est\u00e3o a aumentar\u201d, salienta Alex de Waal, professor na Universidade Tufts, nos EUA, e diretor de investiga\u00e7\u00e3o sobre fome em massa na WPF. \u201cIsto mostra que a seguran\u00e7a alimentar global \u00e9 mais vol\u00e1til e desigual. \u00c9 consistente com o uso da fome como arma\u201d.<\/p>\n<p>A reten\u00e7\u00e3o deliberada de comida e bens essenciais \u00e0 sobreviv\u00eancia de civis \u00e9 considerada crime de guerra por muitos pa\u00edses e tamb\u00e9m em v\u00e1rias disposi\u00e7\u00f5es do direito internacional, como a Conven\u00e7\u00e3o de Genebra, que estabeleceu normas para o direito humanit\u00e1rio internacional, e o Estatuto de Roma, aplicado pelo Tribunal Penal Internacional (TPI).<\/p>\n<p>Apesar desta classifica\u00e7\u00e3o, <strong>at\u00e9 hoje, ningu\u00e9m que tenha usado esta t\u00e1tica num conflito foi levado a julgamento<\/strong>. O crime de guerra de fome nunca foi julgado de forma isolada num tribunal internacional, apenas como parte da acusa\u00e7\u00e3o em cerca de 20 outros casos de crimes de guerra.<\/p>\n<p>O facto de civis passarem fome num conflito n\u00e3o significa automaticamente que foi cometido um crime. \u201c<strong>Uma das quest\u00f5es jur\u00eddicas \u00e9 a inten\u00e7\u00e3o. O crime de guerra de fome exige que o perpetrador atue com essa inten\u00e7\u00e3o<\/strong>\u201c, explica de Waal.<\/p>\n<p>A fome ocorre a longo prazo, acrescenta de Waal, e alguns juristas argumentam que <strong>\u00e9 necess\u00e1rio provar que o perpetrador teve desde o in\u00edcio, por exemplo, de um bloqueio ou cerco, a inten\u00e7\u00e3o de matar de fome civis<\/strong>. A maioria dos especialistas, contudo, defende a ideia de \u201cinten\u00e7\u00e3o indireta\u201d. Ou seja, \u00e9 evidente que essa situa\u00e7\u00e3o ocorrer\u00e1 \u201cno curso normal dos acontecimentos\u201d, e o agressor sabe disso, tendo oportunidade de evitar que os civis passem fome, mas n\u00e3o o fez.<\/p>\n<p>Outro problema nos casos que envolvem fome \u00e9 a falta de precedentes, al\u00e9m da defini\u00e7\u00e3o de quais tribunais nacionais e internacionais teriam jurisdi\u00e7\u00e3o sobre os supostos crimes de guerra.<\/p>\n<p>\u201cO que falta? Vontade pol\u00edtica\u201d<\/p>\n<p>At\u00e9 h\u00e1 alguns anos, a fome era vista como uma quest\u00e3o de desenvolvimento ou humanit\u00e1ria, diz Blumenthal, da GRC. Mas agora est\u00e1 a ser dada mais aten\u00e7\u00e3o aos aspetos criminais.<\/p>\n<p>\u201cTrabalho nesta quest\u00e3o h\u00e1 alguns anos e estas coisas avan\u00e7am lentamente\u201d, conta Blumenthal, que se dedica ao tema desde 2020. \u201cAcredito, no entanto, que a situa\u00e7\u00e3o est\u00e1 a mudar e que algumas medidas relevantes foram tomadas nos \u00faltimos dez anos\u201d.<\/p>\n<p>Em 2018, o Conselho de Seguran\u00e7a da ONU aprovou uma resolu\u00e7\u00e3o que condenou o uso da fome de civis como m\u00e9todo de guerra. Em 2019, foram feitas altera\u00e7\u00f5es ao Estatuto de Roma, tornando a fome um crime de guerra tamb\u00e9m em conflitos armados locais, e n\u00e3o apenas internacionais. Houve inqu\u00e9ritos da ONU sobre conflitos no Sud\u00e3o do Sul e na regi\u00e3o de Tigray, na Eti\u00f3pia, focando especificamente a quest\u00e3o da fome como crime de guerra, acrescenta Blumenthal.<\/p>\n<p>\u201cEstamos a ver mais organiza\u00e7\u00f5es internacionais e locais, juntamente com mecanismos de responsabiliza\u00e7\u00e3o, a denunciar isto e certos exemplos marcantes, como no caso de Gaza, ampliaram a consciencializa\u00e7\u00e3o sobre este crime\u201d, salienta a especialista.<\/p>\n<p>Blumenthal destaca que os<a href=\"https:\/\/zap.aeiou.pt\/ponto-de-viragem-tpi-emite-mandato-de-captura-contra-netanyahu-e-lider-do-hamas-642294\" data-wpel-link=\"internal\" rel=\"nofollow noopener\" target=\"_blank\"> mandados de captura<\/a> emitidos pelo TPI contra o primeiro-ministro <strong>Benjamin Netanyahu<\/strong> e o ex-ministro israelita da Defesa Yoav Gallant, em novembro de 2024, s\u00e3o um \u201cmarco hist\u00f3rico\u201d por mencionarem especificamente a fome como crime de guerra. Foi a primeira vez que mandados destacaram a fome como crime isolado. Acrescenta ainda que o tribunal tem aberta uma investiga\u00e7\u00e3o sobre o Sud\u00e3o.<\/p>\n<p>\u201cA quest\u00e3o, sem d\u00favida, ganhou aten\u00e7\u00e3o nos \u00faltimos dez anos. Todas as estruturas legais est\u00e3o em vigor. O que falta \u00e9 vontade pol\u00edtica para agir\u201d, avalia de Waal.<\/p>\n<p>Fome n\u00e3o \u00e9 parte inevit\u00e1vel da guerra<\/p>\n<p>De Waal sublinha que ainda h\u00e1 desafios jurisdicionais, mas mostra-se confiante de que em muitos casos \u00e9 poss\u00edvel haver condena\u00e7\u00f5es. <strong>\u201cBasta levar o acusado a tribunal\u201d.<\/strong><\/p>\n<p>Blumenthal concorda. \u201cH\u00e1 equ\u00edvocos sobre isto e muitos pensam que a fome \u00e9 uma parte inevit\u00e1vel da guerra. Mas, durante as nossas investiga\u00e7\u00f5es aprofundadas, \u00e9 surpreendente a rapidez com que se torna claro que, na verdade, esses padr\u00f5es s\u00e3o muito acentuados e em muitas situa\u00e7\u00f5es \u00e9 poss\u00edvel discernir uma estrat\u00e9gia deliberada\u201d.<\/p>\n<p>Com cautela, Blumenthal mostra-se optimista de que aqueles que usaram a fome de civis deliberadamente como arma de guerra enfrentar\u00e3o em breve a justi\u00e7a. \u201cEssa \u00e9 certamente a esperan\u00e7a. \u00c9 para isso que estamos a trabalhar\u201d.<\/p>\n<p>    <a href=\"https:\/\/zap.aeiou.pt\/subscrever-newsletter\" data-wpel-link=\"internal\" rel=\"nofollow noopener\" target=\"_blank\">&#13;<br \/>\n        <img loading=\"lazy\" decoding=\"async\" class=\"aligncenter size-full wp-image-575475\" src=\"https:\/\/www.europesays.com\/pt\/wp-content\/uploads\/2025\/08\/1755434168_358_2d51fe4a0ba54894421ead1809309ed9-1-450x140.jpg\" alt=\"Subscreva a Newsletter ZAP\" width=\"450\" height=\"140\"\/>&#13;<br \/>\n    <\/a><\/p>\n<p>                <a href=\"https:\/\/whatsapp.com\/channel\/0029VaIC4EE2f3EJZPPSbR34\" data-wpel-link=\"external\" target=\"_blank\" rel=\"nofollow external noopener noreferrer\" class=\"ext-link\">&#13;<br \/>\n                    <img loading=\"lazy\" decoding=\"async\" class=\"aligncenter size-full wp-image-575475\" src=\"https:\/\/www.europesays.com\/pt\/wp-content\/uploads\/2025\/08\/1755434169_968_c68c559d956d4ca20f435ed74a6e71e6.png\" alt=\"Siga-nos no WhatsApp\" width=\"175\" height=\"64\"\/>&#13;<br \/>\n                <\/a><\/p>\n<p>                <a href=\"https:\/\/news.google.com\/publications\/CAAiEHRwZondIV71PDjWNoqMduEqFAgKIhB0cGaJ3SFe9Tw41jaKjHbh?hl=en-US&amp;gl=US&amp;ceid=US%3Aen\" data-wpel-link=\"external\" target=\"_blank\" rel=\"nofollow external noopener noreferrer\" class=\"ext-link\">&#13;<br \/>\n                    <img loading=\"lazy\" decoding=\"async\" class=\"aligncenter size-full wp-image-575475\" src=\"https:\/\/www.europesays.com\/pt\/wp-content\/uploads\/2025\/08\/1755434170_730_5123dd8b087b644fdb8f8603acd1bad4.png\" alt=\"Siga-nos no Google News\" width=\"176\" height=\"64\"\/>&#13;<br \/>\n                <\/a><\/p>\n","protected":false},"excerpt":{"rendered":"Abir Sultan \/ EPA Benjamin Netanyahu, primeiro-ministro de Israel Fome intencional tem sido cada vez mais usada como&hellip;\n","protected":false},"author":2,"featured_media":44225,"comment_status":"","ping_status":"","sticky":false,"template":"","format":"standard","meta":{"footnotes":"","_share_on_mastodon":"0"},"categories":[50],"tags":[10934,27,28,604,3026,15,16,913,3388,830,13488,14,259,603,25,26,21,22,62,12,13,19,20,910,431,23,24,9497,7290,17,18,29,30,31,63,64,65],"class_list":["post-44224","post","type-post","status-publish","format-standard","has-post-thumbnail","category-mundo","tag-amnistia-internacional","tag-breaking-news","tag-breakingnews","tag-crime","tag-direitos-humanos","tag-featured-news","tag-featurednews","tag-fome","tag-genocidio","tag-guerra","tag-guerra-em-israel","tag-headlines","tag-israel","tag-justica","tag-latest-news","tag-latestnews","tag-main-news","tag-mainnews","tag-mundo","tag-news","tag-noticias","tag-noticias-principais","tag-noticiasprincipais","tag-onu","tag-palestina","tag-principais-noticias","tag-principaisnoticias","tag-seguranca-alimentar","tag-sudao","tag-top-stories","tag-topstories","tag-ultimas","tag-ultimas-noticias","tag-ultimasnoticias","tag-world","tag-world-news","tag-worldnews"],"share_on_mastodon":{"url":"","error":""},"_links":{"self":[{"href":"https:\/\/www.europesays.com\/pt\/wp-json\/wp\/v2\/posts\/44224","targetHints":{"allow":["GET"]}}],"collection":[{"href":"https:\/\/www.europesays.com\/pt\/wp-json\/wp\/v2\/posts"}],"about":[{"href":"https:\/\/www.europesays.com\/pt\/wp-json\/wp\/v2\/types\/post"}],"author":[{"embeddable":true,"href":"https:\/\/www.europesays.com\/pt\/wp-json\/wp\/v2\/users\/2"}],"replies":[{"embeddable":true,"href":"https:\/\/www.europesays.com\/pt\/wp-json\/wp\/v2\/comments?post=44224"}],"version-history":[{"count":0,"href":"https:\/\/www.europesays.com\/pt\/wp-json\/wp\/v2\/posts\/44224\/revisions"}],"wp:featuredmedia":[{"embeddable":true,"href":"https:\/\/www.europesays.com\/pt\/wp-json\/wp\/v2\/media\/44225"}],"wp:attachment":[{"href":"https:\/\/www.europesays.com\/pt\/wp-json\/wp\/v2\/media?parent=44224"}],"wp:term":[{"taxonomy":"category","embeddable":true,"href":"https:\/\/www.europesays.com\/pt\/wp-json\/wp\/v2\/categories?post=44224"},{"taxonomy":"post_tag","embeddable":true,"href":"https:\/\/www.europesays.com\/pt\/wp-json\/wp\/v2\/tags?post=44224"}],"curies":[{"name":"wp","href":"https:\/\/api.w.org\/{rel}","templated":true}]}}