{"id":442351,"date":"2026-07-07T02:18:25","date_gmt":"2026-07-07T02:18:25","guid":{"rendered":"https:\/\/www.europesays.com\/pt\/442351\/"},"modified":"2026-07-07T02:18:25","modified_gmt":"2026-07-07T02:18:25","slug":"sara-jesus-acaba-com-duvidas-e-conta-toda-a-verdade-sobre-relacao-com-afonso-leitao","status":"publish","type":"post","link":"https:\/\/www.europesays.com\/pt\/442351\/","title":{"rendered":"Sara Jesus acaba com d\u00favidas&#8230; e conta toda a verdade sobre rela\u00e7\u00e3o com Afonso Leit\u00e3o!"},"content":{"rendered":"<p>Sara Jesus e Afonso Leit\u00e3o cruzaram-se em &#8220;<a target=\"_blank\" rel=\"noopener noreferrer nofollow\" href=\"https:\/\/tvi.iol.pt\/secretstory\/\">Secret Story<\/a> &#8211; Desafio Final&#8221;, mas foi fora do reality show da <a target=\"_blank\" rel=\"noopener noreferrer nofollow\" href=\"https:\/\/tvi.iol.pt\/\">TVI<\/a> que os ex-concorrentes viram nascer rumores de um poss\u00edvel romance entre ambos.<\/p>\n<p>Neste domingo, dia 5, a jovem promoveu uma sess\u00e3o de perguntas e respostas com os seguidores do Instagram, tendo uma das quest\u00f5es tocado neste ponto: &#8220;Tem alguma verdade o que dizem as revistas entre ti e o Afonso?&#8221;<\/p>\n<p>&#8220;Juro que \u00e9 t\u00e3o, t\u00e3o, t\u00e3o chato ter de estar sempre a lidar com esta pergunta. Eu vou responder, porque sei que, querendo ou n\u00e3o, por todas as fofocas que t\u00eam sa\u00eddo, por todos os bururus que andam por a\u00ed, claro que voc\u00eas t\u00eam curiosidade. E, obviamente, n\u00e3o tenho problema algum em vir aqui esclarecer&#8221;, come\u00e7ou por dizer <a target=\"_blank\" rel=\"noopener noreferrer nofollow\" href=\"https:\/\/selfie.iol.pt\/famosos\/casa-dos-segredos\/joao-ricardo-apaixonado-por-sara-jesus-esta-e-a-resposta\/20260629\/6a425ec3d34e28842c85b4a7\">Sara Jesus<\/a>, revelando a verdade: &#8220;Eu e o Afonso j\u00e1 t\u00ednhamos uma boa liga\u00e7\u00e3o na casa e essa liga\u00e7\u00e3o mant\u00e9m-se c\u00e1 fora. \u00c9 s\u00f3 isto, gente.&#8221;<\/p>\n<p>&#8220;Voc\u00eas sabem como o Afonso \u00e9. O Afonso \u00e9 maluquinho da cabe\u00e7a e ainda se p\u00f5e a fazer piadas e a brincar com a situa\u00e7\u00e3o. Porque, realmente, \u00e9 para brincar. \u00c9 que n\u00e3o existe mesmo nada, a n\u00e3o ser uma boa liga\u00e7\u00e3o de amizade. \u00c9 somente isso&#8221;, insistiu a antiga moradora da casa mais vigiada do Pa\u00eds.<\/p>\n<p>Sara Jesus fez ainda outra confid\u00eancia: &#8220;A qualquer lado que v\u00e1, tirando outras 1500 perguntas que fazem, h\u00e1 uma que est\u00e1 l\u00e1 sempre: &#8216;Ent\u00e3o e tu e o Afonso?&#8217;. N\u00e3o h\u00e1 nada, gente. N\u00e3o h\u00e1 nada! Eu n\u00e3o tenho qualquer tipo de interesse no Afonso, a n\u00e3o ser a boa liga\u00e7\u00e3o que temos, que \u00e9 a constru\u00e7\u00e3o de uma amizade. S\u00f3 isto.&#8221;<\/p>\n<p>Veja, agora, o v\u00eddeo feito por Sara Jesus sobre a rela\u00e7\u00e3o com <a target=\"_blank\" rel=\"noopener noreferrer nofollow\" href=\"https:\/\/selfie.iol.pt\/famosos\/casa-dos-segredos\/afonso-leitao-faz-partilha-inusitada-sobre-sara-jesus-vou-dizer-que-estamos-muito-apaixonados\/20260703\/6a4788afd34e28842c85e399\">Afonso Leit\u00e3o<\/a>.<\/p>\n","protected":false},"excerpt":{"rendered":"Sara Jesus e Afonso Leit\u00e3o cruzaram-se em &#8220;Secret Story &#8211; Desafio Final&#8221;, mas foi fora do reality show&hellip;\n","protected":false},"author":2,"featured_media":442352,"comment_status":"","ping_status":"","sticky":false,"template":"","format":"standard","meta":{"footnotes":"","_share_on_mastodon":"0"},"categories":[142],"tags":[2031,2632,15384,15383,114,115,6309,980,1015,619,32,33,1014,56374,1315,6985,15382,1012,6986,151,162],"class_list":["post-442351","post","type-post","status-publish","format-standard","has-post-thumbnail","category-tv","tag-afonso-leitao","tag-casa-dos-segredos","tag-casa-dos-segredos-desafio-final","tag-desafio-final","tag-entertainment","tag-entretenimento","tag-ex-concorrente","tag-famosos","tag-instagram","tag-nacional","tag-portugal","tag-pt","tag-reality-show","tag-sara-jesus","tag-secret-story","tag-secret-story-casa-dos-segredos","tag-secret-story-desafio-final","tag-selfie","tag-ss","tag-tv","tag-tvi"],"share_on_mastodon":{"url":"https:\/\/pubeurope.com\/@pt\/116876299928115838","error":""},"_links":{"self":[{"href":"https:\/\/www.europesays.com\/pt\/wp-json\/wp\/v2\/posts\/442351","targetHints":{"allow":["GET"]}}],"collection":[{"href":"https:\/\/www.europesays.com\/pt\/wp-json\/wp\/v2\/posts"}],"about":[{"href":"https:\/\/www.europesays.com\/pt\/wp-json\/wp\/v2\/types\/post"}],"author":[{"embeddable":true,"href":"https:\/\/www.europesays.com\/pt\/wp-json\/wp\/v2\/users\/2"}],"replies":[{"embeddable":true,"href":"https:\/\/www.europesays.com\/pt\/wp-json\/wp\/v2\/comments?post=442351"}],"version-history":[{"count":0,"href":"https:\/\/www.europesays.com\/pt\/wp-json\/wp\/v2\/posts\/442351\/revisions"}],"wp:featuredmedia":[{"embeddable":true,"href":"https:\/\/www.europesays.com\/pt\/wp-json\/wp\/v2\/media\/442352"}],"wp:attachment":[{"href":"https:\/\/www.europesays.com\/pt\/wp-json\/wp\/v2\/media?parent=442351"}],"wp:term":[{"taxonomy":"category","embeddable":true,"href":"https:\/\/www.europesays.com\/pt\/wp-json\/wp\/v2\/categories?post=442351"},{"taxonomy":"post_tag","embeddable":true,"href":"https:\/\/www.europesays.com\/pt\/wp-json\/wp\/v2\/tags?post=442351"}],"curies":[{"name":"wp","href":"https:\/\/api.w.org\/{rel}","templated":true}]}}