{"id":442398,"date":"2026-07-07T04:18:21","date_gmt":"2026-07-07T04:18:21","guid":{"rendered":"https:\/\/www.europesays.com\/pt\/442398\/"},"modified":"2026-07-07T04:18:21","modified_gmt":"2026-07-07T04:18:21","slug":"luis-roberto-retorna-a-globo-apos-diagnostico-de-cancer-estou-a-caminho-da-cura","status":"publish","type":"post","link":"https:\/\/www.europesays.com\/pt\/442398\/","title":{"rendered":"Lu\u00eds Roberto retorna \u00e0 Globo ap\u00f3s diagn\u00f3stico de c\u00e2ncer: &#8216;Estou a caminho da cura&#8217;"},"content":{"rendered":"<p>&#13;<br \/>\n                                                &#13;<br \/>\n                                                    &#13;<br \/>\n&#13;<br \/>\n&#13;<br \/>\n&#13;<br \/>\n&#13;<br \/>\n&#13;<br \/>\n&#13;<br \/>\n&#13;<br \/>\n&#13;<br \/>\n    &#13;<br \/>\n&#13;<br \/>\n    &#13;<br \/>\n        &#13;<br \/>\n    &#13;<br \/>\n&#13;<br \/>\n    &#13;<br \/>\n    &#13;<br \/>\n    &#13;<br \/>\n&#13;<br \/>\n      &#13;<br \/>\n&#13;<br \/>\n        &#13;<br \/>\n          &#13;<br \/>\n            &#13;<br \/>\n            &#13;<br \/>\n          &#13;<br \/>\n        &#13;<br \/>\n&#13;<br \/>\n        &#13;<br \/>\n          &#13;<br \/>\n          &#13;<br \/>\n          <img decoding=\"async\" fetchpriority=\"high\" class=\"lozad\" src=\"&#13;&#10;          https:\/\/cdn2.tribunaonline.com.br\/img\/inline\/310000\/500x0\/Luis-Roberto-retorna-a-Globo-apos-diagnostico-de-c0031543000202607051748-7.webp?fallback=https%3A%2F%2Fcdn2.tribunaonline.com.br%2Fimg%2Finline%2F310000%2FLuis-Roberto-retorna-a-Globo-apos-diagnostico-de-c0031543000202607051748.jpg%3Fxid%3D1467920&amp;xid=1467920\" alt=\"&#13;&#10;          Imagem ilustrativa da imagem Lu\u00eds Roberto retorna \u00e0 Globo ap\u00f3s diagn\u00f3stico de c\u00e2ncer: 'Estou a caminho da cura'&#13;&#10;          \"\/>&#13;<br \/>\n        &#13;<br \/>\n&#13;<br \/>\n        &#13;<\/p>\n<p>&#13;<br \/>\n            &#13;<br \/>\n              &#13;<br \/>\n                Lu\u00eds Roberto recebeu diagn\u00f3stico de neoplasia na regi\u00e3o cervical em abril deste ano&#13;<br \/>\n              &#13;<br \/>\n            &#13;<br \/>\n            &#13;<br \/>\n              &#13;<br \/>\n                | \u00a0Foto:&#13;<br \/>\n                Reprodu\u00e7\u00e3o\/Redes sociais&#13;<br \/>\n              &#13;<br \/>\n            &#13;\n          <\/p>\n<p>&#13;<br \/>\n        &#13;<br \/>\n  &#13;<br \/>\n&#13;<br \/>\n    &#13;<br \/>\n&#13;<br \/>\n    &#13;<br \/>\n    &#13;<br \/>\n        &#13;<br \/>\n            &#13;<br \/>\n                &#13;<br \/>\n            &#13;<br \/>\n        &#13;<br \/>\n        &#13;<br \/>\n        &#13;<br \/>\n    &#13;<br \/>\n&#13;<br \/>\n&#13;<br \/>\n    &#13;<br \/>\n&#13;<br \/>\n    &#13;<br \/>\n        &#13;<br \/>\n    &#13;<br \/>\n&#13;<\/p>\n<p>Pela primeira vez desde que anunciou o afastamento da cobertura da Globo da Copa do Mundo 2026 para tratar um c\u00e2ncer, o narrador Lu\u00eds Roberto participou do Doming\u00e3o com Huck neste domingo (5). Antes da transmiss\u00e3o da partida entre Brasil e Noruega pelas oitavas de final, ele falou sobre o tratamento e agradeceu o apoio recebido nas \u00faltimas semanas.<\/p>\n<p>&#13;<br \/>\n&#13;<br \/>\n    &#13;<br \/>\n        &#13;<br \/>\n        &#13;<br \/>\n&#13;<br \/>\n&#13;<br \/>\n    &#13;<br \/>\n&#13;<br \/>\n    &#13;<br \/>\n    &#13;<br \/>\n        &#13;<br \/>\n        &#13;<br \/>\n            &#13;<br \/>\n            &#13;<\/p>\n<p>&#13;<br \/>\n                Continue Lendo&#13;\n            <\/p>\n<p>&#13;<br \/>\n        &#13;<br \/>\n        &#13;<br \/>\n    &#13;<br \/>\n&#13;<br \/>\n&#13;<br \/>\n    &#13;<br \/>\n&#13;<br \/>\n    &#13;<br \/>\n        &#13;<br \/>\n    &#13;<br \/>\n&#13;<\/p>\n<p>O narrador contou ao apresentador Luciano Huck que as mensagens de solidariedade foram importantes para enfrentar o per\u00edodo de tratamento. &#8220;Recebi uma avalanche de carinho. Isso me deu sa\u00fade mental para encarar esse desafio. Gratid\u00e3o \u00e9 uma palavra que, \u00e0s vezes, a gente banaliza. Mas, neste momento da minha vida, em um dia t\u00e3o especial, com a sele\u00e7\u00e3o jogando eliminat\u00f3ria da Copa do Mundo, eu preciso dizer que a gratid\u00e3o me move&#8221;.<\/p>\n<p>&#13;<br \/>\n&#13;<br \/>\n    &#13;<br \/>\n&#13;<br \/>\n    &#13;<br \/>\n    &#13;<br \/>\n        &#13;<br \/>\n        &#13;<br \/>\n        &#13;<br \/>\n            &#13;<br \/>\n                &#13;<br \/>\n                &#13;<br \/>\n                &#13;<br \/>\n                &#13;<br \/>\n            &#13;<br \/>\n        &#13;<br \/>\n    &#13;<br \/>\n&#13;<br \/>\n&#13;<br \/>\n    &#13;<br \/>\n&#13;<br \/>\n    &#13;<br \/>\n        &#13;<br \/>\n    &#13;<br \/>\n&#13;<\/p>\n<p>Lu\u00eds Roberto contou que passou por 43 sess\u00f5es de tratamento, sendo 36 de radioterapia e sete de quimioterapia em dois meses. &#8220;\u00c9 um tratamento pesado&#8221;, afirmou.<\/p>\n<p>&#13;<br \/>\n&#13;<br \/>\n    &#13;<br \/>\n&#13;<br \/>\n    &#13;<br \/>\n    &#13;<br \/>\n        &#13;<br \/>\n        &#13;<br \/>\n        &#13;<br \/>\n            &#13;<br \/>\n                &#13;<br \/>\n                &#13;<br \/>\n                &#13;<br \/>\n            &#13;<br \/>\n        &#13;<br \/>\n    &#13;<br \/>\n&#13;<br \/>\n&#13;<br \/>\n    &#13;<br \/>\n&#13;<br \/>\n    &#13;<br \/>\n        &#13;<br \/>\n    &#13;<br \/>\n&#13;<\/p>\n<p>O narrador tamb\u00e9m se emocionou ao assistir a uma reportagem sobre sua trajet\u00f3ria, produzida pelo jornalista Pedro Bassan, e a um depoimento gravado por sua mulher Jacy Santos. &#8220;Sa\u00edmos vitoriosos dessa batalha&#8221;, disse ela.<\/p>\n<p>&#13;<br \/>\n&#13;<br \/>\n    &#13;<br \/>\n&#13;<br \/>\n    &#13;<br \/>\n    &#13;<br \/>\n        &#13;<br \/>\n        &#13;<br \/>\n        &#13;<br \/>\n            &#13;<br \/>\n                &#13;<br \/>\n                &#13;<br \/>\n                &#13;<br \/>\n            &#13;<br \/>\n        &#13;<br \/>\n    &#13;<br \/>\n&#13;<br \/>\n&#13;<br \/>\n    &#13;<br \/>\n&#13;<br \/>\n    &#13;<br \/>\n        &#13;<br \/>\n    &#13;<br \/>\n&#13;<\/p>\n<p>Em seguida, Lu\u00eds Roberto respondeu: &#8220;Estou a caminho da cura&#8221;, destacando a import\u00e2ncia do atendimento m\u00e9dico recebido no Brasil.<\/p>\n<p>&#13;<br \/>\n&#13;<br \/>\n    &#13;<br \/>\n&#13;<br \/>\n    &#13;<br \/>\n    &#13;<br \/>\n        &#13;<br \/>\n        &#13;<br \/>\n        &#13;<br \/>\n    &#13;<br \/>\n&#13;<br \/>\n&#13;<br \/>\n    &#13;<br \/>\n&#13;<br \/>\n    &#13;<br \/>\n        &#13;<br \/>\n    &#13;<br \/>\n&#13;<\/p>\n<p>No in\u00edcio de abril, o narrador recebeu o diagn\u00f3stico de neoplasia na regi\u00e3o cervical, ou seja, um tumor, durante exames de rotina, o que fez com que ele se afastasse das transmiss\u00f5es de futebol da Globo, inclusive da cobertura da Copa. &#8220;Voc\u00ea ter que saber que n\u00e3o d\u00e1, voc\u00ea tem que priorizar sa\u00fade, continuar vivo&#8221;, explicou sem lamentar o afastamento. A Globo escolheu Everaldo Marques como seu substituto.<\/p>\n<p>&#13;<br \/>\n&#13;<br \/>\n    &#13;<br \/>\n&#13;<br \/>\n    &#13;<br \/>\n    &#13;<br \/>\n        &#13;<br \/>\n        &#13;<br \/>\n        &#13;<br \/>\n            &#13;<br \/>\n                &#13;<br \/>\n                &#13;<br \/>\n                &#13;<br \/>\n                &#13;<br \/>\n                &#13;<br \/>\n            &#13;<br \/>\n        &#13;<br \/>\n    &#13;<br \/>\n&#13;<br \/>\n&#13;<br \/>\n    &#13;<br \/>\n&#13;<br \/>\n    &#13;<br \/>\n        &#13;<br \/>\n    &#13;<br \/>\n&#13;<br \/>\n    &#13;<br \/>\n          MAT\u00c9RIAS RELACIONADAS:&#13;<br \/>\n          &#13;<br \/>\n            &#13;<br \/>\n              &#13;<br \/>\n              &#13;<br \/>\n                  &#13;<br \/>\n                  &#13;<br \/>\n                  &#13;<br \/>\n                      <a style=\"border-radius: unset !important; text-decoration: none;\" href=\"https:\/\/tribunaonline.com.br\/entretenimento\/famosos\/tia-de-taylor-swift-revela-detalhes-do-casamento-da-cantora-com-travis-kelce-315405\" class=\"mw-link-decoration chamadaDestaque-wrapper chamadaDestaque-link\" rel=\"nofollow noopener\" target=\"_blank\">&#13;<br \/>\n                          <img decoding=\"async\" loading=\"lazy\" class=\"lozad\" src=\"https:\/\/www.europesays.com\/pt\/wp-content\/uploads\/2026\/07\/ProportionalFillBackground-2.webp\" style=\"height: 135px !important; width: 160px !important;\" alt=\"Lu\u00eds Roberto recebeu diagn\u00f3stico de neoplasia na regi\u00e3o cervical em abril deste ano\"\/>&#13;<br \/>\n                      <\/a>&#13;<br \/>\n                  &#13;<\/p>\n<p>                      <a style=\"border-radius: unset !important; max-width: 195px; max-height: 140px; text-decoration: none;\" href=\"https:\/\/tribunaonline.com.br\/entretenimento\/famosos\/tia-de-taylor-swift-revela-detalhes-do-casamento-da-cantora-com-travis-kelce-315405\" class=\"mw-link-decoration chamadaDestaque-wrapper chamadaDestaque-link\" rel=\"nofollow noopener\" target=\"_blank\">&#13;<br \/>\n                          &#13;<br \/>\n                          FAMOSOS&#13;<br \/>\n                          &#13;<\/p>\n<p>&#13;<br \/>\n                              &#13;<br \/>\n                                  Tia de Taylor Swift revela detalhes do casamento da cantora com Travis Kelce&#13;<br \/>\n                              &#13;\n                          <\/p>\n<p>&#13;<br \/>\n                      <\/a><br \/>\n                  &#13;<br \/>\n              &#13;<br \/>\n            &#13;<br \/>\n              &#13;<br \/>\n              &#13;<br \/>\n                  &#13;<br \/>\n                  &#13;<br \/>\n                  &#13;<br \/>\n                      <a style=\"border-radius: unset !important; text-decoration: none;\" href=\"https:\/\/tribunaonline.com.br\/entretenimento\/famosos\/beyonce-lanca-sem-avisar-musica-gravada-em-2013-que-ficou-de-fora-de-album-315385\" class=\"mw-link-decoration chamadaDestaque-wrapper chamadaDestaque-link\" rel=\"nofollow noopener\" target=\"_blank\">&#13;<br \/>\n                          <img decoding=\"async\" loading=\"lazy\" class=\"lozad\" src=\"https:\/\/www.europesays.com\/pt\/wp-content\/uploads\/2026\/07\/1783397900_956_ProportionalFillBackground-2.webp\" style=\"height: 135px !important; width: 160px !important;\" alt=\"Lu\u00eds Roberto recebeu diagn\u00f3stico de neoplasia na regi\u00e3o cervical em abril deste ano\"\/>&#13;<br \/>\n                      <\/a>&#13;<br \/>\n                  &#13;<\/p>\n<p>                      <a style=\"border-radius: unset !important; max-width: 195px; max-height: 140px; text-decoration: none;\" href=\"https:\/\/tribunaonline.com.br\/entretenimento\/famosos\/beyonce-lanca-sem-avisar-musica-gravada-em-2013-que-ficou-de-fora-de-album-315385\" class=\"mw-link-decoration chamadaDestaque-wrapper chamadaDestaque-link\" rel=\"nofollow noopener\" target=\"_blank\">&#13;<br \/>\n                          &#13;<br \/>\n                          FAMOSOS&#13;<br \/>\n                          &#13;<\/p>\n<p>&#13;<br \/>\n                              &#13;<br \/>\n                                  Beyonc\u00e9 lan\u00e7a, sem avisar, m\u00fasica gravada em 2013 que ficou de fora de \u00e1lbum&#13;<br \/>\n                              &#13;\n                          <\/p>\n<p>&#13;<br \/>\n                      <\/a><br \/>\n                  &#13;<br \/>\n              &#13;<br \/>\n            &#13;<br \/>\n              &#13;<br \/>\n              &#13;<br \/>\n                  &#13;<br \/>\n                  &#13;<br \/>\n                  &#13;<br \/>\n                      <a style=\"border-radius: unset !important; text-decoration: none;\" href=\"https:\/\/tribunaonline.com.br\/entretenimento\/famosos\/taylor-swift-e-travis-kelce-devem-proibir-ate-celulares-de-policiais-em-casamento-315305\" class=\"mw-link-decoration chamadaDestaque-wrapper chamadaDestaque-link\" rel=\"nofollow noopener\" target=\"_blank\">&#13;<br \/>\n                          <img decoding=\"async\" loading=\"lazy\" class=\"lozad\" src=\"https:\/\/www.europesays.com\/pt\/wp-content\/uploads\/2026\/07\/1783397900_485_ProportionalFillBackground-2.webp\" style=\"height: 135px !important; width: 160px !important;\" alt=\"Lu\u00eds Roberto recebeu diagn\u00f3stico de neoplasia na regi\u00e3o cervical em abril deste ano\"\/>&#13;<br \/>\n                      <\/a>&#13;<br \/>\n                  &#13;<\/p>\n<p>                      <a style=\"border-radius: unset !important; max-width: 195px; max-height: 140px; text-decoration: none;\" href=\"https:\/\/tribunaonline.com.br\/entretenimento\/famosos\/taylor-swift-e-travis-kelce-devem-proibir-ate-celulares-de-policiais-em-casamento-315305\" class=\"mw-link-decoration chamadaDestaque-wrapper chamadaDestaque-link\" rel=\"nofollow noopener\" target=\"_blank\">&#13;<br \/>\n                          &#13;<br \/>\n                          FAMOSOS&#13;<br \/>\n                          &#13;<\/p>\n<p>&#13;<br \/>\n                              &#13;<br \/>\n                                  Taylor Swift e Travis Kelce devem proibir at\u00e9 celulares de policiais em casamento&#13;<br \/>\n                              &#13;\n                          <\/p>\n<p>&#13;<br \/>\n                      <\/a><br \/>\n                  &#13;<br \/>\n              &#13;<br \/>\n            &#13;<br \/>\n              &#13;<br \/>\n              &#13;<br \/>\n                  &#13;<br \/>\n                  &#13;<br \/>\n                  &#13;<br \/>\n                      <a style=\"border-radius: unset !important; text-decoration: none;\" href=\"https:\/\/tribunaonline.com.br\/entretenimento\/famosos\/morre-totonho-sambista-que-foi-um-dos-fundadores-do-grupo-raca-aos-69-anos-315297\" class=\"mw-link-decoration chamadaDestaque-wrapper chamadaDestaque-link\" rel=\"nofollow noopener\" target=\"_blank\">&#13;<br \/>\n                          <img decoding=\"async\" loading=\"lazy\" class=\"lozad\" src=\"https:\/\/www.europesays.com\/pt\/wp-content\/uploads\/2026\/07\/1783397901_16_ProportionalFillBackground-2.webp\" style=\"height: 135px !important; width: 160px !important;\" alt=\"Lu\u00eds Roberto recebeu diagn\u00f3stico de neoplasia na regi\u00e3o cervical em abril deste ano\"\/>&#13;<br \/>\n                      <\/a>&#13;<br \/>\n                  &#13;<\/p>\n<p>                      <a style=\"border-radius: unset !important; max-width: 195px; max-height: 140px; text-decoration: none;\" href=\"https:\/\/tribunaonline.com.br\/entretenimento\/famosos\/morre-totonho-sambista-que-foi-um-dos-fundadores-do-grupo-raca-aos-69-anos-315297\" class=\"mw-link-decoration chamadaDestaque-wrapper chamadaDestaque-link\" rel=\"nofollow noopener\" target=\"_blank\">&#13;<br \/>\n                          &#13;<br \/>\n                          FAMOSOS&#13;<br \/>\n                          &#13;<\/p>\n<p>&#13;<br \/>\n                              &#13;<br \/>\n                                  Morre Totonho, sambista que foi um dos fundadores do grupo Ra\u00e7a, aos 69 anos&#13;<br \/>\n                              &#13;\n                          <\/p>\n<p>&#13;<br \/>\n                      <\/a><br \/>\n                  &#13;<br \/>\n              &#13;<br \/>\n            &#13;<br \/>\n          &#13;<br \/>\n        &#13;<br \/>\n&#13;<br \/>\n    &#13;<br \/>\n&#13;<br \/>\n    &#13;<br \/>\n    &#13;<br \/>\n        &#13;<br \/>\n        &#13;<br \/>\n        &#13;<br \/>\n    &#13;<br \/>\n&#13;<br \/>\n&#13;<br \/>\n    &#13;<br \/>\n&#13;<br \/>\n    &#13;<br \/>\n&#13;<br \/>\n    &#13;<br \/>\n        &#13;<br \/>\n&#13;<br \/>\n    &#13;<br \/>\n&#13;<br \/>\n    &#13;<br \/>\n    &#13;<br \/>\n&#13;<br \/>\n&#13;<br \/>\n    &#13;<br \/>\n&#13;<br \/>\n    &#13;<br \/>\n&#13;<br \/>\n    &#13;<br \/>\n&#13;<br \/>\n    &#13;<br \/>\n&#13;<br \/>\n    &#13;<br \/>\n    &#13;<br \/>\n&#13;<br \/>\n&#13;<br \/>\n                                                    &#13;<br \/>\n&#13;<\/p>\n","protected":false},"excerpt":{"rendered":"&#13; &#13; &#13; &#13; &#13; &#13; &#13; &#13; &#13; &#13; &#13; &#13; &#13; &#13; &#13; &#13; &#13; &#13;&hellip;\n","protected":false},"author":2,"featured_media":442399,"comment_status":"","ping_status":"","sticky":false,"template":"","format":"standard","meta":{"footnotes":"","_share_on_mastodon":"0"},"categories":[145],"tags":[211,210,46161,9027,114,115,71157,71158,32,33,71159],"class_list":["post-442398","post","type-post","status-publish","format-standard","has-post-thumbnail","category-celebridades","tag-celebridades","tag-celebrities","tag-copa-do-mundo-2026","tag-domingo-com-huck","tag-entertainment","tag-entretenimento","tag-lus-roberto","tag-narrador-da-globo","tag-portugal","tag-pt","tag-tratamento-de-cncer"],"share_on_mastodon":{"url":"https:\/\/pubeurope.com\/@pt\/116876772479165934","error":""},"_links":{"self":[{"href":"https:\/\/www.europesays.com\/pt\/wp-json\/wp\/v2\/posts\/442398","targetHints":{"allow":["GET"]}}],"collection":[{"href":"https:\/\/www.europesays.com\/pt\/wp-json\/wp\/v2\/posts"}],"about":[{"href":"https:\/\/www.europesays.com\/pt\/wp-json\/wp\/v2\/types\/post"}],"author":[{"embeddable":true,"href":"https:\/\/www.europesays.com\/pt\/wp-json\/wp\/v2\/users\/2"}],"replies":[{"embeddable":true,"href":"https:\/\/www.europesays.com\/pt\/wp-json\/wp\/v2\/comments?post=442398"}],"version-history":[{"count":0,"href":"https:\/\/www.europesays.com\/pt\/wp-json\/wp\/v2\/posts\/442398\/revisions"}],"wp:featuredmedia":[{"embeddable":true,"href":"https:\/\/www.europesays.com\/pt\/wp-json\/wp\/v2\/media\/442399"}],"wp:attachment":[{"href":"https:\/\/www.europesays.com\/pt\/wp-json\/wp\/v2\/media?parent=442398"}],"wp:term":[{"taxonomy":"category","embeddable":true,"href":"https:\/\/www.europesays.com\/pt\/wp-json\/wp\/v2\/categories?post=442398"},{"taxonomy":"post_tag","embeddable":true,"href":"https:\/\/www.europesays.com\/pt\/wp-json\/wp\/v2\/tags?post=442398"}],"curies":[{"name":"wp","href":"https:\/\/api.w.org\/{rel}","templated":true}]}}