{"id":442627,"date":"2026-07-07T12:42:11","date_gmt":"2026-07-07T12:42:11","guid":{"rendered":"https:\/\/www.europesays.com\/pt\/442627\/"},"modified":"2026-07-07T12:42:11","modified_gmt":"2026-07-07T12:42:11","slug":"municipios-do-rio-grande-do-sul-recebem-mais-doses-da-nova-vacina-contra-pneumonia-e-meningite","status":"publish","type":"post","link":"https:\/\/www.europesays.com\/pt\/442627\/","title":{"rendered":"Munic\u00edpios do Rio Grande do Sul recebem mais doses da nova vacina contra pneumonia e meningite"},"content":{"rendered":"<p>Come\u00e7ou a distribui\u00e7\u00e3o de mais uma remessa da nova vacina <a href=\"https:\/\/www.correiodopovo.com.br\/busca?q=pneumoc%C3%B3cica\" target=\"_blank\" rel=\"nofollow noopener\"><strong>pneumoc\u00f3cica<\/strong><\/a> conjugada 20-valente (Pneumo 20) para os munic\u00edpios do <a href=\"https:\/\/www.correiodopovo.com.br\/topicos\/Tag\/rio%20grande%20do%20sul\" target=\"_blank\" rel=\"nofollow noopener\"><strong>Rio Grande do Sul<\/strong><\/a>. O imunizante, que est\u00e1 sendo incorporado ao Sistema \u00danico de Sa\u00fade (<a href=\"https:\/\/www.correiodopovo.com.br\/topicos\/Tag\/SUS\" target=\"_blank\" rel=\"nofollow noopener\"><strong>SUS<\/strong><\/a>), amplia a prote\u00e7\u00e3o contra doen\u00e7as causadas pela bact\u00e9ria Streptococcus pneumoniae, respons\u00e1vel por infec\u00e7\u00f5es como pneumonia, meningite e otite m\u00e9dia.<\/p>\n<p>A Pneumo 20 substituir\u00e1 gradualmente a vacina Pneumo 10, utilizada at\u00e9 ent\u00e3o na rede p\u00fablica. Enquanto a vers\u00e3o anterior protegia contra dez sorotipos do pneumococo, a nova vacina oferece cobertura contra 20 sorotipos da bact\u00e9ria, aumentando a capacidade de preven\u00e7\u00e3o de infec\u00e7\u00f5es pneumoc\u00f3cicas.<\/p>\n<p>Al\u00e9m da prote\u00e7\u00e3o contra pneumonia e meningite, o imunizante tamb\u00e9m ajuda a prevenir casos de otite m\u00e9dia \u2013 uma infec\u00e7\u00e3o comum principalmente na inf\u00e2ncia, que pode causar perda auditiva e, em situa\u00e7\u00f5es mais graves, evoluir para infec\u00e7\u00e3o generalizada.<\/p>\n<p>A Secretaria da Sa\u00fade (SES) recebeu cerca de 17 mil doses, que est\u00e3o sendo encaminhadas \u00e0s coordenadorias regionais de sa\u00fade para posterior distribui\u00e7\u00e3o aos munic\u00edpios. A expectativa \u00e9 ampliar a prote\u00e7\u00e3o da popula\u00e7\u00e3o contra formas graves da doen\u00e7a, que podem resultar em interna\u00e7\u00f5es, sequelas permanentes e at\u00e9 mortes.<\/p>\n<p><strong>\u2022\u2022 Quem pode receber a Pneumo 20:<\/strong><\/p>\n<p>\u2022 Crian\u00e7as menores de 5 anos que ainda n\u00e3o receberam a vacina contra o pneumococo ou n\u00e3o completaram o esquema vacinal;<br \/>\u2022 Povos ind\u00edgenas com mais de 5 anos sem hist\u00f3rico de vacina\u00e7\u00e3o pneumoc\u00f3cica conjugada;<br \/>\u2022 Pessoas com condi\u00e7\u00f5es cl\u00ednicas especiais acompanhadas pela Rede de Imunobiol\u00f3gicos Especiais (RIE), conforme os crit\u00e9rios definidos pelo Minist\u00e9rio da Sa\u00fade.<\/p>\n<p>\u2022\u2022 <strong>Como fica o esquema vacinal<\/strong><\/p>\n<p>Com a introdu\u00e7\u00e3o da nova vacina no calend\u00e1rio infantil, haver\u00e1 uma transi\u00e7\u00e3o gradual entre os imunizantes. Para crian\u00e7as de 2 meses a menores de 5 anos, o esquema recomendado ser\u00e1:<\/p>\n<p>\u2022 2 meses: primeira dose com a Pneumo 20;<br \/>\u2022 4 meses: segunda dose com a Pneumo 10, respeitando intervalo de 60 dias;<br \/>\u2022 12 meses: dose de refor\u00e7o com a Pneumo 20, aplicada pelo menos 60 dias ap\u00f3s a segunda dose.<\/p>\n<p>A SES orienta que crian\u00e7as com vacina\u00e7\u00e3o atrasada tenham o esquema atualizado o mais rapidamente poss\u00edvel, at\u00e9 os 4 anos, 11 meses e 29 dias de idade.<\/p>\n<p>\u2022\u2022 <strong>Doses de pneumo 20 distribu\u00eddas por Coordenadoria Regional de Sa\u00fade (CRS)<\/strong><\/p>\n<p>1\u00aa CRS (sede Porto Alegre \u2013 67 munic\u00edpios): 4.297<br \/>2\u00aa CRS (sede Frederico Westphalen \u2013 26 munic\u00edpios): 323<br \/>3\u00aa CRS (sede Pelotas \u2013 21 munic\u00edpios): 1.351<br \/>4\u00aa CRS (sede Santa Maria \u2013 33 munic\u00edpios): 759<br \/>5\u00aa CRS (sede Caxias do Sul \u2013 49 munic\u00edpios): 2.126<br \/>6\u00aa CRS (sede Passo Fundo \u2013 62 munic\u00edpios): 1.114<br \/>7\u00aa CRS (sede Bag\u00e9 \u2013 6 munic\u00edpios): 389<br \/>8\u00aa CRS (sede Cachoeira do Sul \u2013 12 munic\u00edpios): 355<br \/>9\u00aa CRS (sede Cruz Alta \u2013 12 munic\u00edpios): 221<br \/>10\u00aa CRS (sede Alegrete \u2013 11 munic\u00edpios): 674<br \/>11\u00aa CRS (sede Erechim \u2013 33 munic\u00edpios): 354<br \/>12\u00aa CRS (sede Santo \u00c2ngelo \u2013 24 munic\u00edpios): 466<br \/>13\u00aa CRS (sede Santa Cruz do Sul \u2013 13 munic\u00edpios): 610<br \/>14\u00aa CRS (sede Santa Rosa \u2013 22 munic\u00edpios): 542<br \/>15\u00aa CRS (sede Palmeira das Miss\u00f5es \u2013 26 munic\u00edpios): 321<br \/>16\u00aa CRS (sede Lajeado \u2013 37 munic\u00edpios): 561<br \/>17\u00aa CRS (sede Iju\u00ed \u2013 20 munic\u00edpios): 345<br \/>18\u00aa CRS (sede Os\u00f3rio \u2013 23 munic\u00edpios): 736<br \/>Porto Alegre: 1.666<br \/><strong>Total de doses RS:<\/strong> 17.210<\/p>\n","protected":false},"excerpt":{"rendered":"Come\u00e7ou a distribui\u00e7\u00e3o de mais uma remessa da nova vacina pneumoc\u00f3cica conjugada 20-valente (Pneumo 20) para os munic\u00edpios&hellip;\n","protected":false},"author":2,"featured_media":442628,"comment_status":"","ping_status":"","sticky":false,"template":"","format":"standard","meta":{"footnotes":"","_share_on_mastodon":"0"},"categories":[86],"tags":[1665,116,12491,2879,32,33,117,25501,1663,71187,71186,71185,71184,2782],"class_list":["post-442627","post","type-post","status-publish","format-standard","has-post-thumbnail","category-saude","tag-cidades","tag-health","tag-imunizantes","tag-pneumonia","tag-portugal","tag-pt","tag-saude","tag-secretaria-estadual-de-saude","tag-ses","tag-vacina-pneumococica","tag-vacina-pneumococica-20","tag-vacina-pneumococica-conjugada","tag-vacina-pneumococica-conjugada-20-valente","tag-vacinas"],"share_on_mastodon":{"url":"https:\/\/pubeurope.com\/@pt\/116878753830107054","error":""},"_links":{"self":[{"href":"https:\/\/www.europesays.com\/pt\/wp-json\/wp\/v2\/posts\/442627","targetHints":{"allow":["GET"]}}],"collection":[{"href":"https:\/\/www.europesays.com\/pt\/wp-json\/wp\/v2\/posts"}],"about":[{"href":"https:\/\/www.europesays.com\/pt\/wp-json\/wp\/v2\/types\/post"}],"author":[{"embeddable":true,"href":"https:\/\/www.europesays.com\/pt\/wp-json\/wp\/v2\/users\/2"}],"replies":[{"embeddable":true,"href":"https:\/\/www.europesays.com\/pt\/wp-json\/wp\/v2\/comments?post=442627"}],"version-history":[{"count":0,"href":"https:\/\/www.europesays.com\/pt\/wp-json\/wp\/v2\/posts\/442627\/revisions"}],"wp:featuredmedia":[{"embeddable":true,"href":"https:\/\/www.europesays.com\/pt\/wp-json\/wp\/v2\/media\/442628"}],"wp:attachment":[{"href":"https:\/\/www.europesays.com\/pt\/wp-json\/wp\/v2\/media?parent=442627"}],"wp:term":[{"taxonomy":"category","embeddable":true,"href":"https:\/\/www.europesays.com\/pt\/wp-json\/wp\/v2\/categories?post=442627"},{"taxonomy":"post_tag","embeddable":true,"href":"https:\/\/www.europesays.com\/pt\/wp-json\/wp\/v2\/tags?post=442627"}],"curies":[{"name":"wp","href":"https:\/\/api.w.org\/{rel}","templated":true}]}}