{"id":44275,"date":"2025-08-25T13:38:12","date_gmt":"2025-08-25T13:38:12","guid":{"rendered":"https:\/\/www.europesays.com\/pt\/44275\/"},"modified":"2025-08-25T13:38:12","modified_gmt":"2025-08-25T13:38:12","slug":"lil-nas-x-hospitalizado-e-detido-apos-incidente-em-los-angeles-atualidade","status":"publish","type":"post","link":"https:\/\/www.europesays.com\/pt\/44275\/","title":{"rendered":"Lil Nas X hospitalizado e detido ap\u00f3s incidente em Los Angeles &#8211; Atualidade"},"content":{"rendered":"<p><strong>Acompanhe toda a atualidade informativa em\u00a0<a href=\"https:\/\/24noticias.sapo.pt\/\" target=\"_blank\" rel=\"noopener noreferrer nofollow\">24noticias.sapo.pt<\/a><\/strong><\/p>\n<p>O cantor e vencedor de um Grammy, Lil Nas X, de 26 anos, foi hospitalizado e detido na manh\u00e3 de quinta-feira, em Los Angeles, ap\u00f3s ter alegadamente agredido um agente da pol\u00edcia.<\/p>\n<p>Segundo a LAPD, a pol\u00edcia recebeu um alerta, por volta das 5h50, sobre um \u201chomem nu a caminhar na rua\u201d na Ventura Boulevard, em Studio City, avan\u00e7a o <a href=\"https:\/\/www.latimes.com\/entertainment-arts\/story\/2025-08-21\/lil-nas-x-arrested-hospitalized-possible-overdose-studio-city\" rel=\"nofollow noopener\" target=\"_blank\">Los Angeles Times<\/a>.<\/p>\n<p>O m\u00fasico, conhecido por \u00eaxitos como Old Town Road e Industry Baby, encontrava-se apenas de cuecas brancas e botas de cowboy, de acordo com imagens partilhadas pela TMZ.<\/p>\n<p>O artista foi transportado para um hospital local, por suspeita de overdose, antes de ser detido na pris\u00e3o de Van Nuys, acusado de agress\u00e3o a um agente da autoridade. A LAPD n\u00e3o confirmou a identidade do indiv\u00edduo, mas o epis\u00f3dio est\u00e1 a ser amplamente associado a Lil Nas X.<\/p>\n<p>Este n\u00e3o \u00e9 o primeiro problema de sa\u00fade que o m\u00fasico enfrenta este ano. O rapper foi hospitalizado em abril, ap\u00f3s revelar ter perdido o controlo do lado direito da cara.<\/p>\n","protected":false},"excerpt":{"rendered":"Acompanhe toda a atualidade informativa em\u00a024noticias.sapo.pt O cantor e vencedor de um Grammy, Lil Nas X, de 26&hellip;\n","protected":false},"author":2,"featured_media":44276,"comment_status":"","ping_status":"","sticky":false,"template":"","format":"standard","meta":{"footnotes":""},"categories":[141],"tags":[114,115,149,150,32,33],"class_list":{"0":"post-44275","1":"post","2":"type-post","3":"status-publish","4":"format-standard","5":"has-post-thumbnail","7":"category-musica","8":"tag-entertainment","9":"tag-entretenimento","10":"tag-music","11":"tag-musica","12":"tag-portugal","13":"tag-pt"},"share_on_mastodon":{"url":"","error":""},"_links":{"self":[{"href":"https:\/\/www.europesays.com\/pt\/wp-json\/wp\/v2\/posts\/44275","targetHints":{"allow":["GET"]}}],"collection":[{"href":"https:\/\/www.europesays.com\/pt\/wp-json\/wp\/v2\/posts"}],"about":[{"href":"https:\/\/www.europesays.com\/pt\/wp-json\/wp\/v2\/types\/post"}],"author":[{"embeddable":true,"href":"https:\/\/www.europesays.com\/pt\/wp-json\/wp\/v2\/users\/2"}],"replies":[{"embeddable":true,"href":"https:\/\/www.europesays.com\/pt\/wp-json\/wp\/v2\/comments?post=44275"}],"version-history":[{"count":0,"href":"https:\/\/www.europesays.com\/pt\/wp-json\/wp\/v2\/posts\/44275\/revisions"}],"wp:featuredmedia":[{"embeddable":true,"href":"https:\/\/www.europesays.com\/pt\/wp-json\/wp\/v2\/media\/44276"}],"wp:attachment":[{"href":"https:\/\/www.europesays.com\/pt\/wp-json\/wp\/v2\/media?parent=44275"}],"wp:term":[{"taxonomy":"category","embeddable":true,"href":"https:\/\/www.europesays.com\/pt\/wp-json\/wp\/v2\/categories?post=44275"},{"taxonomy":"post_tag","embeddable":true,"href":"https:\/\/www.europesays.com\/pt\/wp-json\/wp\/v2\/tags?post=44275"}],"curies":[{"name":"wp","href":"https:\/\/api.w.org\/{rel}","templated":true}]}}