{"id":442890,"date":"2026-07-07T17:36:33","date_gmt":"2026-07-07T17:36:33","guid":{"rendered":"https:\/\/www.europesays.com\/pt\/442890\/"},"modified":"2026-07-07T17:36:33","modified_gmt":"2026-07-07T17:36:33","slug":"audiencias-sic-mantem-lideranca-cnn-ganha-na-informacao-por-uma-decima-eco","status":"publish","type":"post","link":"https:\/\/www.europesays.com\/pt\/442890\/","title":{"rendered":"Audi\u00eancias. SIC mant\u00e9m lideran\u00e7a, CNN ganha na informa\u00e7\u00e3o por uma d\u00e9cima \u2013 ECO"},"content":{"rendered":"<p><strong style=\"font-size: 17px;\"><img fetchpriority=\"high\" decoding=\"async\" class=\"alignnone size-full wp-image-1922417\" src=\"https:\/\/www.europesays.com\/pt\/wp-content\/uploads\/2026\/07\/audiencias.jpg\" alt=\"\" width=\"1035\" height=\"652\"\/><\/strong><\/p>\n<p>\n\t\t\tEscolha o ECO como fonte preferida no Google\n\t\t<\/p>\n<p>\t<a class=\"preferred-source__button\" href=\"https:\/\/google.com\/preferences\/source?q=https%3A%2F%2Feco.sapo.pt%2F\" target=\"_blank\" rel=\"noopener noreferrer nofollow\"><br \/>\n\t\tEscolher<br \/>\n\t\t\u203a<br \/>\n\t<\/a><\/p>\n<p><strong>Quatro d\u00e9cimas <a target=\"_blank\" href=\"https:\/\/eco.sapo.pt\/2026\/06\/02\/audiencias-sic-descola-da-tvi-cnn-segura-lideranca-na-informacao\/\" rel=\"nofollow noopener\">continuam a separar a SIC e a TVI<\/a> em junho<\/strong>, m\u00eas em que ambas as esta\u00e7\u00f5es aumentaram o share de audi\u00eancia em uma d\u00e9cima. Em m\u00eas de arranque do Mundial, os tr\u00eas canais generalistas, que entre junho e julho v\u00e3o repartir entre si 20 jogos, foram seguidos por mais telespectadores.<\/p>\n<p>Assim<strong>, a SIC foi acompanhada em m\u00e9dia por 301,8 mil telespectadores, a TVI por 292,8 mil e a RTP1 por 252,8 mil.<\/strong> Quanto ao share, a primeira situou-se nos 14,6%, a TVI nos 14,2% e a RTP1 nos 12,3%, mostra a an\u00e1lise da Dentsu para o +M.<\/p>\n<p><img loading=\"lazy\" decoding=\"async\" class=\"alignnone size-full wp-image-1922345\" src=\"https:\/\/www.europesays.com\/pt\/wp-content\/uploads\/2026\/07\/share-periodo-horario.jpg\" alt=\"\" width=\"1035\" height=\"643\"\/><\/p>\n<p>Por per\u00edodos hor\u00e1rios, a RTP1 mant\u00e9m a lideran\u00e7a das 7h30 \u00e0s 12h, mas perde para a SIC a faixa das 18h\/20h. A<strong> esta\u00e7\u00e3o do grupo Impresa conquista tamb\u00e9m, desta vez \u00e0 TVI, o hor\u00e1rio das 14h \u00e0s 18h, o que faz com que seja o canal mais visto das 12h \u00e0s 24h<\/strong>. A TVI, por seu turno, lidera durante o late-night e madrugada.<\/p>\n<p><img loading=\"lazy\" decoding=\"async\" class=\"alignnone size-full wp-image-1922348\" src=\"https:\/\/www.europesays.com\/pt\/wp-content\/uploads\/2026\/07\/top-15-programas-tv-aerial.jpg\" alt=\"\" width=\"1047\" height=\"685\"\/><\/p>\n<p>No ranking dos 15 programas mais vistos, e sem surpresa, <strong>a primeira posi\u00e7\u00e3o \u00e9 da TVI, com o jogo Portugal x Uzbequist\u00e3o, acompanhado em m\u00e9dia por 2,9 milh\u00f5es de telespectadores.<\/strong> Na segunda posi\u00e7\u00e3o, e com 2,1 milh\u00f5es de telespectadores, surge a RTP1, com o jogo de prepara\u00e7\u00e3o para o Mundial entre Portugal e Nig\u00e9ria.<\/p>\n<p>A RTP1 volta a marcar posi\u00e7\u00e3o com o Telejornal, na 5\u00aa posi\u00e7\u00e3o, sendo as restantes sete posi\u00e7\u00f5es preenchidas pela TVI e as restantes cinco pela SIC.<\/p>\n<p><img loading=\"lazy\" decoding=\"async\" class=\"alignnone size-full wp-image-1922349\" src=\"https:\/\/www.europesays.com\/pt\/wp-content\/uploads\/2026\/07\/top-20-canais.jpg\" alt=\"\" width=\"1035\" height=\"986\"\/><\/p>\n<p>Na informa\u00e7\u00e3o, a <strong>CNN Portugal<\/strong> segura a lideran\u00e7a, mais uma vez com vantagem de uma d\u00e9cima para a <strong>SIC<\/strong><strong> Not\u00edcias<\/strong> e de 0,4 pontos percentuais para o <strong>Now<\/strong>, o \u00fanico destes tr\u00eas canais de informa\u00e7\u00e3o que cresceu (+0,1pp) na compara\u00e7\u00e3o com o m\u00eas anterior.<\/p>\n<p>Mais abaixo, com 1,1%, surge a <strong>RTP Not\u00edcias<\/strong>, canal que voltou a crescer uma d\u00e9cima no \u00faltimo m\u00eas.<\/p>\n<p>Na primeira posi\u00e7\u00e3o, e como habitualmente, surge a <strong>CMTV<\/strong>, no \u00faltimo m\u00eas acompanhada em m\u00e9dia por 104,5 mil telespectadores<\/p>\n<p>No ranking dos canais mais vistos, destaque ainda para <strong>Globo, StarChannel, Hollywood, SIC Mulher <\/strong>e <strong>StarMovies<\/strong>. <\/p>\n<p>Este m\u00eas, a <strong>SportTV 5<\/strong> tamb\u00e9m integra o ranking dos 20 canais mais vistos, na 17\u00aa posi\u00e7\u00e3o, duas acima da preenchida pela SportTV+ no m\u00eas anterior<\/p>\n<p><img loading=\"lazy\" decoding=\"async\" class=\"alignnone size-full wp-image-1922346\" src=\"https:\/\/www.europesays.com\/pt\/wp-content\/uploads\/2026\/07\/top-15-programas-pay-tv.jpg\" alt=\"\" width=\"1047\" height=\"685\"\/><\/p>\n<p>Entre os programas mais vistos do cabo, este m\u00eas h\u00e1 novidades, com Liga Placard Benfica X Sporting (<strong>Canal 11)<\/strong> na primeira posi\u00e7\u00e3o, a <strong>SIC Mulher<\/strong> a marcar presen\u00e7a duas vezes e o programa As Contas, de Jos\u00e9 Gomes Ferreira na <strong>SIC Not\u00edcias,<\/strong> a fechar o ranking.<\/p>\n<p><img loading=\"lazy\" decoding=\"async\" class=\"alignnone size-full wp-image-1922346\" src=\"https:\/\/www.europesays.com\/pt\/wp-content\/uploads\/2026\/07\/top-15-programas-pay-tv.jpg\" alt=\"\" width=\"1047\" height=\"685\"\/><\/p>\n<p>jjjj<\/p>\n<p><img loading=\"lazy\" decoding=\"async\" class=\"alignnone size-full wp-image-1922342\" src=\"https:\/\/www.europesays.com\/pt\/wp-content\/uploads\/2026\/07\/curva-de-consumo.jpg\" alt=\"\" width=\"1085\" height=\"546\"\/><\/p>\n<p><img loading=\"lazy\" decoding=\"async\" class=\"alignnone size-full wp-image-1922344\" src=\"https:\/\/www.europesays.com\/pt\/wp-content\/uploads\/2026\/07\/share-de-audiencia.jpg\" alt=\"\" width=\"1085\" height=\"531\"\/><\/p>\n<p><strong>Nota T\u00e9cnica para a produ\u00e7\u00e3o da Analise Evolutiva e Mensal<\/strong><br \/><strong>Dados:<\/strong> Yumi \/ Caem_TV Fonte: Mediamonitor\/ GFK<br \/><strong>Outros:<\/strong> V\u00eddeo, DVD, VHS, Blu-Ray, Sat\u00e9lite, Consolas, unmatch (al\u00e9m dos 150 canais medidos e o time-shift com um delay de sete dias), plataforma dos operadores (video-clube, jogos)<br \/><strong>Aud. Total:<\/strong> Percentagem de indiv\u00edduos que contactaram um canal, pelo menos uma vez.<br \/><strong>Aud. M\u00e9dia:<\/strong> Audi\u00eancia prov\u00e1vel que contacta com o canal em qualquer momento do per\u00edodo respetivo.<br \/><strong>Tempo m\u00e9dio despendido:<\/strong> M\u00e9dia do tempo que cada indiv\u00edduo contactado despendeu com um canal num determinado per\u00edodo.<br \/><strong>Share Aud.:<\/strong> Percentagem de tempo que \u00e9 despendido a ver um dado canal relativamente ao tempo total de vis\u00e3o do meio (televis\u00e3o) num determinado per\u00edodo.<\/p>\n<p>Top produzido para programas \u201cNet\u201d (TeleReport), com dura\u00e7\u00e3o superior a tr\u00eas minutos. Audi\u00eancia corresponde \u00e0 m\u00e9dia ponderada das partes do programa. N\u00e3o s\u00e3o considerados como programas: Sorteios e Tempo de Antena.<\/p>\n","protected":false},"excerpt":{"rendered":"Escolha o ECO como fonte preferida no Google Escolher \u203a Quatro d\u00e9cimas continuam a separar a SIC e&hellip;\n","protected":false},"author":2,"featured_media":442891,"comment_status":"","ping_status":"","sticky":false,"template":"","format":"standard","meta":{"footnotes":"","_share_on_mastodon":"0"},"categories":[142],"tags":[1484,114,115,715,12632,1229,32,33,218,151],"class_list":["post-442890","post","type-post","status-publish","format-standard","has-post-thumbnail","category-tv","tag-m","tag-entertainment","tag-entretenimento","tag-media","tag-mundial-2026","tag-negocios-m","tag-portugal","tag-pt","tag-televisao","tag-tv"],"share_on_mastodon":{"url":"https:\/\/pubeurope.com\/@pt\/116879910525335382","error":""},"_links":{"self":[{"href":"https:\/\/www.europesays.com\/pt\/wp-json\/wp\/v2\/posts\/442890","targetHints":{"allow":["GET"]}}],"collection":[{"href":"https:\/\/www.europesays.com\/pt\/wp-json\/wp\/v2\/posts"}],"about":[{"href":"https:\/\/www.europesays.com\/pt\/wp-json\/wp\/v2\/types\/post"}],"author":[{"embeddable":true,"href":"https:\/\/www.europesays.com\/pt\/wp-json\/wp\/v2\/users\/2"}],"replies":[{"embeddable":true,"href":"https:\/\/www.europesays.com\/pt\/wp-json\/wp\/v2\/comments?post=442890"}],"version-history":[{"count":0,"href":"https:\/\/www.europesays.com\/pt\/wp-json\/wp\/v2\/posts\/442890\/revisions"}],"wp:featuredmedia":[{"embeddable":true,"href":"https:\/\/www.europesays.com\/pt\/wp-json\/wp\/v2\/media\/442891"}],"wp:attachment":[{"href":"https:\/\/www.europesays.com\/pt\/wp-json\/wp\/v2\/media?parent=442890"}],"wp:term":[{"taxonomy":"category","embeddable":true,"href":"https:\/\/www.europesays.com\/pt\/wp-json\/wp\/v2\/categories?post=442890"},{"taxonomy":"post_tag","embeddable":true,"href":"https:\/\/www.europesays.com\/pt\/wp-json\/wp\/v2\/tags?post=442890"}],"curies":[{"name":"wp","href":"https:\/\/api.w.org\/{rel}","templated":true}]}}