{"id":443066,"date":"2026-07-07T20:49:21","date_gmt":"2026-07-07T20:49:21","guid":{"rendered":"https:\/\/www.europesays.com\/pt\/443066\/"},"modified":"2026-07-07T20:49:21","modified_gmt":"2026-07-07T20:49:21","slug":"francesco-farioli-elogia-reforco-do-fc-porto-esta-motivado-e-feliz","status":"publish","type":"post","link":"https:\/\/www.europesays.com\/pt\/443066\/","title":{"rendered":"Francesco Farioli elogia refor\u00e7o do FC Porto: \u00abEst\u00e1 motivado e feliz\u00bb"},"content":{"rendered":"<p>&#8211; Advertisement &#8211;<\/p>\n<p><strong>Francesco Farioli deixou alguns elogios a Andr\u00e9 Silva, ponta de lan\u00e7a que se juntou ao FC Porto nas \u00faltimas semanas.<\/strong><\/p>\n<p class=\"wp-block-paragraph\">Francesco Farioli esteve presente na sala de imprensa do Olival durante esta ter\u00e7a-feira e abordou alguns temas. O treinador deixou elogios a Andr\u00e9 Silva, que regressou ao Drag\u00e3o:<\/p>\n<p class=\"wp-block-paragraph\">\u00abAndr\u00e9 Silva foi uma das negocia\u00e7\u00f5es mais f\u00e1ceis de sempre. Est\u00e1 muito motivado e feliz, chegou numa excelente forma, marcou um grande golo de bicicleta, a conex\u00e3o com a realidade do FC Porto \u00e9 muito grande, queria muito vir. Foi uma das negocia\u00e7\u00f5es mais f\u00e1ceis de sempre, foi tudo muito r\u00e1pido\u00bb.<\/p>\n<p class=\"wp-block-paragraph\">O t\u00e9cnico elogiou <a href=\"https:\/\/bolanarede.pt\/etiqueta\/diogo-costa\/\" target=\"_blank\" rel=\"noreferrer noopener nofollow\">Diogo Costa<\/a>:<\/p>\n<p class=\"wp-block-paragraph\">\u00abJ\u00e1 disse que n\u00e3o quero atrair interesse de outros clubes, vai voltar em breve, depois fechamos o aeroporto, a estrada [risos]. Desejo-lhe o melhor, espero que seja aqui\u00bb.<\/p>\n","protected":false},"excerpt":{"rendered":"&#8211; Advertisement &#8211; Francesco Farioli deixou alguns elogios a Andr\u00e9 Silva, ponta de lan\u00e7a que se juntou ao&hellip;\n","protected":false},"author":2,"featured_media":393581,"comment_status":"","ping_status":"","sticky":false,"template":"","format":"standard","meta":{"footnotes":"","_share_on_mastodon":"0"},"categories":[8],"tags":[4956,260,27,28,478,282,15,16,14,25,26,21,22,12,13,19,20,32,479,23,24,33,17,18,29,30,31],"class_list":["post-443066","post","type-post","status-publish","format-standard","has-post-thumbnail","category-principais-noticias","tag-andre-silva","tag-atualidade","tag-breaking-news","tag-breakingnews","tag-destaques-bnr","tag-fc-porto","tag-featured-news","tag-featurednews","tag-headlines","tag-latest-news","tag-latestnews","tag-main-news","tag-mainnews","tag-news","tag-noticias","tag-noticias-principais","tag-noticiasprincipais","tag-portugal","tag-primeira-liga","tag-principais-noticias","tag-principaisnoticias","tag-pt","tag-top-stories","tag-topstories","tag-ultimas","tag-ultimas-noticias","tag-ultimasnoticias"],"share_on_mastodon":{"url":"https:\/\/pubeurope.com\/@pt\/116880668520810082","error":""},"_links":{"self":[{"href":"https:\/\/www.europesays.com\/pt\/wp-json\/wp\/v2\/posts\/443066","targetHints":{"allow":["GET"]}}],"collection":[{"href":"https:\/\/www.europesays.com\/pt\/wp-json\/wp\/v2\/posts"}],"about":[{"href":"https:\/\/www.europesays.com\/pt\/wp-json\/wp\/v2\/types\/post"}],"author":[{"embeddable":true,"href":"https:\/\/www.europesays.com\/pt\/wp-json\/wp\/v2\/users\/2"}],"replies":[{"embeddable":true,"href":"https:\/\/www.europesays.com\/pt\/wp-json\/wp\/v2\/comments?post=443066"}],"version-history":[{"count":0,"href":"https:\/\/www.europesays.com\/pt\/wp-json\/wp\/v2\/posts\/443066\/revisions"}],"wp:featuredmedia":[{"embeddable":true,"href":"https:\/\/www.europesays.com\/pt\/wp-json\/wp\/v2\/media\/393581"}],"wp:attachment":[{"href":"https:\/\/www.europesays.com\/pt\/wp-json\/wp\/v2\/media?parent=443066"}],"wp:term":[{"taxonomy":"category","embeddable":true,"href":"https:\/\/www.europesays.com\/pt\/wp-json\/wp\/v2\/categories?post=443066"},{"taxonomy":"post_tag","embeddable":true,"href":"https:\/\/www.europesays.com\/pt\/wp-json\/wp\/v2\/tags?post=443066"}],"curies":[{"name":"wp","href":"https:\/\/api.w.org\/{rel}","templated":true}]}}