{"id":443205,"date":"2026-07-07T23:51:18","date_gmt":"2026-07-07T23:51:18","guid":{"rendered":"https:\/\/www.europesays.com\/pt\/443205\/"},"modified":"2026-07-07T23:51:18","modified_gmt":"2026-07-07T23:51:18","slug":"arrepiante-pai-em-luto-recorda-frase-que-sempre-ouviu-do-filho-eu-vou-morrer-primeiro-do-que-tu-dois-as-10","status":"publish","type":"post","link":"https:\/\/www.europesays.com\/pt\/443205\/","title":{"rendered":"Arrepiante. Pai em luto recorda frase que sempre ouviu do filho: \u00abEu vou morrer primeiro do que tu\u00bb &#8211; Dois \u00e0s 10"},"content":{"rendered":"<p>                             A vida de Eduardo Costa mudou para sempre a 23 de setembro de 2023. O filho mais velho, Ricardo, morreu aos 41 anos, na sequ\u00eancia de um acidente de bicicleta quando seguia rumo a F\u00e1tima, uma das suas grandes paix\u00f5es.<\/p>\n<p data-end=\"321\" data-start=\"105\">No programa <strong data-end=\"351\" data-start=\"335\">&#8220;Dois \u00e0s 10&#8221;<\/strong>, da TVI, Eduardo abriu o cora\u00e7\u00e3o e recordou a rela\u00e7\u00e3o de enorme cumplicidade que tinha com o filho, revelando uma frase que hoje ganha um significado arrepiante.\u00a0<strong data-end=\"679\" data-start=\"515\">\u00abDizia-lhe que ia chorar muito quando eu morresse. Ele dizia: &#8220;Tens raz\u00e3o, eu vou chorar muito quando morreres, mas deixa l\u00e1 que vou morrer primeiro do que tu&#8221;\u00bb<\/strong>, contou, emocionado.<\/p>\n<p data-end=\"1010\" data-start=\"792\">O acidente aconteceu durante um passeio de bicicleta. Ricardo foi transportado de helic\u00f3ptero e ambul\u00e2ncia para o Hospital de S\u00e3o Jos\u00e9, em Lisboa, mas j\u00e1 chegou em estado cr\u00edtico, ligado \u00e0s m\u00e1quinas de suporte de vida.<\/p>\n<p data-end=\"1149\" data-start=\"1012\">Al\u00e9m da dor da perda, Eduardo teve de enfrentar um dos momentos mais dif\u00edceis da sua vida: contar aos dois netos que o pai tinha morrido. Segundo recordou, Ricardo era um homem ativo, apaixonado pelo desporto, bem-disposto e solid\u00e1rio. As \u00faltimas palavras que ouviu do filho ficaram igualmente gravadas na mem\u00f3ria.\u00a0<strong data-end=\"1354\" data-start=\"1329\">\u00abVamos falando, pai.\u00bb<\/strong><\/p>\n<p data-end=\"1445\" data-start=\"1356\">Depois da morte de Ricardo, Eduardo admite que a sua vida ficou completamente paralisada.\u00a0<strong data-end=\"1499\" data-start=\"1447\">\u00abA minha vida paralisou, tudo era um sacrif\u00edcio\u00bb<\/strong>, revelou, explicando que precisou de acompanhamento psiqui\u00e1trico e medica\u00e7\u00e3o para conseguir lidar com o luto.<\/p>\n<p data-end=\"1729\" data-start=\"1611\">Atualmente, j\u00e1 n\u00e3o faz terapia, mas mant\u00e9m um ritual que nunca falha: visita a campa do filho todos os fins de semana.<\/p>\n<p data-end=\"1957\" data-start=\"1731\">Para preservar a mem\u00f3ria de Ricardo, Eduardo escreveu ainda o livro <strong data-end=\"1823\" data-start=\"1799\">&#8220;Vamos Falando, Pai&#8221;<\/strong>, onde re\u00fane testemunhos de familiares e amigos sobre o filho e presta homenagem \u00e0quele que continua a considerar o seu maior orgulho.<\/p>\n<p data-end=\"2161\" data-is-last-node=\"\" data-is-only-node=\"\" data-start=\"1959\">Hoje, apesar da dor permanecer, continua a acreditar que um dia voltar\u00e1 a reencontrar o filho. At\u00e9 l\u00e1, guarda no cora\u00e7\u00e3o todas as mem\u00f3rias&#8230; e aquela frase que nunca imaginou vir a tornar-se realidade<\/p>\n","protected":false},"excerpt":{"rendered":"A vida de Eduardo Costa mudou para sempre a 23 de setembro de 2023. O filho mais velho,&hellip;\n","protected":false},"author":2,"featured_media":443206,"comment_status":"","ping_status":"","sticky":false,"template":"","format":"standard","meta":{"footnotes":"","_share_on_mastodon":"0"},"categories":[85],"tags":[59,329,166,3412,3406,3409,801,3410,3411,3407,3408,2666,114,115,1339,3413,338,32,33,162],"class_list":["post-443205","post","type-post","status-publish","format-standard","has-post-thumbnail","category-entretenimento","tag-acidente","tag-claudio-ramos","tag-cristina-ferreira","tag-dois-10","tag-dois-a-s-10-dois-a-s-10","tag-dois-a-s-dez","tag-dois-as-10","tag-dois-as-dez","tag-dois-dez","tag-doisas10","tag-doisasdez","tag-eduardo","tag-entertainment","tag-entretenimento","tag-luto","tag-manha-tvi","tag-maria-botelho-moniz","tag-portugal","tag-pt","tag-tvi"],"share_on_mastodon":{"url":"https:\/\/pubeurope.com\/@pt\/116881384208253142","error":""},"_links":{"self":[{"href":"https:\/\/www.europesays.com\/pt\/wp-json\/wp\/v2\/posts\/443205","targetHints":{"allow":["GET"]}}],"collection":[{"href":"https:\/\/www.europesays.com\/pt\/wp-json\/wp\/v2\/posts"}],"about":[{"href":"https:\/\/www.europesays.com\/pt\/wp-json\/wp\/v2\/types\/post"}],"author":[{"embeddable":true,"href":"https:\/\/www.europesays.com\/pt\/wp-json\/wp\/v2\/users\/2"}],"replies":[{"embeddable":true,"href":"https:\/\/www.europesays.com\/pt\/wp-json\/wp\/v2\/comments?post=443205"}],"version-history":[{"count":0,"href":"https:\/\/www.europesays.com\/pt\/wp-json\/wp\/v2\/posts\/443205\/revisions"}],"wp:featuredmedia":[{"embeddable":true,"href":"https:\/\/www.europesays.com\/pt\/wp-json\/wp\/v2\/media\/443206"}],"wp:attachment":[{"href":"https:\/\/www.europesays.com\/pt\/wp-json\/wp\/v2\/media?parent=443205"}],"wp:term":[{"taxonomy":"category","embeddable":true,"href":"https:\/\/www.europesays.com\/pt\/wp-json\/wp\/v2\/categories?post=443205"},{"taxonomy":"post_tag","embeddable":true,"href":"https:\/\/www.europesays.com\/pt\/wp-json\/wp\/v2\/tags?post=443205"}],"curies":[{"name":"wp","href":"https:\/\/api.w.org\/{rel}","templated":true}]}}