{"id":44321,"date":"2025-08-25T14:05:21","date_gmt":"2025-08-25T14:05:21","guid":{"rendered":"https:\/\/www.europesays.com\/pt\/44321\/"},"modified":"2025-08-25T14:05:21","modified_gmt":"2025-08-25T14:05:21","slug":"influenciador-que-saiu-do-armario-e-ex-jogador-estao-na-lista-diz-site","status":"publish","type":"post","link":"https:\/\/www.europesays.com\/pt\/44321\/","title":{"rendered":"Influenciador que saiu do arm\u00e1rio e ex-jogador est\u00e3o na lista; diz site"},"content":{"rendered":"<p>\n                        As listas com os poss\u00edveis nomes de famosos que estar\u00e3o em A fazenda 17 s\u00f3 aumenta, agora, um influenciador que saiu recentemente do arm\u00e1rio e um ex-jogador est\u00e3o confirmados por um site\n                    <\/p>\n<p class=\"text\">O elenco de <strong>A Fazenda 17<\/strong> come\u00e7a a ser revelado e j\u00e1 desperta grande expectativa entre os f\u00e3s. Segundo apura\u00e7\u00e3o do Portal <strong>LeoDias<\/strong>, dois novos participantes foram confirmados: um ex-jogador da Sele\u00e7\u00e3o Brasileira campe\u00e3o do mundo em 2002 e um influenciador digital com mais de 11,2 milh\u00f5es de seguidores. A presen\u00e7a deles refor\u00e7a a tradi\u00e7\u00e3o do reality em reunir figuras p\u00fablicas de destaque, que prometem agitar o confinamento com suas hist\u00f3rias e personalidades marcantes.<\/p>\n<p><img loading=\"lazy\" decoding=\"async\" alt=\"A Fazenda 17: Influenciador que saiu do arm\u00e1rio e ex\" class=\"img-a1859bb6602061343f74f6b4bd2c4fa149l3v1yq\" height=\"435\" src=\"https:\/\/www.europesays.com\/pt\/wp-content\/uploads\/2025\/08\/2143347112-a-fazenda-17-influenciador-que-saiu-do-armario-e-ex-jogador-estao-na-lista-diz-site.png\"  title=\"A Fazenda 17: Influenciador que saiu do arm\u00e1rio e ex\" width=\"774\"\/><\/p>\n<p>A Fazenda 17: Influenciador que saiu do arm\u00e1rio e ex<\/p>\n<p>Foto: jogador est\u00e3o na lista; diz site \/ Record \/ Contigo<\/p>\n<p class=\"text\">O ex-atacante \u00e9 <strong>Ed\u00edlson Capetinha<\/strong>, conhecido por conquistar t\u00edtulos em clubes como <strong>Flamengo<\/strong>, <strong>Corinthians<\/strong>, <strong>Palmeiras<\/strong> e <strong>Vit\u00f3ria<\/strong>. Em 2020, ele chegou a receber convite para participar do reality, mas recusou devido a compromissos com o programa &#8220;Donos da Bola&#8221;, da <strong>Band<\/strong>. &#8220;Fiquei muito honrado com o convite, mas precisava cumprir meus compromissos profissionais na \u00e9poca&#8221;, explicou. Agora, o ex-jogador se prepara para mostrar uma nova faceta dentro do reality, mantendo a tradi\u00e7\u00e3o de ex-atletas no programa e atraindo f\u00e3s de sua carreira.<\/p>\n<p class=\"text\">Veja quem \u00e9 o Capetinha:<\/p>\n<blockquote class=\"instagram-media\" data-instgrm-captioned=\"\" data-instgrm-permalink=\"https:\/\/www.instagram.com\/reel\/DKe65HjJ_NE\/?utm_source=ig_embed&amp;utm_campaign=loading\" data-instgrm-version=\"14\" style=\"background: #FFF; border: 0; border-radius: 3px; box-shadow: 0 0 1px 0 rgba(0,0,0,0.5),0 1px 10px 0 rgba(0,0,0,0.15); margin: 1px; max-width: 540px; min-width: 326px; padding: 0; width: calc(100% - 2px);\">\n<\/blockquote>\n<p>Influenciador e familiares confirmados<\/p>\n<p class=\"text\">Outro nome confirmado \u00e9 o influenciador <strong>Gustavo Rocha<\/strong>, que acumula mais de 11,2 milh\u00f5es de seguidores nas redes sociais. Ele esteve envolvido em pol\u00eamicas ap\u00f3s o t\u00e9rmino conturbado com <strong>\u00c1lvaro Xaro<\/strong> no final de 2024.\u00a0Gustavo j\u00e1 havia sido cotado anteriormente, junto com o irm\u00e3o g\u00eameo <strong>T\u00falio Rocha<\/strong>, mas far\u00e1 sua estreia solo na edi\u00e7\u00e3o deste ano, prometendo movimentar as redes sociais e o reality.<\/p>\n<blockquote class=\"instagram-media\" data-instgrm-captioned=\"\" data-instgrm-permalink=\"https:\/\/www.instagram.com\/p\/DM3L4-zPOs-\/?utm_source=ig_embed&amp;utm_campaign=loading\" data-instgrm-version=\"14\" style=\"background: #FFF; border: 0; border-radius: 3px; box-shadow: 0 0 1px 0 rgba(0,0,0,0.5),0 1px 10px 0 rgba(0,0,0,0.15); margin: 1px; max-width: 540px; min-width: 326px; padding: 0; width: calc(100% - 2px);\">\n<\/blockquote>\n<p class=\"text\">Os dois se juntam a outros nomes confirmados, como <strong>Fabiano Moraes<\/strong>, pai da influenciadora <strong>Viih Tube<\/strong>, e <strong>Tamires Assis<\/strong>, musa do boi <strong>Garantido<\/strong>, do Festival de Parintins. A produ\u00e7\u00e3o ainda definir\u00e1 os 20 pe\u00f5es restantes, que incluir\u00e3o artistas, influenciadores e personalidades do esporte.<\/p>\n<p>                            <script async src=\"\/\/www.instagram.com\/embed.js\"><\/script><\/p>\n","protected":false},"excerpt":{"rendered":"As listas com os poss\u00edveis nomes de famosos que estar\u00e3o em A fazenda 17 s\u00f3 aumenta, agora, um&hellip;\n","protected":false},"author":2,"featured_media":44322,"comment_status":"","ping_status":"","sticky":false,"template":"","format":"standard","meta":{"footnotes":""},"categories":[142],"tags":[114,115,32,33,151],"class_list":{"0":"post-44321","1":"post","2":"type-post","3":"status-publish","4":"format-standard","5":"has-post-thumbnail","7":"category-tv","8":"tag-entertainment","9":"tag-entretenimento","10":"tag-portugal","11":"tag-pt","12":"tag-tv"},"share_on_mastodon":{"url":"","error":""},"_links":{"self":[{"href":"https:\/\/www.europesays.com\/pt\/wp-json\/wp\/v2\/posts\/44321","targetHints":{"allow":["GET"]}}],"collection":[{"href":"https:\/\/www.europesays.com\/pt\/wp-json\/wp\/v2\/posts"}],"about":[{"href":"https:\/\/www.europesays.com\/pt\/wp-json\/wp\/v2\/types\/post"}],"author":[{"embeddable":true,"href":"https:\/\/www.europesays.com\/pt\/wp-json\/wp\/v2\/users\/2"}],"replies":[{"embeddable":true,"href":"https:\/\/www.europesays.com\/pt\/wp-json\/wp\/v2\/comments?post=44321"}],"version-history":[{"count":0,"href":"https:\/\/www.europesays.com\/pt\/wp-json\/wp\/v2\/posts\/44321\/revisions"}],"wp:featuredmedia":[{"embeddable":true,"href":"https:\/\/www.europesays.com\/pt\/wp-json\/wp\/v2\/media\/44322"}],"wp:attachment":[{"href":"https:\/\/www.europesays.com\/pt\/wp-json\/wp\/v2\/media?parent=44321"}],"wp:term":[{"taxonomy":"category","embeddable":true,"href":"https:\/\/www.europesays.com\/pt\/wp-json\/wp\/v2\/categories?post=44321"},{"taxonomy":"post_tag","embeddable":true,"href":"https:\/\/www.europesays.com\/pt\/wp-json\/wp\/v2\/tags?post=44321"}],"curies":[{"name":"wp","href":"https:\/\/api.w.org\/{rel}","templated":true}]}}