{"id":443452,"date":"2026-07-08T09:46:39","date_gmt":"2026-07-08T09:46:39","guid":{"rendered":"https:\/\/www.europesays.com\/pt\/443452\/"},"modified":"2026-07-08T09:46:39","modified_gmt":"2026-07-08T09:46:39","slug":"irs-escolheu-a-tributacao-conjunta-saiba-como-funciona-a-liquidacao","status":"publish","type":"post","link":"https:\/\/www.europesays.com\/pt\/443452\/","title":{"rendered":"IRS: Escolheu a tributa\u00e7\u00e3o conjunta? Saiba como funciona a liquida\u00e7\u00e3o"},"content":{"rendered":"<p>Se, na entrega da declara\u00e7\u00e3o de IRS, optou pela tributa\u00e7\u00e3o conjunta, h\u00e1 alguns aspetos importantes a conhecer relativamente ao processo de liquida\u00e7\u00e3o do imposto.<\/p>\n<p><a target=\"_blank\" href=\"https:\/\/pplware.sapo.pt\/wp-content\/uploads\/2024\/06\/irs_prestacoes00.jpg\" onclick=\"refreshIframe()\" class=\"foobox\" rel=\"nofollow noopener\"><img fetchpriority=\"high\" decoding=\"async\" src=\"https:\/\/www.europesays.com\/pt\/wp-content\/uploads\/2026\/07\/irs_prestacoes00-720x405.jpg\" alt=\"IRS: Escolheu a tributa\u00e7\u00e3o conjunta? Saiba como funciona a liquida\u00e7\u00e3o\" width=\"720\" height=\"405\" class=\"aligncenter wp-image-999199 size-medium\"  \/><\/a><\/p>\n<p>Embora a declara\u00e7\u00e3o seja apresentada em conjunto, a Autoridade Tribut\u00e1ria e Aduaneira (AT) emite apenas uma demonstra\u00e7\u00e3o de liquida\u00e7\u00e3o para o agregado familiar. No entanto, ambos os sujeitos passivos recebem uma notifica\u00e7\u00e3o da liquida\u00e7\u00e3o.<\/p>\n<p>Caso exista imposto a pagar, o pagamento pode ser efetuado por qualquer um dos elementos do casal, n\u00e3o sendo necess\u00e1rio que seja obrigatoriamente realizado pelo titular que submeteu a declara\u00e7\u00e3o.<\/p>\n<p><a target=\"_blank\" href=\"https:\/\/pplware.sapo.pt\/wp-content\/uploads\/2024\/03\/IRS.jpg\" onclick=\"refreshIframe()\" class=\"foobox\" rel=\"nofollow noopener\"><img loading=\"lazy\" decoding=\"async\" src=\"https:\/\/www.europesays.com\/pt\/wp-content\/uploads\/2026\/07\/IRS-720x405.jpg\" alt=\"IRS: Escolheu a tributa\u00e7\u00e3o conjunta? Saiba como funciona a liquida\u00e7\u00e3o\" width=\"720\" height=\"405\" class=\"aligncenter wp-image-979770 size-medium\"  \/><\/a><\/p>\n<p>Em resumo:<\/p>\n<ul>\n<li>Uma \u00fanica demonstra\u00e7\u00e3o de liquida\u00e7\u00e3o \u00e9 emitida para o casal;<\/li>\n<li>Os dois sujeitos passivos s\u00e3o notificados pela Autoridade Tribut\u00e1ria;<\/li>\n<li>O pagamento do imposto pode ser efetuado por qualquer um dos c\u00f4njuges.<\/li>\n<\/ul>\n<p>Esta \u00e9 uma das regras aplic\u00e1veis \u00e0 tributa\u00e7\u00e3o conjunta e evita d\u00favidas frequentes entre os contribuintes durante o per\u00edodo de liquida\u00e7\u00e3o do IRS.<\/p>\n","protected":false},"excerpt":{"rendered":"Se, na entrega da declara\u00e7\u00e3o de IRS, optou pela tributa\u00e7\u00e3o conjunta, h\u00e1 alguns aspetos importantes a conhecer relativamente&hellip;\n","protected":false},"author":2,"featured_media":443453,"comment_status":"","ping_status":"","sticky":false,"template":"","format":"standard","meta":{"footnotes":"","_share_on_mastodon":"0"},"categories":[83],"tags":[88,89,90,4306,71333,32,33],"class_list":["post-443452","post","type-post","status-publish","format-standard","has-post-thumbnail","category-empresas","tag-business","tag-economy","tag-empresas","tag-irs","tag-liquidacao","tag-portugal","tag-pt"],"share_on_mastodon":{"url":"https:\/\/pubeurope.com\/@pt\/116883724369960520","error":""},"_links":{"self":[{"href":"https:\/\/www.europesays.com\/pt\/wp-json\/wp\/v2\/posts\/443452","targetHints":{"allow":["GET"]}}],"collection":[{"href":"https:\/\/www.europesays.com\/pt\/wp-json\/wp\/v2\/posts"}],"about":[{"href":"https:\/\/www.europesays.com\/pt\/wp-json\/wp\/v2\/types\/post"}],"author":[{"embeddable":true,"href":"https:\/\/www.europesays.com\/pt\/wp-json\/wp\/v2\/users\/2"}],"replies":[{"embeddable":true,"href":"https:\/\/www.europesays.com\/pt\/wp-json\/wp\/v2\/comments?post=443452"}],"version-history":[{"count":0,"href":"https:\/\/www.europesays.com\/pt\/wp-json\/wp\/v2\/posts\/443452\/revisions"}],"wp:featuredmedia":[{"embeddable":true,"href":"https:\/\/www.europesays.com\/pt\/wp-json\/wp\/v2\/media\/443453"}],"wp:attachment":[{"href":"https:\/\/www.europesays.com\/pt\/wp-json\/wp\/v2\/media?parent=443452"}],"wp:term":[{"taxonomy":"category","embeddable":true,"href":"https:\/\/www.europesays.com\/pt\/wp-json\/wp\/v2\/categories?post=443452"},{"taxonomy":"post_tag","embeddable":true,"href":"https:\/\/www.europesays.com\/pt\/wp-json\/wp\/v2\/tags?post=443452"}],"curies":[{"name":"wp","href":"https:\/\/api.w.org\/{rel}","templated":true}]}}