{"id":443603,"date":"2026-07-08T12:37:18","date_gmt":"2026-07-08T12:37:18","guid":{"rendered":"https:\/\/www.europesays.com\/pt\/443603\/"},"modified":"2026-07-08T12:37:18","modified_gmt":"2026-07-08T12:37:18","slug":"almada-proibe-gastos-de-agua-nao-essenciais-para-repor-reservas-e-combater-falhas-de-abastecimento","status":"publish","type":"post","link":"https:\/\/www.europesays.com\/pt\/443603\/","title":{"rendered":"Almada pro\u00edbe gastos de \u00e1gua n\u00e3o essenciais para repor reservas e combater falhas de abastecimento"},"content":{"rendered":"<p>A C\u00e2mara de Almada vai proibir alguns gastos de \u00e1gua n\u00e3o essenciais para restabelecer reservas, anunciou esta ter\u00e7a-feira (7 de julho) a presidente, esperando que no prazo de \u201cduas a tr\u00eas semanas\u201d seja poss\u00edvel ultrapassar sucessivas falhas de abastecimento no munic\u00edpio.<\/p>\n<p>\u201c<strong>Vamos ter que ser ainda mais rigorosos e proibir mesmo qualquer rega, n\u00e3o \u00e9 apenas a p\u00fablica, a privada, para ver se no espa\u00e7o de duas semanas, tr\u00eas, conseguimos recuperar alguma folga\u201d<\/strong>, afirmou In\u00eas de Medeiros, em declara\u00e7\u00f5es \u00e0 Lusa.<\/p>\n<p>A autarca socialista falava ap\u00f3s mais uma reuni\u00e3o com os Servi\u00e7os Municipalizados de \u00c1gua e Saneamento (SMAS), Ag\u00eancia Portuguesa do Ambiente (APA) e Entidade Reguladora dos Servi\u00e7os de \u00c1guas e Res\u00edduos (ERSAR) para debaterem a situa\u00e7\u00e3o no concelho.<\/p>\n<p>A presidente da c\u00e2mara disse ainda que j\u00e1 est\u00e1 \u201cem marcha todo um sistema de distribui\u00e7\u00e3o de \u00e1gua por cisterna para as zonas mais cr\u00edticas, para poder fornecer \u00e1gua \u00e0s popula\u00e7\u00f5es, naturalmente garantindo sempre o fornecimento de \u00e1gua aos equipamentos mais fr\u00e1geis\u201d.<\/p>\n<p>Isto acompanhado do lan\u00e7amento de \u201cuma grande campanha de fiscaliza\u00e7\u00e3o\u201d a tudo o que seja \u201cdesvio indevido de \u00e1gua\u201d, que \u201ctamb\u00e9m aumentou muito\u201d, acrescentou.<\/p>\n","protected":false},"excerpt":{"rendered":"A C\u00e2mara de Almada vai proibir alguns gastos de \u00e1gua n\u00e3o essenciais para restabelecer reservas, anunciou esta ter\u00e7a-feira&hellip;\n","protected":false},"author":2,"featured_media":443604,"comment_status":"","ping_status":"","sticky":false,"template":"","format":"standard","meta":{"footnotes":"","_share_on_mastodon":"0"},"categories":[8],"tags":[1467,7087,27,28,2834,15,16,14,33662,25,26,21,22,12,13,19,20,4111,32,23,24,33,17,18,29,30,31],"class_list":["post-443603","post","type-post","status-publish","format-standard","has-post-thumbnail","category-principais-noticias","tag-agua","tag-almada","tag-breaking-news","tag-breakingnews","tag-calor","tag-featured-news","tag-featurednews","tag-headlines","tag-ines-de-medeiros","tag-latest-news","tag-latestnews","tag-main-news","tag-mainnews","tag-news","tag-noticias","tag-noticias-principais","tag-noticiasprincipais","tag-onda-de-calor","tag-portugal","tag-principais-noticias","tag-principaisnoticias","tag-pt","tag-top-stories","tag-topstories","tag-ultimas","tag-ultimas-noticias","tag-ultimasnoticias"],"share_on_mastodon":{"url":"https:\/\/pubeurope.com\/@pt\/116884396684022120","error":""},"_links":{"self":[{"href":"https:\/\/www.europesays.com\/pt\/wp-json\/wp\/v2\/posts\/443603","targetHints":{"allow":["GET"]}}],"collection":[{"href":"https:\/\/www.europesays.com\/pt\/wp-json\/wp\/v2\/posts"}],"about":[{"href":"https:\/\/www.europesays.com\/pt\/wp-json\/wp\/v2\/types\/post"}],"author":[{"embeddable":true,"href":"https:\/\/www.europesays.com\/pt\/wp-json\/wp\/v2\/users\/2"}],"replies":[{"embeddable":true,"href":"https:\/\/www.europesays.com\/pt\/wp-json\/wp\/v2\/comments?post=443603"}],"version-history":[{"count":0,"href":"https:\/\/www.europesays.com\/pt\/wp-json\/wp\/v2\/posts\/443603\/revisions"}],"wp:featuredmedia":[{"embeddable":true,"href":"https:\/\/www.europesays.com\/pt\/wp-json\/wp\/v2\/media\/443604"}],"wp:attachment":[{"href":"https:\/\/www.europesays.com\/pt\/wp-json\/wp\/v2\/media?parent=443603"}],"wp:term":[{"taxonomy":"category","embeddable":true,"href":"https:\/\/www.europesays.com\/pt\/wp-json\/wp\/v2\/categories?post=443603"},{"taxonomy":"post_tag","embeddable":true,"href":"https:\/\/www.europesays.com\/pt\/wp-json\/wp\/v2\/tags?post=443603"}],"curies":[{"name":"wp","href":"https:\/\/api.w.org\/{rel}","templated":true}]}}