{"id":443637,"date":"2026-07-08T13:36:12","date_gmt":"2026-07-08T13:36:12","guid":{"rendered":"https:\/\/www.europesays.com\/pt\/443637\/"},"modified":"2026-07-08T13:36:12","modified_gmt":"2026-07-08T13:36:12","slug":"camila-queiroz-explica-por-que-congelou-celulas-tronco-da-filha-celebridades","status":"publish","type":"post","link":"https:\/\/www.europesays.com\/pt\/443637\/","title":{"rendered":"Camila Queiroz explica por que congelou c\u00e9lulas-tronco da filha | Celebridades"},"content":{"rendered":"<p>Camila Queiroz celebra anivers\u00e1rio com Klebber Toledo e a filha ClaraReprodu\u00e7\u00e3o \/ Instagram<\/p>\n<p>Rio &#8211;\u00a0Camila Queiroz compartilhou com os seguidores, nesta ter\u00e7a-feira (7), a decis\u00e3o de armazenar c\u00e9lulas-tronco da filha Clara, fruto do casamento com Klebber Toledo. Pelos stories do Instagram, a atriz explicou que o procedimento foi feito no momento do parto e afirmou que a escolha foi tomada ap\u00f3s pesquisa e conversas com sua obstetra.<\/p>\n<p>Segundo Camila, o assunto passou a despertar ainda mais interesse durante a gravidez. \u201cComecei a pesquisar muito sobre a coleta das c\u00e9lulas-tronco do beb\u00ea e os benef\u00edcios disso\u201d, disse ela.<\/p>\n<p>A atriz contou que buscou orienta\u00e7\u00e3o m\u00e9dica antes de tomar a decis\u00e3o. \u201cEu perguntei muitas vezes para a minha obstetra, fui atr\u00e1s, me informei pra caramba, e ela sempre me dava respostas muito otimistas, muito positivas, inclusive sobre estudos que ainda continuam acontecendo. Hoje, a gente j\u00e1 tem milhares de transplantes que foram realizados e diversas aplica\u00e7\u00f5es das c\u00e9lulas-tronco\u201d, explicou.<\/p>\n<p>Camila disse que a escolha foi feita por ela e Klebber com foco em poss\u00edveis necessidades futuras de Clara, que nasceu em dezembro de 2025. \u201cPara n\u00f3s, foi uma escolha muito consciente, muito pensada e pensando principalmente no futuro da Clara. Mam\u00e3es e papais que est\u00e3o agora nesse momento de tomar essa decis\u00e3o, deem uma pesquisada, perguntem para a obstetra de voc\u00eas, se informem mais\u201d, afirmou.<\/p>\n<p>A atriz tamb\u00e9m explicou que a coleta das c\u00e9lulas-tronco pode ser feita a partir do sangue e do tecido do cord\u00e3o umbilical, material que costuma ser descartado depois do nascimento. De acordo com ela, o processo foi r\u00e1pido e tranquilo. \u201c\u00c9 um processo muito simples, muito seguro, n\u00e3o tem risco nenhum nem para a mam\u00e3e, nem para o beb\u00ea. Eu praticamente nem vi a pessoa fazendo essa coleta\u201d, completou.<\/p>\n","protected":false},"excerpt":{"rendered":"Camila Queiroz celebra anivers\u00e1rio com Klebber Toledo e a filha ClaraReprodu\u00e7\u00e3o \/ Instagram Rio &#8211;\u00a0Camila Queiroz compartilhou com&hellip;\n","protected":false},"author":2,"featured_media":443638,"comment_status":"","ping_status":"","sticky":false,"template":"","format":"standard","meta":{"footnotes":"","_share_on_mastodon":"0"},"categories":[145],"tags":[11700,211,210,34318,114,115,1127,26611,32,33],"class_list":["post-443637","post","type-post","status-publish","format-standard","has-post-thumbnail","category-celebridades","tag-camila-queiroz","tag-celebridades","tag-celebrities","tag-celulas-tronco","tag-entertainment","tag-entretenimento","tag-filha","tag-klebber-toledo","tag-portugal","tag-pt"],"share_on_mastodon":{"url":"https:\/\/pubeurope.com\/@pt\/116884628264176254","error":""},"_links":{"self":[{"href":"https:\/\/www.europesays.com\/pt\/wp-json\/wp\/v2\/posts\/443637","targetHints":{"allow":["GET"]}}],"collection":[{"href":"https:\/\/www.europesays.com\/pt\/wp-json\/wp\/v2\/posts"}],"about":[{"href":"https:\/\/www.europesays.com\/pt\/wp-json\/wp\/v2\/types\/post"}],"author":[{"embeddable":true,"href":"https:\/\/www.europesays.com\/pt\/wp-json\/wp\/v2\/users\/2"}],"replies":[{"embeddable":true,"href":"https:\/\/www.europesays.com\/pt\/wp-json\/wp\/v2\/comments?post=443637"}],"version-history":[{"count":0,"href":"https:\/\/www.europesays.com\/pt\/wp-json\/wp\/v2\/posts\/443637\/revisions"}],"wp:featuredmedia":[{"embeddable":true,"href":"https:\/\/www.europesays.com\/pt\/wp-json\/wp\/v2\/media\/443638"}],"wp:attachment":[{"href":"https:\/\/www.europesays.com\/pt\/wp-json\/wp\/v2\/media?parent=443637"}],"wp:term":[{"taxonomy":"category","embeddable":true,"href":"https:\/\/www.europesays.com\/pt\/wp-json\/wp\/v2\/categories?post=443637"},{"taxonomy":"post_tag","embeddable":true,"href":"https:\/\/www.europesays.com\/pt\/wp-json\/wp\/v2\/tags?post=443637"}],"curies":[{"name":"wp","href":"https:\/\/api.w.org\/{rel}","templated":true}]}}