{"id":443666,"date":"2026-07-08T14:13:25","date_gmt":"2026-07-08T14:13:25","guid":{"rendered":"https:\/\/www.europesays.com\/pt\/443666\/"},"modified":"2026-07-08T14:13:25","modified_gmt":"2026-07-08T14:13:25","slug":"joao-ricardo-alvo-de-rumores-da-propria-morte","status":"publish","type":"post","link":"https:\/\/www.europesays.com\/pt\/443666\/","title":{"rendered":"Jo\u00e3o Ricardo alvo de rumores da pr\u00f3pria morte"},"content":{"rendered":"<p><a target=\"_blank\" rel=\"noopener noreferrer nofollow\" href=\"https:\/\/selfie.iol.pt\/famosos\/casa-dos-segredos\/joao-ricardo-apaixonado-por-sara-jesus-esta-e-a-resposta\/20260629\/6a425ec3d34e28842c85b4a7\">Jo\u00e3o Ricardo Ferreira<\/a> est\u00e1 a ser alvo de rumores da pr\u00f3pria morte.<\/p>\n<p>No Instagram, o segundo classificado de &#8220;<a target=\"_blank\" rel=\"noopener noreferrer nofollow\" href=\"https:\/\/tvi.iol.pt\/secretstory\/\">Secret Story<\/a> &#8211; Desafio Final&#8221; reproduziu uma not\u00edcia falsa difundida no Facebook, que d\u00e1 a entender que morreu num acidente de via\u00e7\u00e3o.<\/p>\n<p>Com sentido de humor, Jo\u00e3o Ricardo Ferreira reagiu aos boatos. &#8220;Confirmo! Estou a escrever-vos diretamente do al\u00e9m. Aqui, os dados m\u00f3veis s\u00e3o ilimitados, a rede \u00e9 incr\u00edvel e, ao contr\u00e1rio do que dizem, deixam-nos ficar com o telem\u00f3vel!&#8221;, brincou o ex-concorrente do reality show da <a target=\"_blank\" rel=\"noopener noreferrer nofollow\" href=\"https:\/\/tvi.iol.pt\/\">TVI<\/a>.<\/p>\n<p>Veja, agora, na galeria que prepar\u00e1mos para si, as melhores imagens de <a target=\"_blank\" rel=\"noopener noreferrer nofollow\" href=\"https:\/\/selfie.iol.pt\/famosos\/casa-dos-segredos\/temos-de-ser-sinceros-joao-ricardo-lanca-acusacao-a-pedro-jorge-em-polemica-que-envolve-conhecida-cantora\/20260629\/6a4257c0d34edcee7c65d294\">Jo\u00e3o Ricardo Ferreira<\/a>.<\/p>\n<p>  <img loading=\"lazy\" decoding=\"async\" id=\"6a4d5993d34e511da0b2bc62\" width=\"281\" height=\"500\" src=\"https:\/\/www.europesays.com\/pt\/wp-content\/uploads\/2026\/07\/6a4d5993d34e511da0b2bc62.webp\" alt=\"Jo\u00e3o Ricardo Ferreira reage a rumores de morte\" class=\"internal-pic\"\/> <\/p>\n","protected":false},"excerpt":{"rendered":"Jo\u00e3o Ricardo Ferreira est\u00e1 a ser alvo de rumores da pr\u00f3pria morte. No Instagram, o segundo classificado de&hellip;\n","protected":false},"author":2,"featured_media":443667,"comment_status":"","ping_status":"","sticky":false,"template":"","format":"standard","meta":{"footnotes":"","_share_on_mastodon":"0"},"categories":[85],"tags":[2632,15384,15383,114,115,6309,1169,980,9485,1015,1829,15385,619,32,33,1014,1315,6985,15382,1012,6986,162],"class_list":["post-443666","post","type-post","status-publish","format-standard","has-post-thumbnail","category-entretenimento","tag-casa-dos-segredos","tag-casa-dos-segredos-desafio-final","tag-desafio-final","tag-entertainment","tag-entretenimento","tag-ex-concorrente","tag-facebook","tag-famosos","tag-finalista","tag-instagram","tag-joao-ricardo","tag-joao-ricardo-ferreira","tag-nacional","tag-portugal","tag-pt","tag-reality-show","tag-secret-story","tag-secret-story-casa-dos-segredos","tag-secret-story-desafio-final","tag-selfie","tag-ss","tag-tvi"],"share_on_mastodon":{"url":"https:\/\/pubeurope.com\/@pt\/116884773760928482","error":""},"_links":{"self":[{"href":"https:\/\/www.europesays.com\/pt\/wp-json\/wp\/v2\/posts\/443666","targetHints":{"allow":["GET"]}}],"collection":[{"href":"https:\/\/www.europesays.com\/pt\/wp-json\/wp\/v2\/posts"}],"about":[{"href":"https:\/\/www.europesays.com\/pt\/wp-json\/wp\/v2\/types\/post"}],"author":[{"embeddable":true,"href":"https:\/\/www.europesays.com\/pt\/wp-json\/wp\/v2\/users\/2"}],"replies":[{"embeddable":true,"href":"https:\/\/www.europesays.com\/pt\/wp-json\/wp\/v2\/comments?post=443666"}],"version-history":[{"count":0,"href":"https:\/\/www.europesays.com\/pt\/wp-json\/wp\/v2\/posts\/443666\/revisions"}],"wp:featuredmedia":[{"embeddable":true,"href":"https:\/\/www.europesays.com\/pt\/wp-json\/wp\/v2\/media\/443667"}],"wp:attachment":[{"href":"https:\/\/www.europesays.com\/pt\/wp-json\/wp\/v2\/media?parent=443666"}],"wp:term":[{"taxonomy":"category","embeddable":true,"href":"https:\/\/www.europesays.com\/pt\/wp-json\/wp\/v2\/categories?post=443666"},{"taxonomy":"post_tag","embeddable":true,"href":"https:\/\/www.europesays.com\/pt\/wp-json\/wp\/v2\/tags?post=443666"}],"curies":[{"name":"wp","href":"https:\/\/api.w.org\/{rel}","templated":true}]}}