{"id":443767,"date":"2026-07-08T15:48:12","date_gmt":"2026-07-08T15:48:12","guid":{"rendered":"https:\/\/www.europesays.com\/pt\/443767\/"},"modified":"2026-07-08T15:48:12","modified_gmt":"2026-07-08T15:48:12","slug":"primeiro-ministro-preve-gastar-31-do-pib-na-defesa-ainda-este-ano","status":"publish","type":"post","link":"https:\/\/www.europesays.com\/pt\/443767\/","title":{"rendered":"Primeiro-ministro prev\u00ea gastar 3,1% do PIB na defesa ainda este ano"},"content":{"rendered":"\n<p>&#13;<br \/>\n<b>Portugal dever\u00e1 gastar 3,1% do seu Produto Interno Bruto (PIB) em investimentos diretos em defesa e em infraestruturas de dupla utiliza\u00e7\u00e3o ainda este ano<\/b>, declarou o primeiro-ministro aos jornalistas durante a cimeira da NATO em Ancara, na Turquia, esta quarta-feira.&#13;\n<\/p>\n<p>&#8220;Temos desenhado j\u00e1 para este ano de 2026 o refor\u00e7o precisamente desse investimento, quer na componente exclusivamente dedicada \u00e0 Defesa, quer na componente de utiliza\u00e7\u00e3o dual, que vai fazer com que, de acordo com aquilo que \u00e9 a nossa estimativa e expectativa, no final deste ano o agregado destas duas componentes signifique cerca de 3,1% do nosso PIB j\u00e1 em 2026&#8221;, anunciou o chefe do executivo.<\/p>\n<p><b>Os gastos diretos com a defesa representar\u00e3o 2,1% do PIB, enquanto 1% ser\u00e1 alocado a investimentos em infraestruturas de dupla utiliza\u00e7\u00e3o, como as telecomunica\u00e7\u00f5es e a energia, explicou.<\/b>&#13;\n<\/p>\n<p>          <img decoding=\"async\" itemprop=\"image\" class=\"img-fluid\"   src=\"https:\/\/www.europesays.com\/pt\/wp-content\/uploads\/2026\/07\/d02044e5e6213fb772cb459b095fc377_N.jpg\"\/><\/p>\n<p>&#13;<br \/>\n&#8220;Estamos a falar de investimentos em infraestruturas de energia, de comunica\u00e7\u00f5es, de v\u00e1rias \u00e1reas setoriais do Governo. Investimentos que tamb\u00e9m s\u00e3o contabilizados para podermos atingir o objetivo que est\u00e1 determinado desde a Cimeira de Haia dos 5%. Como sabem, s\u00e3o 3,5% no investimento exclusivo em capacidades militares e 1,5% nas demais&#8221;, disse o primeiro-ministro.<br \/>&#13;\n<\/p>\n<p>&#13;<br \/>\n<b>Na cimeira da Alian\u00e7a em Ancara, o primeiro-ministro fez as contas ao refor\u00e7o deste ano e revelou que a matem\u00e1tica do Governo foi elogiada no encontro na Turquia.<\/b>&#13;\n<\/p>\n<p>&#13;<br \/>\n\u201cEsta cimeira foi uma oportunidade para n\u00f3s demonstrarmos a nossa trajet\u00f3ria de investimento e a sua credibilidade. Posso at\u00e9 partilhar que fomos alvo de um coment\u00e1rio muito positivo, diria mesmo elogioso, por parte do secret\u00e1rio-geral da NATO, relativamente \u00e0 fiabilidade do compromisso que assumimos e \u00e0 sua concretiza\u00e7\u00e3o\u201d, declarou.<br \/>&#13;<br \/>\n<b><br \/>&#13;<br \/>\nNo ano passado, as despesas de defesa ultrapassaram os seis mil milh\u00f5es de euros &#8211; o equivalente a 2,1% do PIB &#8211; permitindo ao pa\u00eds atingir, pela primeira vez, a meta de 2% estabelecida pela NATO.<\/b> Segundo as estimativas da NATO, o pa\u00eds gastou 4,48 mil milh\u00f5es de euros \u2013 1,58% do PIB \u2013 em 2024.<br \/>&#13;<br \/>\nMontenegro garante que NATO est\u00e1 unida<br \/>&#13;<br \/>\nO primeiro-ministro afirmou que h\u00e1 uma &#8220;unidade absoluta&#8221; na NATO quanto ao funcionamento e objetivos da Alian\u00e7a, frisando que n\u00e3o houve &#8220;nenhuma querela&#8221; ou diverg\u00eancia durante a cimeira dos l\u00edderes, numa alus\u00e3o a Trump, que voltou a tecer duras cr\u00edticas \u00e0 NATO.\u00a0&#13;\n<\/p>\n<p><b>&#8220;\u00c0 volta da mesa houve total converg\u00eancia, conson\u00e2ncia de pontos de vista sobre os assuntos que estavam a ser tratados. De todos, sem nenhuma exce\u00e7\u00e3o. N\u00e3o houve nenhuma querela, nem nenhuma pol\u00e9mica, nas interven\u00e7\u00f5es de todos os aliados&#8221;, assegurou.<\/b><\/p>\n<p>O primeiro-ministro frisou que, apesar de haver, \u00e0 margem, &#8220;algumas perturba\u00e7\u00f5es que acontecem e que muitas vezes retiram a aten\u00e7\u00e3o do que \u00e9 essencial&#8221;, a &#8220;unidade em volta dos objetivos e dos princ\u00edpios de funcionamento da Alian\u00e7a Atl\u00e2ntica foram absolutos&#8221;.<\/p>\n<p>&#8220;Eu vou repetir, porque foi mesmo assim: foram absolutos. <b>N\u00e3o houve uma \u00fanica diverg\u00eancia relativamente aos objetivos de aproximar o investimento da Europa do dos Estados Unidos da Am\u00e9rica<\/b>, do ponto de vista das capacidades, dos grandes objetivos que s\u00e3o a dissuas\u00e3o, a promo\u00e7\u00e3o da paz e das condi\u00e7\u00f5es que nos d\u00e3o a seguran\u00e7a para garantirmos os direitos fundamentais dos cidad\u00e3os&#8221;, afirmou.<\/p>\n<p>O primeiro-ministro referiu ainda que, durante a cimeira, todos os aliados reafirmaram o seu apoio \u00e0 Ucr\u00e2nia, &#8220;cuja luta e absolutamente crucial&#8221; para a seguran\u00e7a da Alian\u00e7a e para a preserva\u00e7\u00e3o dos seus &#8220;valores democr\u00e1ticos&#8221;.<\/p>\n<p>No \u00e2mbito desse apoio a Kiev, Lu\u00eds Montenegro referiu que Portugal se comprometeu a &#8220;reeditar em 2026 o apoio militar e financeiro&#8221; que forneceu em 2024 e 2025, mas aumentar\u00e1 a sua participa\u00e7\u00e3o no programa da NATO PURL, que coordena e compra e a entrega de equipamentos militares \u00e0 Ucr\u00e2nia, em mais 50 milh\u00f5es de euros.\u00a0&#13;\n<\/p>\n<p>Em rela\u00e7\u00e3o ao Ir\u00e3o, o primeiro-ministro n\u00e3o quis comentar diretamente o an\u00fancio de Donald Trump de que o cessar-fogo com o Ir\u00e3o terminou e que n\u00e3o quer negociar mais com o regime de Teer\u00e3o.<\/p>\n<p><b>Lu\u00eds Montenegro diz que a via diplom\u00e1tica deve ser a \u00fanica via independentemente do que considera serem algumas \u201cpol\u00e9micas intermitentes\u201d.<\/b><\/p>\n<p>c\/ag\u00eancias<br \/>&#13;<\/p>\n","protected":false},"excerpt":{"rendered":"&#13; Portugal dever\u00e1 gastar 3,1% do seu Produto Interno Bruto (PIB) em investimentos diretos em defesa e em&hellip;\n","protected":false},"author":2,"featured_media":443768,"comment_status":"","ping_status":"","sticky":false,"template":"","format":"standard","meta":{"footnotes":"","_share_on_mastodon":"0"},"categories":[50],"tags":[27,28,2537,15,16,14,25,26,21,22,9132,62,12,13,19,20,3658,23,24,17,18,29,30,31,63,64,65],"class_list":["post-443767","post","type-post","status-publish","format-standard","has-post-thumbnail","category-mundo","tag-breaking-news","tag-breakingnews","tag-defesa","tag-featured-news","tag-featurednews","tag-headlines","tag-latest-news","tag-latestnews","tag-main-news","tag-mainnews","tag-montenegro","tag-mundo","tag-news","tag-noticias","tag-noticias-principais","tag-noticiasprincipais","tag-pib","tag-principais-noticias","tag-principaisnoticias","tag-top-stories","tag-topstories","tag-ultimas","tag-ultimas-noticias","tag-ultimasnoticias","tag-world","tag-world-news","tag-worldnews"],"share_on_mastodon":{"url":"https:\/\/pubeurope.com\/@pt\/116885147863417662","error":""},"_links":{"self":[{"href":"https:\/\/www.europesays.com\/pt\/wp-json\/wp\/v2\/posts\/443767","targetHints":{"allow":["GET"]}}],"collection":[{"href":"https:\/\/www.europesays.com\/pt\/wp-json\/wp\/v2\/posts"}],"about":[{"href":"https:\/\/www.europesays.com\/pt\/wp-json\/wp\/v2\/types\/post"}],"author":[{"embeddable":true,"href":"https:\/\/www.europesays.com\/pt\/wp-json\/wp\/v2\/users\/2"}],"replies":[{"embeddable":true,"href":"https:\/\/www.europesays.com\/pt\/wp-json\/wp\/v2\/comments?post=443767"}],"version-history":[{"count":0,"href":"https:\/\/www.europesays.com\/pt\/wp-json\/wp\/v2\/posts\/443767\/revisions"}],"wp:featuredmedia":[{"embeddable":true,"href":"https:\/\/www.europesays.com\/pt\/wp-json\/wp\/v2\/media\/443768"}],"wp:attachment":[{"href":"https:\/\/www.europesays.com\/pt\/wp-json\/wp\/v2\/media?parent=443767"}],"wp:term":[{"taxonomy":"category","embeddable":true,"href":"https:\/\/www.europesays.com\/pt\/wp-json\/wp\/v2\/categories?post=443767"},{"taxonomy":"post_tag","embeddable":true,"href":"https:\/\/www.europesays.com\/pt\/wp-json\/wp\/v2\/tags?post=443767"}],"curies":[{"name":"wp","href":"https:\/\/api.w.org\/{rel}","templated":true}]}}