{"id":443769,"date":"2026-07-08T15:51:27","date_gmt":"2026-07-08T15:51:27","guid":{"rendered":"https:\/\/www.europesays.com\/pt\/443769\/"},"modified":"2026-07-08T15:51:27","modified_gmt":"2026-07-08T15:51:27","slug":"digi-lanca-novo-net-fixa-5g-com-preco-que-nao-vai-acreditar","status":"publish","type":"post","link":"https:\/\/www.europesays.com\/pt\/443769\/","title":{"rendered":"Digi lan\u00e7a novo &#8220;Net Fixa 5G&#8221; com pre\u00e7o que n\u00e3o vai acreditar"},"content":{"rendered":"<p>A DIGI volta a agitar o mercado das telecomunica\u00e7\u00f5es em Portugal com o lan\u00e7amento do novo servi\u00e7o Net Fixa 5G, uma alternativa para quem ainda n\u00e3o tem cobertura de fibra \u00f3tica. E o pre\u00e7o? Fique a saber tudo.<\/p>\n<p><a target=\"_blank\" href=\"https:\/\/www.europesays.com\/pt\/wp-content\/uploads\/2025\/12\/DIGI_Capa-1-720x405-1.jpg\" onclick=\"refreshIframe()\" class=\"foobox\"><img fetchpriority=\"high\" decoding=\"async\" src=\"https:\/\/www.europesays.com\/pt\/wp-content\/uploads\/2025\/12\/DIGI_Capa-1-720x405-1.jpg\" alt=\"Digi lan\u00e7a novo &quot;Net Fixa 5G&quot; com pre\u00e7o estrondoso\" width=\"720\" height=\"405\" class=\"aligncenter wp-image-1069226 size-full\"  \/><\/a><\/p>\n<p>DIGI lan\u00e7a &#8220;Net Fixa 5G&#8221; por apenas 5\u20ac\/m\u00eas<\/p>\n<p>A expans\u00e3o da rede de fibra demora tempo e nem todas as zonas do pa\u00eds j\u00e1 est\u00e3o cobertas. Para responder a esse problema, a DIGI disponibilizou a Net Fixa 5G, um servi\u00e7o de internet residencial que utiliza a rede m\u00f3vel 4G\/5G em vez da tradicional fibra \u00f3tica.<\/p>\n<p><strong>O servi\u00e7o custa 5 \u20ac\/m\u00eas, inclui internet ilimitada e um router 5G, sem custos de instala\u00e7\u00e3o. A instala\u00e7\u00e3o \u00e9 feita pelo pr\u00f3prio utilizador, bastando ligar o equipamento numa zona da casa com boa rece\u00e7\u00e3o de sinal.<\/strong><\/p>\n<p><a target=\"_blank\" href=\"https:\/\/pplware.sapo.pt\/wp-content\/uploads\/2015\/04\/digi_carrinha_pplware-3.jpg\" onclick=\"refreshIframe()\" class=\"foobox\" rel=\"nofollow noopener\"><img loading=\"lazy\" decoding=\"async\" src=\"https:\/\/www.europesays.com\/pt\/wp-content\/uploads\/2025\/11\/digi_carrinha_pplware-3-720x405.jpg\" alt=\"Digi lan\u00e7a novo &quot;Net Fixa 5G&quot; com pre\u00e7o estrondoso\" width=\"720\" height=\"405\" class=\"aligncenter wp-image-1030631 size-medium\"  \/><\/a><\/p>\n<p>Entre as principais caracter\u00edsticas destacam-se:<\/p>\n<ul>\n<li>Internet ilimitada;<\/li>\n<li>Pre\u00e7o de 5 \u20ac\/m\u00eas;<\/li>\n<li>Router 5G inclu\u00eddo;<\/li>\n<li>Autoinstala\u00e7\u00e3o;<\/li>\n<li>Fideliza\u00e7\u00e3o de apenas 3 meses;<\/li>\n<li>Dispon\u00edvel em moradas sem cobertura de fibra, desde que exista cobertura m\u00f3vel 4G\/5G da DIGI.<\/li>\n<\/ul>\n<p>Em termos de desempenho, a operadora anuncia velocidades de at\u00e9 50 Mbps de download e 10 Mbps de upload. Como acontece em qualquer acesso m\u00f3vel, a velocidade depender\u00e1 da cobertura existente, da dist\u00e2ncia \u00e0 antena e da utiliza\u00e7\u00e3o da rede na zona.<\/p>\n<p>Pode verificar a cobertura e conhecer todos os detalhes do servi\u00e7o no site oficial da DIGI <a target=\"_blank\" href=\"https:\/\/www.digi.pt\/cobertura-internet\" rel=\"nofollow noopener\">aqui<\/a>.<\/p>\n","protected":false},"excerpt":{"rendered":"A DIGI volta a agitar o mercado das telecomunica\u00e7\u00f5es em Portugal com o lan\u00e7amento do novo servi\u00e7o Net&hellip;\n","protected":false},"author":2,"featured_media":179135,"comment_status":"","ping_status":"","sticky":false,"template":"","format":"standard","meta":{"footnotes":"","_share_on_mastodon":"0"},"categories":[8],"tags":[27,28,7513,15,16,14,25,26,21,22,12,13,19,20,32,23,24,33,17,18,29,30,31],"class_list":["post-443769","post","type-post","status-publish","format-standard","has-post-thumbnail","category-principais-noticias","tag-breaking-news","tag-breakingnews","tag-digi","tag-featured-news","tag-featurednews","tag-headlines","tag-latest-news","tag-latestnews","tag-main-news","tag-mainnews","tag-news","tag-noticias","tag-noticias-principais","tag-noticiasprincipais","tag-portugal","tag-principais-noticias","tag-principaisnoticias","tag-pt","tag-top-stories","tag-topstories","tag-ultimas","tag-ultimas-noticias","tag-ultimasnoticias"],"share_on_mastodon":{"url":"https:\/\/pubeurope.com\/@pt\/116885159569142902","error":""},"_links":{"self":[{"href":"https:\/\/www.europesays.com\/pt\/wp-json\/wp\/v2\/posts\/443769","targetHints":{"allow":["GET"]}}],"collection":[{"href":"https:\/\/www.europesays.com\/pt\/wp-json\/wp\/v2\/posts"}],"about":[{"href":"https:\/\/www.europesays.com\/pt\/wp-json\/wp\/v2\/types\/post"}],"author":[{"embeddable":true,"href":"https:\/\/www.europesays.com\/pt\/wp-json\/wp\/v2\/users\/2"}],"replies":[{"embeddable":true,"href":"https:\/\/www.europesays.com\/pt\/wp-json\/wp\/v2\/comments?post=443769"}],"version-history":[{"count":0,"href":"https:\/\/www.europesays.com\/pt\/wp-json\/wp\/v2\/posts\/443769\/revisions"}],"wp:featuredmedia":[{"embeddable":true,"href":"https:\/\/www.europesays.com\/pt\/wp-json\/wp\/v2\/media\/179135"}],"wp:attachment":[{"href":"https:\/\/www.europesays.com\/pt\/wp-json\/wp\/v2\/media?parent=443769"}],"wp:term":[{"taxonomy":"category","embeddable":true,"href":"https:\/\/www.europesays.com\/pt\/wp-json\/wp\/v2\/categories?post=443769"},{"taxonomy":"post_tag","embeddable":true,"href":"https:\/\/www.europesays.com\/pt\/wp-json\/wp\/v2\/tags?post=443769"}],"curies":[{"name":"wp","href":"https:\/\/api.w.org\/{rel}","templated":true}]}}