{"id":443790,"date":"2026-07-08T16:19:12","date_gmt":"2026-07-08T16:19:12","guid":{"rendered":"https:\/\/www.europesays.com\/pt\/443790\/"},"modified":"2026-07-08T16:19:12","modified_gmt":"2026-07-08T16:19:12","slug":"criancas-e-idosos-representam-753-das-internacoes-por-doencas-respiratorias-em-porto-alegre","status":"publish","type":"post","link":"https:\/\/www.europesays.com\/pt\/443790\/","title":{"rendered":"Crian\u00e7as e idosos representam 75,3% das interna\u00e7\u00f5es por doen\u00e7as respirat\u00f3rias em Porto Alegre"},"content":{"rendered":"<p>De acordo com a prefeitura, as doen\u00e7as respirat\u00f3rias e s\u00edndromes gripais apresentaram crescimento expressivo em Porto Alegre ao longo do primeiro semestre de 2026, per\u00edodo em que foram registradas 6.078 hospitaliza\u00e7\u00f5es somente na Capital. Dados do sistema de regula\u00e7\u00e3o de interna\u00e7\u00f5es hospitalares da Secretaria Municipal de Sa\u00fade (SMS) apontam que, deste total, 75,3% ocorreram em crian\u00e7as menores de 5 anos e pessoas acima de 60 anos.<\/p>\n<p>A m\u00e9dia geral de interna\u00e7\u00f5es di\u00e1rias por doen\u00e7as respirat\u00f3rias e s\u00edndromes gripais no primeiro semestre foi de 53,60. A evolu\u00e7\u00e3o dos indicadores demonstra acelera\u00e7\u00e3o ao longo do \u00faltimo trimestre. Em abril, a m\u00e9dia foi de 33,53 interna\u00e7\u00f5es por dia. Em maio, o \u00edndice subiu para 41,68. Em junho, chegou a 53,50 hospitaliza\u00e7\u00f5es, enquanto que, nos \u00faltimos sete dias do m\u00eas, o indicador ficou em 53,80 interna\u00e7\u00f5es di\u00e1rias, um aumento de 60% em rela\u00e7\u00e3o a abril.<\/p>\n<p>As faixas et\u00e1rias mais impactadas foram crian\u00e7as de at\u00e9 5 anos, com m\u00e9dia de 12,28 interna\u00e7\u00f5es di\u00e1rias, seguidas por pessoas entre 60 e 74 anos, com 7,20 interna\u00e7\u00f5es por dia, e idosos com 75 anos ou mais, com m\u00e9dia de 5,80. Esses grupos est\u00e3o entre os principais da vacina\u00e7\u00e3o contra a Influenza, mas com indicadores baixos de cobertura.<\/p>\n<p>&#8220;Os meses de outono e inverno historicamente registram aumento na circula\u00e7\u00e3o de v\u00edrus respirat\u00f3rios. Por isso, refor\u00e7amos o chamado para que a popula\u00e7\u00e3o mantenha a vacina\u00e7\u00e3o em dia e adote medidas de preven\u00e7\u00e3o, especialmente entre os grupos mais vulner\u00e1veis&#8221;, alerta o secret\u00e1rio municipal de Sa\u00fade, Fernando Ritter.<\/p>\n<p>Vacina\u00e7\u00e3o <\/p>\n<p>Entre as principais recomenda\u00e7\u00f5es est\u00e3o a vacina\u00e7\u00e3o contra gripe, liberada para toda a popula\u00e7\u00e3o, Covid-19, bronquiolite (V\u00edrus Sincicial Respirat\u00f3rio) e pneumoc\u00f3cica 20-valente para os grupos indicados, al\u00e9m da higieniza\u00e7\u00e3o frequente das m\u00e3os, a etiqueta respirat\u00f3ria ao tossir ou espirrar e a busca por atendimento m\u00e9dico em caso de agravamento dos sintomas.<\/p>\n<p>\u2022\u2022 <strong>Onde tomar vacinas contra doen\u00e7as respirat\u00f3rias pelo SUS:<\/strong><\/p>\n<p><strong>\u2022 Gripe<\/strong>: Todas as 132 unidades de sa\u00fade t\u00eam vacina contra a gripe (Influenza A e B), que est\u00e1 liberada para todas as pessoas acima de seis meses de idade. Podem ser aplicadas durante a semana, inclusive \u00e0 noite em unidades com hor\u00e1rios estendidos at\u00e9 as 22h, ou aos fins de semana durante a Opera\u00e7\u00e3o Inverno.<\/p>\n<p><strong>\u2022 Pneumo 20<\/strong>: Desde o in\u00edcio de julho, todas as 132 unidades de sa\u00fade t\u00eam vacina pneumoc\u00f3cica 20-valente. Ela \u00e9 indicada como rotina para crian\u00e7as de 2 meses a menores de 5 anos e para pessoas com condi\u00e7\u00f5es cl\u00ednicas especiais a partir de 5 anos, protegendo contra 20 sorotipos da bact\u00e9ria Streptococcus pneumoniae (pneumococo), principal causadora de doen\u00e7as graves como pneumonia e meningite. Podem ser tomadas durante a semana, inclusive \u00e0 noite em unidades com hor\u00e1rios estendidos at\u00e9 as 22h, ou aos fins de semana durante a Opera\u00e7\u00e3o Inverno.<\/p>\n<p>\u2022 <strong>Vacina contra bronquiolite<\/strong>: Todas as 132 unidades de sa\u00fade t\u00eam vacina contra a bronquiolite (V\u00edrus Sincicial Respirat\u00f3rio &#8211; VSR). \u00c9 destinada a gestantes a partir da 28\u00aa semana. A m\u00e3e produz anticorpos contra o v\u00edrus, que s\u00e3o transferidos ao beb\u00ea pelo cord\u00e3o umbilical. Podem ser tomadas durante a semana, inclusive \u00e0 noite em unidades com hor\u00e1rios estendidos at\u00e9 as 22h, ou aos fins de semana durante a Opera\u00e7\u00e3o Inverno.<\/p>\n<p>\u2022 <strong>Covid<\/strong>: Est\u00e1 dispon\u00edvel para crian\u00e7as acima de seis meses e menores de 5 anos, al\u00e9m de pessoas acima de 60 anos, residentes em institui\u00e7\u00f5es de longa perman\u00eancia, gestantes, pu\u00e9rperas, pessoas com defici\u00eancia ou comorbidades, imunocomprometidas, trabalhadores da sa\u00fade, entre outras eleg\u00edveis. Podem ser tomadas durante a semana em unidades espec\u00edficas (confira aqui), inclusive \u00e0 noite naquelas com hor\u00e1rios estendidos at\u00e9 as 22h, ou aos fins de semana durante a Opera\u00e7\u00e3o Inverno.<\/p>\n<p>Veja Tamb\u00e9m<\/p>\n","protected":false},"excerpt":{"rendered":"De acordo com a prefeitura, as doen\u00e7as respirat\u00f3rias e s\u00edndromes gripais apresentaram crescimento expressivo em Porto Alegre ao&hellip;\n","protected":false},"author":2,"featured_media":120166,"comment_status":"","ping_status":"","sticky":false,"template":"","format":"standard","meta":{"footnotes":"","_share_on_mastodon":"0"},"categories":[86],"tags":[1665,2641,1060,1418,22470,116,1491,19058,2879,32,33,117,1457,20717,17268,1333],"class_list":["post-443790","post","type-post","status-publish","format-standard","has-post-thumbnail","category-saude","tag-cidades","tag-covid-19","tag-doencas-respiratorias","tag-gripe","tag-gripes","tag-health","tag-idoso","tag-jovem","tag-pneumonia","tag-portugal","tag-pt","tag-saude","tag-secretaria","tag-secretaria-municipal-de-saude","tag-sms","tag-vacina"],"share_on_mastodon":{"url":"https:\/\/pubeurope.com\/@pt\/116885269130588070","error":""},"_links":{"self":[{"href":"https:\/\/www.europesays.com\/pt\/wp-json\/wp\/v2\/posts\/443790","targetHints":{"allow":["GET"]}}],"collection":[{"href":"https:\/\/www.europesays.com\/pt\/wp-json\/wp\/v2\/posts"}],"about":[{"href":"https:\/\/www.europesays.com\/pt\/wp-json\/wp\/v2\/types\/post"}],"author":[{"embeddable":true,"href":"https:\/\/www.europesays.com\/pt\/wp-json\/wp\/v2\/users\/2"}],"replies":[{"embeddable":true,"href":"https:\/\/www.europesays.com\/pt\/wp-json\/wp\/v2\/comments?post=443790"}],"version-history":[{"count":0,"href":"https:\/\/www.europesays.com\/pt\/wp-json\/wp\/v2\/posts\/443790\/revisions"}],"wp:featuredmedia":[{"embeddable":true,"href":"https:\/\/www.europesays.com\/pt\/wp-json\/wp\/v2\/media\/120166"}],"wp:attachment":[{"href":"https:\/\/www.europesays.com\/pt\/wp-json\/wp\/v2\/media?parent=443790"}],"wp:term":[{"taxonomy":"category","embeddable":true,"href":"https:\/\/www.europesays.com\/pt\/wp-json\/wp\/v2\/categories?post=443790"},{"taxonomy":"post_tag","embeddable":true,"href":"https:\/\/www.europesays.com\/pt\/wp-json\/wp\/v2\/tags?post=443790"}],"curies":[{"name":"wp","href":"https:\/\/api.w.org\/{rel}","templated":true}]}}