{"id":443886,"date":"2026-07-08T18:00:09","date_gmt":"2026-07-08T18:00:09","guid":{"rendered":"https:\/\/www.europesays.com\/pt\/443886\/"},"modified":"2026-07-08T18:00:09","modified_gmt":"2026-07-08T18:00:09","slug":"lore-improta-faz-relato-de-parto-do-filho-levi-fiz-tudo-o-que-eu-pude","status":"publish","type":"post","link":"https:\/\/www.europesays.com\/pt\/443886\/","title":{"rendered":"Lore Improta faz relato de parto do filho Levi: &#8216;Fiz tudo o que eu pude&#8217;"},"content":{"rendered":"<p class=\"wp-block-paragraph\">Em seu canal no Youtube, Lore Improta publicou um v\u00eddeo em que faz o relato de parto do filho Levi, atualmente com um m\u00eas. Casada com L\u00e9o Santana, ela tamb\u00e9m \u00e9 m\u00e3e de Liz, de quatro anos de idade.<\/p>\n<p class=\"has-luminous-vivid-orange-color has-text-color has-link-color wp-elements-23c8d24934ebd6a82851705809eda15a wp-block-paragraph\"><strong><a href=\"https:\/\/chat.whatsapp.com\/FnDWEihz4meDvhNL3hsfMi\" target=\"_blank\" rel=\"noreferrer noopener nofollow\">Receba as Not\u00edcias de OFuxico em seu celular<\/a><\/strong><\/p>\n<p class=\"wp-block-paragraph\">Na ocasi\u00e3o, a dan\u00e7arina contou que pretendia ter um parto normal, como o nascimento de sua primeira filha, por\u00e9m as coisas n\u00e3o sa\u00edram como o esperado.<\/p>\n<p class=\"wp-block-paragraph\">\u201cMe preparei, de fato, para um parto normal e tinha certeza que iria conseguir um parto normal novamente. No dia 25 de maio, as  contra\u00e7\u00f5es chegaram. A gente combinou de ir para o hospital assim que eu come\u00e7asse a sentir contra\u00e7\u00f5es com mais dor, para n\u00e3o preocupar a Liz. Ent\u00e3o, quando era umas 16h30, 17h, n\u00f3s fomos para o hospital. As contra\u00e7\u00f5es foram aumentando, comecei a fazer alguns exerc\u00edcios no quarto. Depois que a bolsa estourou, eu comecei a ter contra\u00e7\u00f5es muito fortes. Isso j\u00e1 era quase meia noite, uma hora da manh\u00e3\u201d, come\u00e7ou ela.<\/p>\n<p class=\"has-luminous-vivid-orange-color has-text-color has-link-color wp-elements-d410e26e9328cd4a2971b3acf9a88757 wp-block-paragraph\"><strong><a href=\"https:\/\/ofuxico.com.br\/noticias\/lore-improta-desabafa-sobre-parto-do-filho-cacula-desgastante-e-cansativo\/\" rel=\"nofollow noopener\" target=\"_blank\">Lore Improta desabafa sobre parto do filho ca\u00e7ula: \u2018Desgastante e cansativo\u2019<\/a><\/strong><\/p>\n<p class=\"wp-block-paragraph\">Em seguida, a famosa contou que optou por tomar a anestesia.<\/p>\n<p class=\"wp-block-paragraph\">\u201cCome\u00e7ou a doer muito e minha m\u00e9dica sugeriu a anestesia. Tomei a anestesia com cinco cent\u00edmetros de dilata\u00e7\u00e3o. Mas a\u00ed tudo come\u00e7ou a desandar. Eu tive uma rea\u00e7\u00e3o \u00e0 anestesia, comecei a ter uma tremedeira muito forte. Eu ainda consegui evoluir para nove cent\u00edmetros de dilata\u00e7\u00e3o porque eu estava me esfor\u00e7ando muito para conseguir chegar l\u00e1. Al\u00e9m disso, eu comecei a ter formigamento, queda de press\u00e3o e chegou uma hora que eu n\u00e3o conseguia andar, isso come\u00e7ou a me deixar muito agoniada\u201d, contou.<\/p>\n<p>Momentos de tens\u00e3o<\/p>\n<p class=\"wp-block-paragraph\">Al\u00e9m de todas as rea\u00e7\u00f5es ruins, Lore tamb\u00e9m se preocupou ao saber que os batimentos card\u00edacos do beb\u00ea estavam elevados. Durante o relato, ela mostrou alguns v\u00eddeos do nascimento de Levi. Em um deles, ela surgiu chorando e falando que estava com medo.<\/p>\n<p class=\"wp-block-paragraph\">\u201cDepois, tomei uma dose menor da anestesia e consegui levantar. Umas 7h da manh\u00e3, eu pedi para L\u00e9o colocar um forr\u00f3 porque eu queria dan\u00e7ar. Depois da dan\u00e7a, fomos ouvir os batimentos card\u00edacos de Levi e come\u00e7ou a aumentar muito. Eu achei que era porque eu tinha dan\u00e7ado, minha m\u00e9dica pediu para eu deitar e relaxar um pouco. Escutamos os batimentos de Levi mais umas duas vezes e continuava muito elevado\u201d.<\/p>\n<p class=\"has-luminous-vivid-orange-color has-text-color has-link-color wp-elements-32bd7eff5748d5172b03b6e630c887b5 wp-block-paragraph\"><strong><a href=\"https:\/\/ofuxico.com.br\/saude-e-beleza\/lore-improta-celebra-volta-aos-treinos-apos-o-nascimento-do-filho-cacula\/\" rel=\"nofollow noopener\" target=\"_blank\">Lore celebra volta aos treinos ap\u00f3s o nascimento do filho ca\u00e7ula<\/a><\/strong><\/p>\n<p class=\"has-luminous-vivid-orange-color has-text-color has-link-color wp-elements-dec4ac9f65cda25543d5b632af0d737f wp-block-paragraph\"><strong><a href=\"https:\/\/ofuxico.com.br\/noticias\/lore-improta-compara-evolucao-do-corpo-apos-as-gestacoes\/\" rel=\"nofollow noopener\" target=\"_blank\">A dan\u00e7arina compara evolu\u00e7\u00e3o do corpo ap\u00f3s as gesta\u00e7\u00f5es<\/a><\/strong><\/p>\n<p class=\"has-luminous-vivid-orange-color has-text-color has-link-color wp-elements-f22e06288fbbbaeee4100cbd45de2ea4 wp-block-paragraph\"><strong><a href=\"https:\/\/ofuxico.com.br\/noticias\/lore-improta-explica-como-divide-a-atencao-entre-os-dois-filhos-tem-dado-certo\/\" rel=\"nofollow noopener\" target=\"_blank\">A famosa explica como divide a aten\u00e7\u00e3o entre os dois filhos: \u2018Tem dado certo\u2019<\/a><\/strong><\/p>\n<p class=\"wp-block-paragraph\">Por fim, eles descobriram que Levi estava em uma posi\u00e7\u00e3o dif\u00edcil para nascer de parto normal. Lore decidiu ir para a ces\u00e1rea, mas confessou que teve uma certa frustra\u00e7\u00e3o por n\u00e3o conseguir o parto normal.<\/p>\n<p class=\"wp-block-paragraph\">\u201cMinha m\u00e9dica chamou uma outra m\u00e9dica amiga dela. E ela me disse assim: \u2018Olha, Levi est\u00e1 na posi\u00e7\u00e3o posterior direita. Ele ainda vai demorar para descer, mas ele est\u00e1 com taquicardia\u2019. A\u00ed eu pedi direcionamento para Deus e quando eu pensei na ces\u00e1rea, me veio uma paz. E eu decidi ir para ces\u00e1rea, eu estava pensando no bem estar do meu filho. Hoje eu consigo olhar com carinho para isso e entender que eu fiz tudo o que eu pude. Foi da maneira que teve que ser\u201d, concluiu.<\/p>\n","protected":false},"excerpt":{"rendered":"Em seu canal no Youtube, Lore Improta publicou um v\u00eddeo em que faz o relato de parto do&hellip;\n","protected":false},"author":2,"featured_media":443887,"comment_status":"","ping_status":"","sticky":false,"template":"","format":"standard","meta":{"footnotes":"","_share_on_mastodon":"0"},"categories":[145],"tags":[211,210,3864,114,115,13,32,33,71394,3004],"class_list":["post-443886","post","type-post","status-publish","format-standard","has-post-thumbnail","category-celebridades","tag-celebridades","tag-celebrities","tag-desabafo","tag-entertainment","tag-entretenimento","tag-noticias","tag-portugal","tag-pt","tag-relato-de-parto","tag-youtube"],"share_on_mastodon":{"url":"https:\/\/pubeurope.com\/@pt\/116885666357963444","error":""},"_links":{"self":[{"href":"https:\/\/www.europesays.com\/pt\/wp-json\/wp\/v2\/posts\/443886","targetHints":{"allow":["GET"]}}],"collection":[{"href":"https:\/\/www.europesays.com\/pt\/wp-json\/wp\/v2\/posts"}],"about":[{"href":"https:\/\/www.europesays.com\/pt\/wp-json\/wp\/v2\/types\/post"}],"author":[{"embeddable":true,"href":"https:\/\/www.europesays.com\/pt\/wp-json\/wp\/v2\/users\/2"}],"replies":[{"embeddable":true,"href":"https:\/\/www.europesays.com\/pt\/wp-json\/wp\/v2\/comments?post=443886"}],"version-history":[{"count":0,"href":"https:\/\/www.europesays.com\/pt\/wp-json\/wp\/v2\/posts\/443886\/revisions"}],"wp:featuredmedia":[{"embeddable":true,"href":"https:\/\/www.europesays.com\/pt\/wp-json\/wp\/v2\/media\/443887"}],"wp:attachment":[{"href":"https:\/\/www.europesays.com\/pt\/wp-json\/wp\/v2\/media?parent=443886"}],"wp:term":[{"taxonomy":"category","embeddable":true,"href":"https:\/\/www.europesays.com\/pt\/wp-json\/wp\/v2\/categories?post=443886"},{"taxonomy":"post_tag","embeddable":true,"href":"https:\/\/www.europesays.com\/pt\/wp-json\/wp\/v2\/tags?post=443886"}],"curies":[{"name":"wp","href":"https:\/\/api.w.org\/{rel}","templated":true}]}}